{"id":261,"date":"2017-01-16T09:16:00","date_gmt":"2017-01-16T08:16:00","guid":{"rendered":"http:\/\/stansgar.katolsk.no\/index.php\/2017\/01\/16\/kunngjringer-sndag-15-januar-2017\/"},"modified":"2018-10-12T09:12:25","modified_gmt":"2018-10-12T07:12:25","slug":"kunngjringer-sndag-15-januar-2017","status":"publish","type":"post","link":"https:\/\/stansgar.katolsk.no\/?p=261","title":{"rendered":"KUNNGJ\u00d8RINGER S\u00d8NDAG 15. JANUAR 2017"},"content":{"rendered":"<div class=\"MsoNormal\" style=\"background-color: white; color: #222222; font-size: 12.8px;\">\n<\/div>\n<div class=\"MsoNormal\" style=\"background-color: white; color: #222222; font-size: 12.8px;\">\n<\/div>\n<div class=\"MsoNormal\" style=\"background-color: white; color: #222222; font-size: 12.8px;\">\n<\/div>\n<div class=\"MsoNormal\" style=\"background-color: white; color: #222222; font-size: 12.8px;\">\n<\/div>\n<div class=\"MsoNormal\" style=\"background-color: white; color: #222222; font-size: 12.8px;\">\nDenne uken er det messe<b> tirsdag til fredag kl. 18.<\/b><u><\/u><u><\/u><\/div>\n<div class=\"MsoNormal\" style=\"background-color: white; color: #222222; font-size: 12.8px;\">\n<\/div>\n<div class=\"MsoNormal\" style=\"background-color: white; color: #222222; font-size: 12.8px;\">\n<\/div>\n<div class=\"MsoNormal\" style=\"background-color: white; color: #222222; font-size: 12.8px;\">\n<\/div>\n<div class=\"MsoNormal\" style=\"background-color: white; color: #222222; font-size: 12.8px;\">\n<b>Torsdag 19. januar<\/b> er det messe kl. 11 og felles lunch etterp\u00e5.<u><\/u><u><\/u><\/div>\n<div class=\"MsoNormal\" style=\"background-color: white; color: #222222; font-size: 12.8px;\">\n<\/div>\n<div class=\"MsoNormal\" style=\"background-color: white; color: #222222; font-size: 12.8px;\">\n<\/div>\n<div class=\"MsoNormal\" style=\"background-color: white; color: #222222; font-size: 12.8px;\">\n<\/div>\n<div class=\"MsoNormal\" style=\"background-color: white; color: #222222; font-size: 12.8px;\">\n<\/div>\n<div class=\"MsoNormal\" style=\"background-color: white; color: #222222; font-size: 12.8px;\">\n<b>L\u00f8rdag 21. januar<\/b> er det katekese for konfirmantene,<u><\/u><u><\/u><\/div>\n<div class=\"MsoNormal\" style=\"background-color: white; color: #222222; font-size: 12.8px;\">\n8. og 9. klasse. Kl. 11-15<u><\/u><u><\/u><\/div>\n<div class=\"MsoNormal\" style=\"background-color: white; color: #222222; font-size: 12.8px;\">\n<\/div>\n<div class=\"MsoNormal\" style=\"background-color: white; color: #222222; font-size: 12.8px;\">\n<b>L\u00f8rdag 21. januar<\/b> er det messe p\u00e5 kroatisk kl. 11.00<\/div>\n<div class=\"MsoNormal\" style=\"background-color: white; color: #222222; font-size: 12.8px;\">\n<\/div>\n<div class=\"MsoNormal\" style=\"background-color: white; color: #222222; font-size: 12.8px;\">\n<b>L\u00f8rdag 21. januar<\/b> er det messe p\u00e5 spansk kl. 14.00<u><\/u><u><\/u><\/div>\n<div class=\"MsoNormal\" style=\"background-color: white; color: #222222; font-size: 12.8px;\">\n<\/div>\n<div class=\"MsoNormal\" style=\"background-color: white; color: #222222; font-size: 12.8px;\">\n<\/div>\n<div class=\"MsoNormal\" style=\"background-color: white; color: #222222; font-size: 12.8px;\">\n<\/div>\n<div class=\"MsoNormal\" style=\"background-color: white; color: #222222; font-size: 12.8px;\">\n<b>S\u00f8ndag 22. januar<\/b> starter unge voksne gruppen opp igjen etter juleferien. Alle fra 18 \u00e5r og oppover er velkommen til mat og fellesskap etter kveldsmessen p\u00e5 engelsk. Fra kl. 19 til ca. 21.30<u><\/u><u><\/u><\/div>\n<div class=\"MsoNormal\" style=\"background-color: white; color: #222222; font-size: 12.8px;\">\n<\/div>\n<div class=\"MsoNormal\" style=\"background-color: white; color: #222222; font-size: 12.8px;\">\n<\/div>\n<div class=\"MsoNormal\" style=\"background-color: white; color: #222222; font-size: 12.8px;\">\n<\/div>\n<div class=\"MsoNormal\" style=\"background-color: white; color: #222222; font-size: 12.8px;\">\n<\/div>\n<div class=\"MsoNormal\" style=\"background-color: white; color: #222222; font-size: 12.8px;\">\n<b>Helgen 17. til 19. februar kommer dominikanerpater Haavar Simon Nilsen til Stella Maris for \u00e5 lede retrett for alle interesserte.<\/b> Det vil bli en helg med liturgi, stillhet, b\u00f8nn, refleksjon og sosialt fellesskap. Pater Haavar vil holde refleksjoner og prekener, feire liturgiene samt v\u00e6re tilgjengelig for individuelle samtaler. For p\u00e5melding, se plakat i gangen. Deltakeravgift er 500,- som inkluderer mat og overnatting p\u00e5 Stella Maris. NB begrenset antall plasser.<u><\/u><u><\/u><\/div>\n<div class=\"MsoNormal\" style=\"background-color: white; color: #222222; font-family: arial, sans-serif; font-size: 12.8px;\">\n<\/div>\n<div class=\"MsoNormal\" style=\"background-color: white; color: #222222; font-family: arial, sans-serif; font-size: 12.8px;\">\n<\/div>\n<div class=\"MsoNormal\" style=\"background-color: white; color: #222222; font-family: arial, sans-serif; font-size: 12.8px;\">\n<\/div>\n","protected":false},"excerpt":{"rendered":"<p>Denne uken er det messe tirsdag til fredag kl. 18. Torsdag 19. januar er det messe kl. 11 og felles lunch etterp\u00e5. L\u00f8rdag 21. januar er det katekese for konfirmantene, 8. og 9. klasse. Kl. 11-15 L\u00f8rdag 21. januar er&#8230;<br \/><a class=\"read-more-button\" href=\"https:\/\/stansgar.katolsk.no\/?p=261\">Read more<\/a><\/p>\n","protected":false},"author":3,"featured_media":0,"comment_status":"open","ping_status":"open","sticky":false,"template":"","format":"standard","meta":{"footnotes":""},"categories":[1],"tags":[3],"class_list":["post-261","post","type-post","status-publish","format-standard","hentry","category-ukategorisert","tag-kunngjoringer"],"_links":{"self":[{"href":"https:\/\/stansgar.katolsk.no\/index.php?rest_route=\/wp\/v2\/posts\/261","targetHints":{"allow":["GET"]}}],"collection":[{"href":"https:\/\/stansgar.katolsk.no\/index.php?rest_route=\/wp\/v2\/posts"}],"about":[{"href":"https:\/\/stansgar.katolsk.no\/index.php?rest_route=\/wp\/v2\/types\/post"}],"author":[{"embeddable":true,"href":"https:\/\/stansgar.katolsk.no\/index.php?rest_route=\/wp\/v2\/users\/3"}],"replies":[{"embeddable":true,"href":"https:\/\/stansgar.katolsk.no\/index.php?rest_route=%2Fwp%2Fv2%2Fcomments&post=261"}],"version-history":[{"count":1,"href":"https:\/\/stansgar.katolsk.no\/index.php?rest_route=\/wp\/v2\/posts\/261\/revisions"}],"predecessor-version":[{"id":1900,"href":"https:\/\/stansgar.katolsk.no\/index.php?rest_route=\/wp\/v2\/posts\/261\/revisions\/1900"}],"wp:attachment":[{"href":"https:\/\/stansgar.katolsk.no\/index.php?rest_route=%2Fwp%2Fv2%2Fmedia&parent=261"}],"wp:term":[{"taxonomy":"category","embeddable":true,"href":"https:\/\/stansgar.katolsk.no\/index.php?rest_route=%2Fwp%2Fv2%2Fcategories&post=261"},{"taxonomy":"post_tag","embeddable":true,"href":"https:\/\/stansgar.katolsk.no\/index.php?rest_route=%2Fwp%2Fv2%2Ftags&post=261"}],"curies":[{"name":"wp","href":"https:\/\/api.w.org\/{rel}","templated":true}]}}