{"id":251,"date":"2017-02-05T21:42:00","date_gmt":"2017-02-05T20:42:00","guid":{"rendered":"http:\/\/stansgar.katolsk.no\/index.php\/2017\/02\/05\/kunngjringer-sndag-5-februar-2017\/"},"modified":"2018-10-12T09:12:25","modified_gmt":"2018-10-12T07:12:25","slug":"kunngjringer-sndag-5-februar-2017","status":"publish","type":"post","link":"https:\/\/stansgar.katolsk.no\/?p=251","title":{"rendered":"KUNNGJ\u00d8RINGER S\u00d8NDAG 5. FEBRUAR 2017"},"content":{"rendered":"<div class=\"MsoNormal\" style=\"background-color: white; color: #222222; font-size: 12.8px;\">\n<\/div>\n<div class=\"MsoNormal\" style=\"background-color: white; color: #222222; font-size: 12.8px;\">\n<\/div>\n<div class=\"MsoNormal\" style=\"background-color: white; color: #222222; font-size: 12.8px;\">\n<\/div>\n<div class=\"MsoNormal\" style=\"background-color: white; color: #222222; font-size: 12.8px;\">\n<\/div>\n<div class=\"MsoNormal\" style=\"background-color: white; color: #222222; font-size: 12.8px;\">\nDenne uken er det messe<b> tirsdag til fredag kl. 18.00.<\/b><u><\/u><u><\/u><\/div>\n<div class=\"MsoNormal\" style=\"background-color: white; color: #222222; font-size: 12.8px;\">\n<\/div>\n<div class=\"MsoNormal\" style=\"background-color: white; color: #222222; font-size: 12.8px;\">\n<\/div>\n<div class=\"MsoNormal\" style=\"background-color: white; color: #222222; font-size: 12.8px;\">\n<\/div>\n<div class=\"MsoNormal\" style=\"background-color: white; color: #222222; font-size: 12.8px;\">\n<b>Torsdag 9. februar<\/b> er det IKKE formiddagsmesse, kun messe kl. 18.00.<u><\/u><u><\/u><\/div>\n<div class=\"MsoNormal\" style=\"background-color: white; color: #222222; font-size: 12.8px;\">\n<\/div>\n<div class=\"MsoNormal\" style=\"background-color: white; color: #222222; font-size: 12.8px;\">\n<\/div>\n<div class=\"MsoNormal\" style=\"background-color: white; color: #222222; font-size: 12.8px;\">\n<\/div>\n<div class=\"MsoNormal\" style=\"background-color: white; color: #222222; font-size: 12.8px;\">\n<b>L\u00f8rdag 11. februar <\/b>er det katekese. 1.- 4. klasse fra kl. 10-14 og 5.-7. klasse fra kl. 13-17<u><\/u><u><\/u><\/div>\n<div class=\"MsoNormal\" style=\"background-color: white; color: #222222; font-size: 12.8px;\">\n<\/div>\n<div class=\"MsoNormal\" style=\"background-color: white; color: #222222; font-size: 12.8px;\">\n<\/div>\n<div class=\"MsoNormal\" style=\"background-color: white; color: #222222; font-size: 12.8px;\">\n<\/div>\n<div class=\"MsoNormal\" style=\"background-color: white; color: #222222; font-size: 12.8px;\">\n<b>S\u00f8ndag 12. februar<\/b> er det IKKE messe &nbsp;p\u00e5 Stella Maris. Det blir messe p\u00e5 Stella Maris i Mandal s\u00f8ndag 19. februar kl. 11.00.<u><\/u><u><\/u><\/div>\n<div class=\"MsoNormal\" style=\"background-color: white; color: #222222; font-size: 12.8px;\">\n<\/div>\n<div class=\"MsoNormal\" style=\"background-color: white; color: #222222; font-size: 12.8px;\">\n<\/div>\n<div class=\"MsoNormal\" style=\"background-color: white; color: #222222; font-size: 12.8px;\">\n<\/div>\n<div class=\"MsoNormal\" style=\"background-color: white; color: #222222; font-size: 12.8px;\">\n<\/div>\n<div class=\"MsoNormal\" style=\"background-color: white; color: #222222; font-size: 12.8px;\">\n<b>Helgen 17. til 19. februar<\/b> kommer dominikanerpater Haavar Simon Nilsen til Stella Maris for \u00e5 lede retrett for alle interesserte. Det vil bli en helg med liturgi, stillhet, b\u00f8nn, refleksjon og sosialt fellesskap. Pater Haavar vil holde refleksjoner og prekener, feire liturgiene samt v\u00e6re tilgjengelig for individuelle samtaler. For p\u00e5melding, se plakat i gangen. Deltakeravgift er 500,- som inkluderer mat og overnatting p\u00e5 Stella Maris.<u><\/u><u><\/u><\/div>\n<div class=\"MsoNormal\" style=\"background-color: white; color: #222222; font-size: 12.8px;\">\nUnn deg selv en helg med \u00e5ndelig p\u00e5fyll.<u><\/u><u><\/u><\/div>\n<div class=\"MsoNormal\" style=\"background-color: white; color: #222222; font-size: 12.8px;\">\n<\/div>\n<div class=\"MsoNormal\" style=\"background-color: white; color: #222222; font-size: 12.8px;\">\n<\/div>\n<div class=\"MsoNormal\" style=\"background-color: white; color: #222222; font-size: 12.8px;\">\n<b>St. Paul Gymnas i Bergen<\/b> er en landsdekkende katolsk videreg\u00e5ende skole med vekt p\u00e5 klassiske fag og realfag. Katolikker har prioritet ved opptak hvis skolen er f\u00f8rstevalg. Skolen har ogs\u00e5 studenthjem. S\u00f8knadsfrist er 1. mars. Se mer informasjon i gangen og p\u00e5&nbsp;<a data-saferedirecturl=\"https:\/\/www.google.com\/url?hl=en&amp;q=http:\/\/www.stpaulgymnas.no&amp;source=gmail&amp;ust=1486417243733000&amp;usg=AFQjCNEC5XTncQcjTdRoHZq5uIqWJiBFPA\" href=\"http:\/\/www.stpaulgymnas.no\/\" style=\"color: #1155cc;\" target=\"_blank\">www.stpaulgymnas.no<\/a><u><\/u><u><\/u><\/div>\n<div class=\"MsoNormal\" style=\"background-color: white; color: #222222; font-size: 12.8px;\">\n<\/div>\n<div class=\"MsoNormal\" style=\"background-color: white; color: #222222; font-size: 12.8px;\">\nAllerede f\u00f8rstkommende torsdag kveld arrangerer St. Paul gymnas \u00e5pen kveld for alle interesserte.<\/div>\n","protected":false},"excerpt":{"rendered":"<p>Denne uken er det messe tirsdag til fredag kl. 18.00. Torsdag 9. februar er det IKKE formiddagsmesse, kun messe kl. 18.00. L\u00f8rdag 11. februar er det katekese. 1.- 4. klasse fra kl. 10-14 og 5.-7. klasse fra kl. 13-17 S\u00f8ndag&#8230;<br \/><a class=\"read-more-button\" href=\"https:\/\/stansgar.katolsk.no\/?p=251\">Read more<\/a><\/p>\n","protected":false},"author":3,"featured_media":0,"comment_status":"open","ping_status":"open","sticky":false,"template":"","format":"standard","meta":{"footnotes":""},"categories":[1],"tags":[3],"class_list":["post-251","post","type-post","status-publish","format-standard","hentry","category-ukategorisert","tag-kunngjoringer"],"_links":{"self":[{"href":"https:\/\/stansgar.katolsk.no\/index.php?rest_route=\/wp\/v2\/posts\/251","targetHints":{"allow":["GET"]}}],"collection":[{"href":"https:\/\/stansgar.katolsk.no\/index.php?rest_route=\/wp\/v2\/posts"}],"about":[{"href":"https:\/\/stansgar.katolsk.no\/index.php?rest_route=\/wp\/v2\/types\/post"}],"author":[{"embeddable":true,"href":"https:\/\/stansgar.katolsk.no\/index.php?rest_route=\/wp\/v2\/users\/3"}],"replies":[{"embeddable":true,"href":"https:\/\/stansgar.katolsk.no\/index.php?rest_route=%2Fwp%2Fv2%2Fcomments&post=251"}],"version-history":[{"count":1,"href":"https:\/\/stansgar.katolsk.no\/index.php?rest_route=\/wp\/v2\/posts\/251\/revisions"}],"predecessor-version":[{"id":1881,"href":"https:\/\/stansgar.katolsk.no\/index.php?rest_route=\/wp\/v2\/posts\/251\/revisions\/1881"}],"wp:attachment":[{"href":"https:\/\/stansgar.katolsk.no\/index.php?rest_route=%2Fwp%2Fv2%2Fmedia&parent=251"}],"wp:term":[{"taxonomy":"category","embeddable":true,"href":"https:\/\/stansgar.katolsk.no\/index.php?rest_route=%2Fwp%2Fv2%2Fcategories&post=251"},{"taxonomy":"post_tag","embeddable":true,"href":"https:\/\/stansgar.katolsk.no\/index.php?rest_route=%2Fwp%2Fv2%2Ftags&post=251"}],"curies":[{"name":"wp","href":"https:\/\/api.w.org\/{rel}","templated":true}]}}