{"id":23488,"date":"2026-09-06T11:00:00","date_gmt":"2026-09-06T09:00:00","guid":{"rendered":"https:\/\/stansgar.katolsk.no\/?p=23488"},"modified":"2026-09-04T14:26:40","modified_gmt":"2026-09-04T12:26:40","slug":"kunngjoringer-sondag-6-september-2026","status":"publish","type":"post","link":"https:\/\/stansgar.katolsk.no\/?p=23488","title":{"rendered":"KUNNGJ\u00d8RINGER S\u00d8NDAG 6. SEPTEMBER 2026"},"content":{"rendered":"\n<p class=\"wp-block-paragraph\"><strong>KUNNGJ\u00d8RINGER S\u00d8NDAG 6. SEPTEMBER 2026<\/strong><\/p>\n\n\n\n<p class=\"wp-block-paragraph\"><strong>23. S\u00d8NDAG I DET ALMINNELIGE KIRKE\u00c5R<\/strong><\/p>\n\n\n\n<figure class=\"wp-block-table\"><table><tbody><tr><td>Tirsdag<\/td><td>08.09. <br><strong>Jomfru Marias f\u00f8dsel- Fest<\/strong><\/td><td>17.30 <br>18.00<\/td><td><br>Rosenkransb\u00f8nn <br>Messe <br><strong>Avlyst:<\/strong> sakramentstilbedelse<\/td><\/tr><tr><td>Onsdag<\/td><td>09.09.<\/td><td>18.00<\/td><td><strong>Requuim Messe til Kong Harald<\/strong><\/td><\/tr><tr><td>Torsdag<\/td><td>10.09.<\/td><td>11.00 \u00a0 <br>18.00<\/td><td>Messe &#8211; etterfulgt av felles lunsj i Kiga. \u00a0 <br>Messe<\/td><\/tr><tr><td>Fredag<\/td><td>11.09.<\/td><td>17.00 \u00a0 <br><br>18.00<br>19.30<\/td><td>Sakramentstilbedelse &#8211; Skriftem\u00e5l (kl. 17.00 -17.30) under tilbedelsen <br>Messe <br>Messe p\u00e5 eritreisk<\/td><\/tr><tr><td>L\u00f8rdag<\/td><td>12.09<\/td><td>13.00 <br>18.00<\/td><td>Katekesemesse <br>Messe p\u00e5 polsk<\/td><\/tr><tr><td>S\u00f8ndag<\/td><td>13. 09.<\/td><td>09.00 <br>11.00 13.00<\/td><td>Messe p\u00e5 polsk <br>Messe p\u00e5 norsk <br>Messe p\u00e5 norsk \u2013 vietnamesisk<\/td><\/tr><tr><td>Mandag<\/td><td>14.09. <br><strong>Korets<\/strong> <strong>opph\u00f8yelse &#8211; Fest<\/strong><\/td><td>17.30 <br>18.00<\/td><td>Tilbedelse <br>Messe \u00a0<\/td><\/tr><\/tbody><\/table><\/figure>\n\n\n\n<p class=\"wp-block-paragraph\"><strong>Annet:<\/strong><\/p>\n\n\n\n<p class=\"wp-block-paragraph\"><strong>1) Requiem for kong Harald V<\/strong><\/p>\n\n\n\n<p class=\"wp-block-paragraph\"><strong>&nbsp;Requiem messe for kong Harald V feires i St. Ansgar Menighet p\u00e5 onsdag, 09. september,<br>kl. 18.00.<\/strong><\/p>\n\n\n\n<p class=\"wp-block-paragraph\"><strong>2) H\u00f8ytider og fester denne uken:<\/strong><\/p>\n\n\n\n<p class=\"wp-block-paragraph\"><strong>Tirsdag 08. september:<\/strong> festen til Jomfru Marias f\u00f8dsel \u2013 Rosenkransen kl. 17.30 og messe kl.18.00.<br><strong>Mandag 14. september<\/strong> er det festen for Korets opph\u00f8yelse. Det blir tilbedelse kl. 17. 30 og messe kl. 18.00<br><br><strong><\/strong><\/p>\n\n\n\n<p class=\"wp-block-paragraph\"><strong>3) Andre messer i tillegg til ordin\u00e6re messer denne uken:<br><\/strong><em>I St. Ansgar kirke<\/em><strong><\/strong><\/p>\n\n\n\n<p class=\"wp-block-paragraph\"><strong>Fredag 11. september kl. 19.30<\/strong> er det messe p\u00e5 eritreisk. <strong><\/strong><\/p>\n\n\n\n<p class=\"wp-block-paragraph\"><em>Andre steder<\/em><strong><br>S\u00f8ndag 13. september<\/strong> kl. 17.00 er det messe p\u00e5 Stella Maris i Mandal.<\/p>\n\n\n\n<p class=\"wp-block-paragraph\"><br><strong>4) Sakramentstilbedelse<\/strong><\/p>\n\n\n\n<p class=\"wp-block-paragraph\">Det er sakramentstilbedelse fredag 12.09. fra kl. 17.00 til kl. 17.45.&nbsp; Under tilbedelsen er det skriftem\u00e5l fra kl. 17.00 til kl. 17.30. Alle oppmuntres til \u00e5 delta i tilbedelse og Den hellige messe.<\/p>\n\n\n\n<p class=\"wp-block-paragraph\"><strong>5) Katekese<\/strong><\/p>\n\n\n\n<p class=\"wp-block-paragraph\"><strong>I september blir det kortere katekesedag fordi barna ikke kan ta pause ute i bakg\u00e5rden p\u00e5 grunn av gravearbeid\/anleggsarbeidet der.<\/strong><\/p>\n\n\n\n<p class=\"wp-block-paragraph\">L\u00f8rdag 12. september begynner katekesen for 1. &#8211; 7. trinn.<\/p>\n\n\n\n<p class=\"wp-block-paragraph\">&nbsp;I september blir det kortere katekesedag fordi barna ikke kan ta pause ute i bakg\u00e5rden p\u00e5 grunn av gravearbeid der.<\/p>\n\n\n\n<p class=\"wp-block-paragraph\">Kl. 11.00 &#8211; 11.30: Oppstartsm\u00f8te i kirken for foreldre og barn p\u00e5 1. &#8211; 4. trinn<\/p>\n\n\n\n<p class=\"wp-block-paragraph\">Kl. 11.30 &#8211; 13.00: Katekese for 1. &#8211; 4. trinn<\/p>\n\n\n\n<p class=\"wp-block-paragraph\">Kl. 13.00 &#8211; 14.00: Katekesemesse for 1. &#8211; 7. trinn<\/p>\n\n\n\n<p class=\"wp-block-paragraph\">Kl. 14.00 &#8211; 14.30: Oppstartm\u00f8te for foreldre og barn p\u00e5 5. &#8211; 7. trinn<\/p>\n\n\n\n<p class=\"wp-block-paragraph\">Kl. 14.30 &#8211; 16.30: Katekese for 5. &#8211; 7. trinn<\/p>\n\n\n\n<p class=\"wp-block-paragraph\"><strong>6) Torsdag 10. september<\/strong> er det troskurs i menighetssalen fra kl. 18.45.<\/p>\n\n\n\n<p class=\"wp-block-paragraph\"><strong>7)<\/strong> I dag er september-nummeret av St. Ansgar Nytt klart, det er bare \u00e5 forsynes seg &#8211; de ligger<br>i inngangshallen og i kirka.<\/p>\n\n\n\n<p class=\"has-text-align-center wp-block-paragraph\"><strong>Alle er hjertelig velkommen til kirkekaffe. \u00d8nsker dere en riktig god s\u00f8ndag!<\/strong><\/p>\n","protected":false},"excerpt":{"rendered":"<p>KUNNGJ\u00d8RINGER S\u00d8NDAG 6. SEPTEMBER 2026 23. S\u00d8NDAG I DET ALMINNELIGE KIRKE\u00c5R Tirsdag 08.09. Jomfru Marias f\u00f8dsel- Fest 17.30 18.00 Rosenkransb\u00f8nn Messe Avlyst: sakramentstilbedelse Onsdag 09.09. 18.00 Requuim Messe til Kong Harald Torsdag 10.09. 11.00 \u00a0 18.00 Messe &#8211; etterfulgt av&#8230;<br \/><a class=\"read-more-button\" href=\"https:\/\/stansgar.katolsk.no\/?p=23488\">Read more<\/a><\/p>\n","protected":false},"author":5,"featured_media":0,"comment_status":"closed","ping_status":"open","sticky":false,"template":"","format":"standard","meta":{"footnotes":""},"categories":[482,204],"tags":[],"class_list":["post-23488","post","type-post","status-publish","format-standard","hentry","category-kunngjoringer","category-ukategorisert-nb"],"_links":{"self":[{"href":"https:\/\/stansgar.katolsk.no\/index.php?rest_route=\/wp\/v2\/posts\/23488","targetHints":{"allow":["GET"]}}],"collection":[{"href":"https:\/\/stansgar.katolsk.no\/index.php?rest_route=\/wp\/v2\/posts"}],"about":[{"href":"https:\/\/stansgar.katolsk.no\/index.php?rest_route=\/wp\/v2\/types\/post"}],"author":[{"embeddable":true,"href":"https:\/\/stansgar.katolsk.no\/index.php?rest_route=\/wp\/v2\/users\/5"}],"replies":[{"embeddable":true,"href":"https:\/\/stansgar.katolsk.no\/index.php?rest_route=%2Fwp%2Fv2%2Fcomments&post=23488"}],"version-history":[{"count":3,"href":"https:\/\/stansgar.katolsk.no\/index.php?rest_route=\/wp\/v2\/posts\/23488\/revisions"}],"predecessor-version":[{"id":23491,"href":"https:\/\/stansgar.katolsk.no\/index.php?rest_route=\/wp\/v2\/posts\/23488\/revisions\/23491"}],"wp:attachment":[{"href":"https:\/\/stansgar.katolsk.no\/index.php?rest_route=%2Fwp%2Fv2%2Fmedia&parent=23488"}],"wp:term":[{"taxonomy":"category","embeddable":true,"href":"https:\/\/stansgar.katolsk.no\/index.php?rest_route=%2Fwp%2Fv2%2Fcategories&post=23488"},{"taxonomy":"post_tag","embeddable":true,"href":"https:\/\/stansgar.katolsk.no\/index.php?rest_route=%2Fwp%2Fv2%2Ftags&post=23488"}],"curies":[{"name":"wp","href":"https:\/\/api.w.org\/{rel}","templated":true}]}}