{"id":23101,"date":"2026-04-26T11:35:00","date_gmt":"2026-04-26T09:35:00","guid":{"rendered":"https:\/\/stansgar.katolsk.no\/?p=23101"},"modified":"2026-04-24T13:26:39","modified_gmt":"2026-04-24T11:26:39","slug":"kunngjoringer-sondag-26-april-2026","status":"publish","type":"post","link":"https:\/\/stansgar.katolsk.no\/?p=23101","title":{"rendered":"KUNNGJ\u00d8RINGER S\u00d8NDAG 26. APRIL 2026"},"content":{"rendered":"\n<p><strong><strong>KUNNGJ\u00d8RINGER S\u00d8NDAG 26. APRIL 2026<\/strong><\/strong><\/p>\n\n\n\n<figure class=\"wp-block-table\"><table><tbody><tr><td>Tirsdag<\/td><td>28.04.<\/td><td>kl. <br>kl.<\/td><td>17.30 <br>18.00<\/td><td>Vesper <br>Messe &#8211; etterfulgt av sakramentstilbedelse<\/td><\/tr><tr><td rowspan=\"2\">Onsdag<\/td><td rowspan=\"2\">29.04.<\/td><td colspan=\"3\">Fest: Den hellige Katarina av Siena \u2013 vernehelgen for Europa<\/td><\/tr><tr><td>kl.<\/td><td>18.00<\/td><td>Messe<\/td><\/tr><tr><td>Torsdag<\/td><td>30.04.<\/td><td>kl. <br>kl.<\/td><td>11.00 <br>18.00<\/td><td>Messe &#8211; etterfulgt av felles lunsj i Kiga.\u00a0\u00a0 <br>Messe<\/td><\/tr><tr><td rowspan=\"2\">Fredag<\/td><td rowspan=\"2\">01.05.<\/td><td colspan=\"3\">Minne: Den hellige Josef h\u00e5ndverkeren<\/td><\/tr><tr><td>kl. <br>kl. <br>kl.<\/td><td>11.00 <br>13.00 <br>17.00<\/td><td>Messe <br>Messe p\u00e5 vietnamesisk. Feiringen av vernhelgen. Sakramentstilbedelse og messe er avlyst<\/td><\/tr><tr><td>L\u00f8rdag<\/td><td>02.05.<\/td><td>kl. kl.<\/td><td>13.00 18.00<\/td><td>Katekesemesse Messe p\u00e5 polsk<\/td><\/tr><tr><td>S\u00f8ndag<\/td><td>03.05.<\/td><td colspan=\"3\"><strong>5. S\u00d8NDAG I P\u00c5SKETIDEN<\/strong><\/td><\/tr><tr><td>\u00a0 \u00a0 \u00a0<br><br> \u00a0 <br><br>Andre steder:<\/td><td>&nbsp;<\/td><td>kl. <br>kl. <br>kl. <br>kl.<br> \u00a0 <br>kl.<\/td><td>09.00 <br>10.30 <br>11.00 <br>13.00 \u00a0<br><br> 14.00<\/td><td>Messe p\u00e5 polsk <br>Rosenkransandakt p\u00e5 norsk<br>H\u00f8ymesse <br>Messe p\u00e5 vietnamesisk<br> \u00a0 <br>Messe p\u00e5 engelsk i Lyngdal<\/td><\/tr><\/tbody><\/table><\/figure>\n\n\n\n<p><strong>Annet:<\/strong><\/p>\n\n\n\n<ol class=\"wp-block-list\">\n<li>Andre messer i tillegg til ordin\u00e6re messer denne uken:<\/li>\n<\/ol>\n\n\n\n<p><em>St. Ansgar menighet:<\/em><\/p>\n\n\n\n<p><strong>Fredag 1. mai<\/strong> :<\/p>\n\n\n\n<ul class=\"wp-block-list\">\n<li>kl. 11.00\u00a0messe p\u00e5 norsk.<\/li>\n\n\n\n<li>kl. 13.00 messe p\u00e5 vietnamesisk. Feiringen av vernhelgen: Den hellige Josef h\u00e5ndverkeren.<\/li>\n\n\n\n<li>Sakramentstilbedelse kl. 17.00 og messe kl. 18.00 er avlyst.<\/li>\n<\/ul>\n\n\n\n<p><em>Andre steder:<\/em><\/p>\n\n\n\n<p><strong>S\u00f8ndag 3. mai<\/strong> er det messe p\u00e5 engelsk med p. Boie i Lyngdal kirkesenteret.<\/p>\n\n\n\n<p>2) <strong>H\u00f8ytider og gester denne uken:<\/strong><\/p>\n\n\n\n<p><strong>Onsdag 29. april <\/strong>er det festen for Den hellige Katarina av Siena- vernehelgen for Europa.<\/p>\n\n\n\n<p>3) <strong>L\u00f8rdag 2. mai er det katekese for 8. og 9. trinn.<\/strong><\/p>\n\n\n\n<p>Kl. 10.00 &#8211; 13.00: Katekese<\/p>\n\n\n\n<p>Kl. 13.00 &#8211; 14.00: Obligatorisk katekesemesse<\/p>\n\n\n\n<p>4)) <strong>Mai m\u00e5ned:<\/strong> Mai m\u00e5ned er if\u00f8lge tradisjonen i Den katolske kirke viet til Jomfru Maria, Jesu mor og v\u00e5r Mor. Rosenkransen er en b\u00f8nn spesielt for \u00e5 \u00e6re Jomfru Maria. I denne m\u00e5neden la oss be rosenkransen i familiene og i menigheten.<br><br><\/p>\n\n\n\n<p><strong>I mai har vi rosenkransandakt:<\/strong><\/p>\n\n\n\n<p>&#8211; f\u00f8r messene kl. 17.30:<\/p>\n\n\n\n<ul class=\"wp-block-list\">\n<li>tirsdager p\u00e5 spansk<ul><li>onsdager p\u00e5 vietnamesisk<\/li><\/ul>\n<ul class=\"wp-block-list\">\n<li>torsdager p\u00e5 engelsk<\/li>\n<\/ul>\n<\/li>\n<\/ul>\n\n\n\n<p>&#8211; l\u00f8rdager p\u00e5 norsk kl. 12.30<\/p>\n\n\n\n<p>&#8211; s\u00f8ndager p\u00e5 polsk kl. 08.25<br><br><strong>5) Caritas St. Ansgar inviterer:<\/strong><\/p>\n\n\n\n<p><strong>&#8211; til treff for h\u00e5ndarbeidsgruppe, onsdag 29. april <\/strong>kl. 14.00- 18.00 i menighetssalen<\/p>\n\n\n\n<p><strong>&#8211; til filmkveld, torsdag 30. april <\/strong>etter kveldsmessen (ca. kl. 18.45) i menighetssalen<br>Sammen ser vi filmen \u00abPaulus, Kristi apostel\u00bb. Filmen skildrer se siste dagene til St. Paulus i Roma, rundt \u00e5r 67. Gjennom tilbakeblikk f\u00e5r vi innblikk i Paulus\u2019 dramatiske omvendelse, hans misjonsreiser og de pr\u00f8velsene han m\u00f8tte som forkynner av Kristus. Samtidig gir filmen et sterkt bilde av de f\u00f8rste kristnes liv og l\u00f8fter frem sentrale kristne temaer som tilgivelse, n\u00e5de, utholdenhet i lidelse og trofasthet mot evangeliet.<\/p>\n\n\n\n<p>Etter filmen tar vi oss tid til sammen \u00e5 reflektere over hvordan filmen kan utfordre oss i v\u00e5rt eget trosliv i dag?<\/p>\n\n\n\n<p>Alle er hjertelig velkommen. Enkel servering av kaffe, te og vafler.<\/p>\n\n\n\n<p><strong>6)<\/strong> Kollekt fra alle s\u00f8ndagsmesser den helgen g\u00e5r til St. Eystein presteseminar.<\/p>\n\n\n\n<p class=\"has-text-align-center\"><strong>Alle er hjertelig velkommen til kirkekaffe. \u00d8nsker dere riktig god s\u00f8ndag!<\/strong><\/p>\n\n\n\n<p><\/p>\n","protected":false},"excerpt":{"rendered":"<p>KUNNGJ\u00d8RINGER S\u00d8NDAG 26. APRIL 2026 Tirsdag 28.04. kl. kl. 17.30 18.00 Vesper Messe &#8211; etterfulgt av sakramentstilbedelse Onsdag 29.04. Fest: Den hellige Katarina av Siena \u2013 vernehelgen for Europa kl. 18.00 Messe Torsdag 30.04. kl. kl. 11.00 18.00 Messe &#8211;&#8230;<br \/><a class=\"read-more-button\" href=\"https:\/\/stansgar.katolsk.no\/?p=23101\">Read more<\/a><\/p>\n","protected":false},"author":5,"featured_media":0,"comment_status":"closed","ping_status":"open","sticky":false,"template":"","format":"standard","meta":{"footnotes":""},"categories":[482],"tags":[],"class_list":["post-23101","post","type-post","status-publish","format-standard","hentry","category-kunngjoringer"],"_links":{"self":[{"href":"https:\/\/stansgar.katolsk.no\/index.php?rest_route=\/wp\/v2\/posts\/23101","targetHints":{"allow":["GET"]}}],"collection":[{"href":"https:\/\/stansgar.katolsk.no\/index.php?rest_route=\/wp\/v2\/posts"}],"about":[{"href":"https:\/\/stansgar.katolsk.no\/index.php?rest_route=\/wp\/v2\/types\/post"}],"author":[{"embeddable":true,"href":"https:\/\/stansgar.katolsk.no\/index.php?rest_route=\/wp\/v2\/users\/5"}],"replies":[{"embeddable":true,"href":"https:\/\/stansgar.katolsk.no\/index.php?rest_route=%2Fwp%2Fv2%2Fcomments&post=23101"}],"version-history":[{"count":2,"href":"https:\/\/stansgar.katolsk.no\/index.php?rest_route=\/wp\/v2\/posts\/23101\/revisions"}],"predecessor-version":[{"id":23103,"href":"https:\/\/stansgar.katolsk.no\/index.php?rest_route=\/wp\/v2\/posts\/23101\/revisions\/23103"}],"wp:attachment":[{"href":"https:\/\/stansgar.katolsk.no\/index.php?rest_route=%2Fwp%2Fv2%2Fmedia&parent=23101"}],"wp:term":[{"taxonomy":"category","embeddable":true,"href":"https:\/\/stansgar.katolsk.no\/index.php?rest_route=%2Fwp%2Fv2%2Fcategories&post=23101"},{"taxonomy":"post_tag","embeddable":true,"href":"https:\/\/stansgar.katolsk.no\/index.php?rest_route=%2Fwp%2Fv2%2Ftags&post=23101"}],"curies":[{"name":"wp","href":"https:\/\/api.w.org\/{rel}","templated":true}]}}