{"id":230,"date":"2017-03-31T10:16:00","date_gmt":"2017-03-31T08:16:00","guid":{"rendered":"http:\/\/stansgar.katolsk.no\/index.php\/2017\/03\/31\/den-stille-uke-og-pasken-i-st-ansgar\/"},"modified":"2018-10-12T09:12:24","modified_gmt":"2018-10-12T07:12:24","slug":"den-stille-uke-og-pasken-i-st-ansgar","status":"publish","type":"post","link":"https:\/\/stansgar.katolsk.no\/?p=230","title":{"rendered":"Den stille uke og p\u00e5sken i St. Ansgar 2017"},"content":{"rendered":"<p><\/p>\n<div class=\"separator\" style=\"clear: both; text-align: center;\">\n<a href=\"http:\/\/www.bibelselskabet.dk\/~\/media\/Nyheder\/2012\/470x176_palmesoendag.ashx?w=470\" imageanchor=\"1\" style=\"margin-left: 1em; margin-right: 1em;\"><img loading=\"lazy\" decoding=\"async\" border=\"0\" src=\"http:\/\/www.bibelselskabet.dk\/~\/media\/Nyheder\/2012\/470x176_palmesoendag.ashx?w=470\" height=\"148\" width=\"400\" \/><\/a><\/div>\n<div class=\"separator\" style=\"clear: both; text-align: center;\">\n<\/div>\n<div align=\"left\" class=\"MsoNormal\" style=\"background-color: white; color: #222222; margin: 0cm 0cm 0.0001pt; text-align: left; text-indent: 0cm;\">\n<\/div>\n<div align=\"left\" class=\"MsoNormal\" style=\"background-color: white; color: #222222; font-size: 13px; margin: 0cm 0cm 0.0001pt; text-align: left; text-indent: 0cm;\">\n<b>Palmes\u00f8ndag, 9. april<\/b><br \/>\n<b><br \/><\/b><\/p>\n<div class=\"MsoNormal\" style=\"font-size: 12.8px;\">\nKl. 09.15 Palmevigsel, prosesjon og messe p\u00e5 polsk<u><\/u><u><\/u><\/div>\n<div class=\"MsoNormal\" style=\"font-size: 12.8px;\">\nKl. 11.00 Palmevigsel, prosesjon og messe p\u00e5 norsk<u><\/u><u><\/u><\/div>\n<div class=\"MsoNormal\" style=\"font-size: 12.8px;\">\nKl. 13.00 Palmevigsel, prosesjon og messe p\u00e5 vietnamesisk<u><\/u><u><\/u><\/p>\n<p>Kl. 14.00 Palmevigsel, prosesjon og messe p\u00e5 Stella Maris, Mandal<\/p><\/div>\n<div class=\"MsoNormal\" style=\"font-size: 12.8px;\">\nKl. 18.00 Messe p\u00e5 engelsk<\/div>\n<div class=\"MsoNormal\" style=\"font-size: 12.8px;\">\n<\/div>\n<div class=\"MsoNormal\" style=\"font-size: 12.8px;\">\n<\/div>\n<\/div>\n<div align=\"left\" class=\"MsoNormal\" style=\"background-color: white; color: #222222; font-size: 13px; margin: 0cm 0cm 0.0001pt; text-align: left; text-indent: 0cm;\">\n<\/div>\n<div class=\"separator\" style=\"clear: both; text-align: center;\">\n<a href=\"http:\/\/www.santiebeati.it\/immagini\/Original\/20256\/20256AG.JPG\" imageanchor=\"1\" style=\"clear: right; float: right; margin-bottom: 1em; margin-left: 1em;\"><img loading=\"lazy\" decoding=\"async\" border=\"0\" src=\"http:\/\/www.santiebeati.it\/immagini\/Original\/20256\/20256AG.JPG\" height=\"232\" width=\"320\" \/><\/a><\/div>\n<div align=\"left\" class=\"MsoNormal\" style=\"background-color: white; color: #222222; font-size: 13px; margin: 0cm 0cm 0.0001pt; text-align: left; text-indent: 0cm;\">\n<\/div>\n<div align=\"left\" class=\"MsoNormal\" style=\"background-color: white; color: #222222; font-size: 13px; margin: 0cm 0cm 0.0001pt; text-align: left; text-indent: 0cm;\">\n<b>Skj\u00e6rtorsdag 13. april<\/b><br \/>\n<b><br \/><\/b><\/div>\n<div align=\"left\" class=\"MsoNormal\" style=\"background-color: white; color: #222222; font-size: 13px; margin: 0cm 0cm 0.0001pt; text-align: left; text-indent: 0cm;\">\nkl.15.00 &nbsp; &nbsp; &nbsp; &nbsp;Messe p\u00e5 vietnamesisk<u><\/u><u><\/u><\/div>\n<div align=\"left\" class=\"MsoNormal\" style=\"background-color: white; color: #222222; font-size: 13px; margin: 0cm 0cm 0.0001pt; text-align: left; text-indent: 0cm;\">\nkl.18.00&nbsp;&nbsp;&nbsp;&nbsp;&nbsp;&nbsp;&nbsp; Messe p\u00e5 norsk, deretter tilbedelse og skriftem\u00e5l inntil midnatt.<u><\/u><u><\/u><\/div>\n<div align=\"left\" class=\"MsoNormal\" style=\"background-color: white; color: #222222; font-size: 13px; margin: 0cm 0cm 0.0001pt; text-align: left; text-indent: 0cm;\">\n<\/div>\n<div align=\"left\" class=\"MsoNormal\" style=\"background-color: white; color: #222222; font-size: 13px; margin: 0cm 0cm 0.0001pt; text-align: left; text-indent: 0cm;\">\n<\/div>\n<div align=\"left\" class=\"MsoNormal\" style=\"background-color: white; color: #222222; font-size: 13px; margin: 0cm 0cm 0.0001pt; text-align: left; text-indent: 0cm;\">\n<\/div>\n<div align=\"left\" class=\"MsoNormal\" style=\"background-color: white; color: #222222; font-size: 13px; margin: 0cm 0cm 0.0001pt; text-align: left; text-indent: 0cm;\">\n<\/div>\n<div align=\"left\" class=\"MsoNormal\" style=\"background-color: white; color: #222222; font-size: 13px; margin: 0cm 0cm 0.0001pt; text-align: left; text-indent: 0cm;\">\n<\/div>\n<div align=\"left\" class=\"MsoNormal\" style=\"background-color: white; color: #222222; font-size: 13px; margin: 0cm 0cm 0.0001pt; text-align: left; text-indent: 0cm;\">\n<\/div>\n<div align=\"left\" class=\"MsoNormal\" style=\"background-color: white; color: #222222; font-size: 13px; margin: 0cm 0cm 0.0001pt; text-align: left; text-indent: 0cm;\">\n<\/div>\n<div align=\"left\" class=\"MsoNormal\" style=\"background-color: white; font-size: 13px; margin: 0cm 0cm 0.0001pt; text-align: left; text-indent: 0cm;\">\n<b>Langfredag 14. april&nbsp;(faste- og abstinensdag)<\/b><u><\/u><u><\/u><br \/>\n<b><br \/><\/b><\/div>\n<div align=\"left\" class=\"MsoNormal\" style=\"background-color: white; color: #222222; font-size: 13px; margin: 0cm 0cm 0.0001pt; text-align: left; text-indent: 0cm;\">\nkl. &nbsp;9.30&nbsp;&nbsp;&nbsp;&nbsp;&nbsp;&nbsp;&nbsp; Matutin og laudes p\u00e5 norsk<u><\/u><u><\/u><\/div>\n<div align=\"left\" class=\"MsoNormal\" style=\"background-color: white; color: #222222; font-size: 13px; margin: 0cm 0cm 0.0001pt; text-align: left; text-indent: 0cm;\">\nkl.10.30 &nbsp; &nbsp; &nbsp; &nbsp;Skriftem\u00e5l<u><\/u><u><\/u><\/div>\n<div align=\"left\" class=\"MsoNormal\" style=\"background-color: white; color: #222222; font-size: 13px; margin: 0cm 0cm 0.0001pt; text-align: left; text-indent: 0cm;\">\nkl.12.00&nbsp;&nbsp;&nbsp;&nbsp;&nbsp;&nbsp;&nbsp; Langfredagsliturgi p\u00e5 vietnamesisk<u><\/u><u><\/u><\/div>\n<div align=\"left\" class=\"MsoNormal\" style=\"background-color: white; color: #222222; font-size: 13px; margin: 0cm 0cm 0.0001pt; text-align: left; text-indent: 0cm;\">\nkl.15.00&nbsp;&nbsp;&nbsp;&nbsp;&nbsp;&nbsp;&nbsp; Langfredagsliturgi p\u00e5 norsk<u><\/u><br \/>\nkl. 17.00 &nbsp; &nbsp; &nbsp; \u00d8kumenisk korsvei gjennom byen.&nbsp;<\/div>\n<div align=\"left\" class=\"MsoNormal\" style=\"background-color: white; color: #222222; font-size: 13px; margin: 0cm 0cm 0.0001pt; text-align: left; text-indent: 0cm;\">\n<\/div>\n<div class=\"separator\" style=\"clear: both; text-align: center;\">\n<a href=\"http:\/\/www.santiebeati.it\/immagini\/Original\/20258\/20258.JPG\" imageanchor=\"1\" style=\"margin-left: 1em; margin-right: 1em;\"><img loading=\"lazy\" decoding=\"async\" border=\"0\" src=\"http:\/\/www.santiebeati.it\/immagini\/Original\/20258\/20258.JPG\" height=\"320\" width=\"255\" \/><\/a><\/div>\n<div align=\"left\" class=\"MsoNormal\" style=\"background-color: white; color: #222222; font-size: 13px; margin: 0cm 0cm 0.0001pt; text-align: left; text-indent: 0cm;\">\n<\/div>\n<div align=\"left\" class=\"MsoNormal\" style=\"background-color: white; color: #222222; font-size: 13px; margin: 0cm 0cm 0.0001pt; text-align: left; text-indent: 0cm;\">\n<b>P\u00e5skeaften 15. april<\/b><u><\/u><br \/>\n<b><br \/><\/b><\/div>\n<div align=\"left\" class=\"MsoNormal\" style=\"background-color: white; color: #222222; font-size: 13px; margin: 0cm 0cm 0.0001pt; text-align: left; text-indent: 0cm;\">\nkl. &nbsp;9.30&nbsp;&nbsp;&nbsp;&nbsp;&nbsp;&nbsp;&nbsp; Matutin og laudes p\u00e5 norsk<\/div>\n<div align=\"left\" class=\"MsoNormal\" style=\"background-color: white; color: #222222; margin: 0cm 0cm 0.0001pt; text-align: left; text-indent: 0cm;\">\n<div style=\"font-size: 13px;\">\nkl. 12.00&nbsp;&nbsp;&nbsp;&nbsp;&nbsp;&nbsp;&nbsp; Velsignelse av p\u00e5skemat p\u00e5 polsk<br \/>\nkl. 17.00 &nbsp; &nbsp; &nbsp; P\u00e5skevigilie p\u00e5 vietnamesisk<\/div>\n<\/div>\n<div align=\"left\" class=\"MsoNormal\" style=\"background-color: white; color: #222222; font-size: 13px; margin: 0cm 0cm 0.0001pt; text-align: left; text-indent: 0cm;\">\nkl. 21.00 &nbsp; &nbsp; &nbsp; &nbsp;P\u00e5skevigilie p\u00e5 norsk. Etter messen er alle velkommen til &nbsp;<br \/>\n&nbsp; &nbsp; &nbsp; &nbsp; &nbsp; &nbsp; &nbsp; &nbsp; &nbsp; &nbsp; &nbsp;hyggelig samv\u00e6r i menighetslokalet.<u><\/u><u><\/u><\/div>\n<div align=\"left\" class=\"MsoNormal\" style=\"background-color: white; color: #222222; font-size: 13px; margin: 0cm 0cm 0.0001pt; text-align: left; text-indent: 0cm;\">\n<\/div>\n<div align=\"left\" class=\"MsoNormal\" style=\"background-color: white; color: #222222; font-size: 13px; margin: 0cm 0cm 0.0001pt; text-align: left; text-indent: 0cm;\">\n<\/div>\n<div align=\"left\" class=\"MsoNormal\" style=\"background-color: white; color: #222222; font-size: 13px; margin: 0cm 0cm 0.0001pt; text-align: left; text-indent: 0cm;\">\n<a href=\"http:\/\/www.santiebeati.it\/immagini\/Original\/20260\/20260AH.JPG\" imageanchor=\"1\" style=\"clear: right; float: right; margin-bottom: 1em; margin-left: 1em;\"><img loading=\"lazy\" decoding=\"async\" border=\"0\" src=\"http:\/\/www.santiebeati.it\/immagini\/Original\/20260\/20260AH.JPG\" height=\"400\" width=\"305\" \/><\/a><\/div>\n<div align=\"left\" class=\"MsoNormal\" style=\"background-color: white; color: #222222; font-size: 13px; margin: 0cm 0cm 0.0001pt; text-align: left; text-indent: 0cm;\">\n<\/div>\n<div align=\"left\" class=\"MsoNormal\" style=\"background-color: white; color: #222222; font-size: 13px; margin: 0cm 0cm 0.0001pt; text-align: left; text-indent: 0cm;\">\n<b style=\"font-family: Times, 'Times New Roman', serif; font-size: 14pt; text-indent: 0cm;\">P\u00e5skes\u00f8ndag 16. april<\/b><br \/>\n<b style=\"font-family: Times, 'Times New Roman', serif; font-size: 14pt; text-indent: 0cm;\"><br \/><\/b><\/div>\n<div align=\"left\" class=\"MsoNormal\" style=\"background-color: white; color: #222222; font-size: 13px; margin: 0cm 0cm 0.0001pt; text-align: left; text-indent: 0cm;\">\nkl. &nbsp;9.15 &nbsp; &nbsp; &nbsp; &nbsp; Messe p\u00e5 polsk<u><\/u><u><\/u><\/div>\n<div align=\"left\" class=\"MsoNormal\" style=\"background-color: white; color: #222222; font-size: 13px; margin: 0cm 0cm 0.0001pt; text-align: left; text-indent: 0cm;\">\nkl. 11.00&nbsp;&nbsp;&nbsp;&nbsp;&nbsp;&nbsp;&nbsp; P\u00e5skedagens h\u00f8ymesse p\u00e5 &nbsp;norsk<\/div>\n<div align=\"left\" class=\"MsoNormal\" style=\"background-color: white; color: #222222; font-size: 13px; margin: 0cm 0cm 0.0001pt; text-align: left; text-indent: 0cm;\">\nkl. 13.00&nbsp;&nbsp;&nbsp;&nbsp;&nbsp;&nbsp;&nbsp; P\u00e5skedagens h\u00f8ymesse p\u00e5 &nbsp;vietnamesisk<\/div>\n<div align=\"left\" class=\"MsoNormal\" style=\"background-color: white; color: #222222; margin: 0cm 0cm 0.0001pt; text-align: left; text-indent: 0cm;\">\n<div style=\"font-size: 13px;\">\nkl. 14.00&nbsp;&nbsp;&nbsp;&nbsp;&nbsp;&nbsp;&nbsp; Messe p\u00e5 &nbsp;Stella Maris<\/div>\n<\/div>\n<div align=\"left\" class=\"MsoNormal\" style=\"background-color: white; color: #222222; font-size: 13px; margin: 0cm 0cm 0.0001pt; text-align: left; text-indent: 0cm;\">\nkl. 18.00&nbsp;&nbsp;&nbsp;&nbsp;&nbsp;&nbsp;&nbsp; Messe p\u00e5 engelsk<u><\/u><\/div>\n<div align=\"left\" class=\"MsoNormal\" style=\"background-color: white; color: #222222; font-size: 13px; margin: 0cm 0cm 0.0001pt; text-align: left; text-indent: 0cm;\">\n<\/div>\n<div align=\"left\" class=\"MsoNormal\" style=\"background-color: white; color: #222222; font-size: 13px; margin: 0cm 0cm 0.0001pt; text-align: left; text-indent: 0cm;\">\n<b>2. p\u00e5skedag 17. april<\/b><\/div>\n<div align=\"left\" class=\"MsoNormal\" style=\"background-color: white; color: #222222; font-size: 13px; margin: 0cm 0cm 0.0001pt; text-align: left; text-indent: 0cm;\">\nkl. 11.00&nbsp;&nbsp;&nbsp;&nbsp;&nbsp;&nbsp;&nbsp; Messe p\u00e5 norsk<u><\/u><u><\/u><br \/>\nkl. 14.00 &nbsp; &nbsp; &nbsp; Messe p\u00e5 spansk<\/div>\n<div align=\"left\" class=\"MsoNormal\" style=\"background-color: white; color: #222222; font-size: 13px; margin: 0cm 0cm 0.0001pt; text-align: left; text-indent: 0cm;\">\nkl. 14.00&nbsp;&nbsp;&nbsp;&nbsp;&nbsp;&nbsp;&nbsp; Messe i Farsund<u><\/u><u><\/u><\/div>\n<div align=\"left\" class=\"MsoNormal\" style=\"background-color: white; color: #222222; font-size: 13px; margin: 0cm 0cm 0.0001pt; text-align: left; text-indent: 0cm;\">\nkl. 17.00&nbsp;&nbsp;&nbsp;&nbsp;&nbsp;&nbsp;&nbsp; Messe i Flekkefjord<u><\/u><u><\/u><\/div>\n<div align=\"left\" class=\"MsoNormal\" style=\"background-color: white; color: #222222; font-family: arial, sans-serif; font-size: 13px; margin: 0cm 0cm 0.0001pt; text-align: left; text-indent: 0cm;\">\n<\/div>\n","protected":false},"excerpt":{"rendered":"<p>Palmes\u00f8ndag, 9. april Kl. 09.15 Palmevigsel, prosesjon og messe p\u00e5 polsk Kl. 11.00 Palmevigsel, prosesjon og messe p\u00e5 norsk Kl. 13.00 Palmevigsel, prosesjon og messe p\u00e5 vietnamesisk Kl. 14.00 Palmevigsel, prosesjon og messe p\u00e5 Stella Maris, Mandal Kl. 18.00 Messe&#8230;<br \/><a class=\"read-more-button\" href=\"https:\/\/stansgar.katolsk.no\/?p=230\">Read more<\/a><\/p>\n","protected":false},"author":3,"featured_media":0,"comment_status":"open","ping_status":"open","sticky":false,"template":"","format":"standard","meta":{"footnotes":""},"categories":[1],"tags":[26],"class_list":["post-230","post","type-post","status-publish","format-standard","hentry","category-ukategorisert","tag-paske"],"_links":{"self":[{"href":"https:\/\/stansgar.katolsk.no\/index.php?rest_route=\/wp\/v2\/posts\/230","targetHints":{"allow":["GET"]}}],"collection":[{"href":"https:\/\/stansgar.katolsk.no\/index.php?rest_route=\/wp\/v2\/posts"}],"about":[{"href":"https:\/\/stansgar.katolsk.no\/index.php?rest_route=\/wp\/v2\/types\/post"}],"author":[{"embeddable":true,"href":"https:\/\/stansgar.katolsk.no\/index.php?rest_route=\/wp\/v2\/users\/3"}],"replies":[{"embeddable":true,"href":"https:\/\/stansgar.katolsk.no\/index.php?rest_route=%2Fwp%2Fv2%2Fcomments&post=230"}],"version-history":[{"count":1,"href":"https:\/\/stansgar.katolsk.no\/index.php?rest_route=\/wp\/v2\/posts\/230\/revisions"}],"predecessor-version":[{"id":1841,"href":"https:\/\/stansgar.katolsk.no\/index.php?rest_route=\/wp\/v2\/posts\/230\/revisions\/1841"}],"wp:attachment":[{"href":"https:\/\/stansgar.katolsk.no\/index.php?rest_route=%2Fwp%2Fv2%2Fmedia&parent=230"}],"wp:term":[{"taxonomy":"category","embeddable":true,"href":"https:\/\/stansgar.katolsk.no\/index.php?rest_route=%2Fwp%2Fv2%2Fcategories&post=230"},{"taxonomy":"post_tag","embeddable":true,"href":"https:\/\/stansgar.katolsk.no\/index.php?rest_route=%2Fwp%2Fv2%2Ftags&post=230"}],"curies":[{"name":"wp","href":"https:\/\/api.w.org\/{rel}","templated":true}]}}