{"id":22786,"date":"2025-12-28T11:02:22","date_gmt":"2025-12-28T10:02:22","guid":{"rendered":"https:\/\/stansgar.katolsk.no\/?p=22786"},"modified":"2025-12-22T09:03:50","modified_gmt":"2025-12-22T08:03:50","slug":"kunngjoringer-sondag-28-desember-2025","status":"publish","type":"post","link":"https:\/\/stansgar.katolsk.no\/?p=22786","title":{"rendered":"KUNNGJ\u00d8RINGER S\u00d8NDAG 28. DESEMBER 2025"},"content":{"rendered":"<p style=\"text-align: center;\"><strong>KUNNGJ\u00d8RINGER S\u00d8NDAG 28. DESEMBER 2025<\/strong><\/p>\n<table style=\"width: 551.688px;\">\n<tbody>\n<tr>\n<td style=\"width: 53px;\" rowspan=\"2\">Mandag<\/td>\n<td style=\"width: 43px;\" rowspan=\"2\">29.12<\/td>\n<td style=\"width: 363.688px;\" colspan=\"3\">Juleoktaven. Minnedag: Den hellige Thomas Becket<\/td>\n<\/tr>\n<tr>\n<td style=\"width: 13px;\">kl.<\/td>\n<td style=\"width: 59px;\">18.00<\/td>\n<td style=\"width: 291.688px;\">Messe<\/td>\n<\/tr>\n<tr>\n<td style=\"width: 53px;\" rowspan=\"2\">Tirsdag<\/td>\n<td style=\"width: 43px;\" rowspan=\"2\">30.12.<\/td>\n<td style=\"width: 363.688px;\" colspan=\"3\">Juleoktaven<\/td>\n<\/tr>\n<tr>\n<td style=\"width: 13px;\">kl.<\/p>\n<p>kl.<\/td>\n<td style=\"width: 59px;\">17.30<\/p>\n<p>18.00<\/td>\n<td style=\"width: 291.688px;\">Vesper<\/p>\n<p>Messe &#8211; etterfulgt av sakramentstilbedelse<\/td>\n<\/tr>\n<tr>\n<td style=\"width: 53px;\" rowspan=\"2\">Onsdag<\/td>\n<td style=\"width: 43px;\" rowspan=\"2\">31.12.<\/td>\n<td style=\"width: 363.688px;\" colspan=\"3\"><strong><b>Nytt\u00e5rsaften: Takkemesse for \u00e5ret<\/b><\/strong><\/td>\n<\/tr>\n<tr>\n<td style=\"width: 13px;\">kl.<\/td>\n<td style=\"width: 59px;\">18.00<\/td>\n<td style=\"width: 291.688px;\">Messe<\/td>\n<\/tr>\n<tr>\n<td style=\"width: 459.688px;\" colspan=\"5\">&nbsp;<\/td>\n<\/tr>\n<tr>\n<td style=\"width: 53px;\" rowspan=\"2\">Torsdag<\/td>\n<td style=\"width: 43px;\" rowspan=\"2\"><strong><b>01.01.2026<\/b><\/strong><\/td>\n<td style=\"width: 363.688px;\" colspan=\"3\"><strong><b>Nytt\u00e5rsdag: Guds Hellige Mor Maria<\/b><\/strong><\/td>\n<\/tr>\n<tr>\n<td style=\"width: 13px;\">kl.<\/p>\n<p>kl.<\/p>\n<p>kl.<\/td>\n<td style=\"width: 59px;\">11.00<\/p>\n<p>13.00<\/p>\n<p>18.00<\/td>\n<td style=\"width: 291.688px;\">H\u00f8ymesse<\/p>\n<p>Messe p\u00e5 vietnamesisk<\/p>\n<p>Messe p\u00e5 polsk<\/td>\n<\/tr>\n<tr>\n<td style=\"width: 53px;\" rowspan=\"2\">Fredag<\/td>\n<td style=\"width: 43px;\" rowspan=\"2\">02.01.<\/td>\n<td style=\"width: 363.688px;\" colspan=\"3\">Minnedag: De hellige Basilios og Gregorios<\/td>\n<\/tr>\n<tr>\n<td style=\"width: 13px;\">kl.<\/p>\n<p>&nbsp;<\/p>\n<p>kl.<\/td>\n<td style=\"width: 59px;\">17.00<\/p>\n<p>&nbsp;<\/p>\n<p>18.00<\/td>\n<td style=\"width: 291.688px;\">Sakramentstilbedelse &#8211;<\/p>\n<p>Skriftem\u00e5l (kl. 17.00 -17.30) under tilbedelsen<\/p>\n<p>Messe<\/td>\n<\/tr>\n<tr>\n<td style=\"width: 53px;\">L\u00f8rdag<\/td>\n<td style=\"width: 43px;\">03.01.<\/td>\n<td style=\"width: 13px;\">kl.<\/p>\n<p>kl.<\/td>\n<td style=\"width: 59px;\">13.00<\/p>\n<p>18.00<\/td>\n<td style=\"width: 291.688px;\">Messe<\/p>\n<p>Messe p\u00e5 polsk<\/td>\n<\/tr>\n<tr>\n<td style=\"width: 53px;\">S\u00f8ndag<\/td>\n<td style=\"width: 43px;\">04.01.<\/td>\n<td style=\"width: 363.688px;\" colspan=\"3\"><strong><b>2. S\u00d8NDAG ETTER JUL<\/b><\/strong><\/td>\n<\/tr>\n<tr>\n<td style=\"width: 53px;\">&nbsp;<\/p>\n<p>&nbsp;<\/p>\n<p>&nbsp;<\/td>\n<td style=\"width: 43px;\">&nbsp;<\/td>\n<td style=\"width: 13px;\">kl.<\/p>\n<p>kl.<\/p>\n<p>kl.<\/p>\n<p>kl.<\/td>\n<td style=\"width: 59px;\">09.00<\/p>\n<p>11.00<\/p>\n<p>13.00<\/p>\n<p>15.00<\/td>\n<td style=\"width: 291.688px;\">Messe p\u00e5 polsk<\/p>\n<p>H\u00f8ymesse<\/p>\n<p>Messe p\u00e5 vietnamesisk<\/p>\n<p>Messe p\u00e5 kaldeisk<\/td>\n<\/tr>\n<\/tbody>\n<\/table>\n<p><strong>Annet: <\/strong><\/p>\n<ul>\n<li><b><\/b><strong><b>H\u00f8ytider og fester denne uken:<\/b><\/strong><br \/>\n<strong><b>Torsdag 1. januar<\/b><\/strong>er det h\u00f8ytiden: Guds hellige mor Maria. Messer feires kl. 11.00 p\u00e5 norsk, kl. 13.00 p\u00e5 vietnamesisk og kl. 18.00 p\u00e5 polsk.<\/li>\n<\/ul>\n<p>&nbsp;<\/p>\n<p><strong><b>2) Andre messer i tillegg til ordin\u00e6re messer denne uken:<\/b><\/strong><\/p>\n<p><strong><em><b><i>St. Ansgar kirke:<\/i><\/b><\/em><\/strong><\/p>\n<p><strong><b>Mandag 29. desember <\/b><\/strong>feires det messe i juleoktaven p\u00e5 norsk kl. 18.00<\/p>\n<p><strong><b>Onsdag 31. desember <\/b><\/strong>kl.18.00 feires det takkemesse for \u00e5ret som gar g\u00e5tt.<br \/>\n<strong><b>S\u00f8ndag 4. januar<\/b><\/strong>&nbsp;kl. 15.00 feires det messe p\u00e5 kaldeisk.<\/p>\n<p>&nbsp;<\/p>\n<p><strong><b>3) Sakramentstilbedelse i Jubel\u00e5ret<\/b><\/strong><\/p>\n<p>Det er sakramentstilbedelse fredag 02.01. fra kl. 17.00 til kl. 17.45. &nbsp;Under tilbedelsen er det skriftem\u00e5l fra kl. 17.00 til kl. 17.30. Alle oppmuntres til \u00e5 delta i tilbedelse og Den hellige messe og oppn\u00e5r p\u00e5 den m\u00e5ten avlat.<\/p>\n<p>&nbsp;<\/p>\n<p><strong><b>4) L\u00f8rdag 3. januar <\/b><\/strong>kl. 15.00 &#8211; 17.00 inviterer katekesen alle som er engasjert i katekesen og i arbeid med barn og unge i menigheten til fest i menighetssalen.<\/p>\n<p>&nbsp;<\/p>\n<p><strong><b>5)<\/b><\/strong>&nbsp;P\u00e5 festen for Herrens \u00c5penbaring, som faller p\u00e5 tirsdag 6. januar 2026, er det en tradisjon&nbsp;at kollekten g\u00e5r til&nbsp;\u00e5 st\u00f8tte den Pavelige Misjonsvirksomhet ogs\u00e5 kalt Missio.&nbsp;<\/p>\n<p>Derfor p\u00e5&nbsp;s\u00f8ndag 4. januar blir det anledning til \u00e5 ta hjem velsignelseklistrelapper ved&nbsp;\u00e5 betale et bidra p\u00e5 minst 20,00 kr.&nbsp;Pengene g\u00e5r til Missio<\/p>\n<p>&nbsp;<\/p>\n<p style=\"text-align: center;\"><strong><b>Alle er hjertelig velkommen til kirkekaffe. \u00d8nsker dere riktig god s\u00f8ndag!<\/b><\/strong><\/p>\n","protected":false},"excerpt":{"rendered":"<p>KUNNGJ\u00d8RINGER S\u00d8NDAG 28. DESEMBER 2025 Mandag 29.12 Juleoktaven. Minnedag: Den hellige Thomas Becket kl. 18.00 Messe Tirsdag 30.12. Juleoktaven kl. kl. 17.30 18.00 Vesper Messe &#8211; etterfulgt av sakramentstilbedelse Onsdag 31.12. Nytt\u00e5rsaften: Takkemesse for \u00e5ret kl. 18.00 Messe &nbsp; Torsdag&#8230;<br \/><a class=\"read-more-button\" href=\"https:\/\/stansgar.katolsk.no\/?p=22786\">Read more<\/a><\/p>\n","protected":false},"author":5,"featured_media":0,"comment_status":"closed","ping_status":"open","sticky":false,"template":"","format":"standard","meta":{"footnotes":""},"categories":[482],"tags":[],"class_list":["post-22786","post","type-post","status-publish","format-standard","hentry","category-kunngjoringer"],"_links":{"self":[{"href":"https:\/\/stansgar.katolsk.no\/index.php?rest_route=\/wp\/v2\/posts\/22786","targetHints":{"allow":["GET"]}}],"collection":[{"href":"https:\/\/stansgar.katolsk.no\/index.php?rest_route=\/wp\/v2\/posts"}],"about":[{"href":"https:\/\/stansgar.katolsk.no\/index.php?rest_route=\/wp\/v2\/types\/post"}],"author":[{"embeddable":true,"href":"https:\/\/stansgar.katolsk.no\/index.php?rest_route=\/wp\/v2\/users\/5"}],"replies":[{"embeddable":true,"href":"https:\/\/stansgar.katolsk.no\/index.php?rest_route=%2Fwp%2Fv2%2Fcomments&post=22786"}],"version-history":[{"count":1,"href":"https:\/\/stansgar.katolsk.no\/index.php?rest_route=\/wp\/v2\/posts\/22786\/revisions"}],"predecessor-version":[{"id":22787,"href":"https:\/\/stansgar.katolsk.no\/index.php?rest_route=\/wp\/v2\/posts\/22786\/revisions\/22787"}],"wp:attachment":[{"href":"https:\/\/stansgar.katolsk.no\/index.php?rest_route=%2Fwp%2Fv2%2Fmedia&parent=22786"}],"wp:term":[{"taxonomy":"category","embeddable":true,"href":"https:\/\/stansgar.katolsk.no\/index.php?rest_route=%2Fwp%2Fv2%2Fcategories&post=22786"},{"taxonomy":"post_tag","embeddable":true,"href":"https:\/\/stansgar.katolsk.no\/index.php?rest_route=%2Fwp%2Fv2%2Ftags&post=22786"}],"curies":[{"name":"wp","href":"https:\/\/api.w.org\/{rel}","templated":true}]}}