{"id":22777,"date":"2025-12-21T11:35:31","date_gmt":"2025-12-21T10:35:31","guid":{"rendered":"https:\/\/stansgar.katolsk.no\/?p=22777"},"modified":"2025-12-19T14:57:01","modified_gmt":"2025-12-19T13:57:01","slug":"kunngjoringer-sondag-21-desember-2025","status":"publish","type":"post","link":"https:\/\/stansgar.katolsk.no\/?p=22777","title":{"rendered":"KUNNGJ\u00d8RINGER S\u00d8NDAG 21. DESEMBER 2025"},"content":{"rendered":"<p><strong>KUNNGJ\u00d8RINGER S\u00d8NDAG 21. DESEMBER 2025<\/strong><\/p>\n<table style=\"width: 621px;\">\n<tbody>\n<tr>\n<td style=\"width: 76px;\">Tirsdag<\/td>\n<td style=\"width: 10px;\">23.12.<\/td>\n<td style=\"width: 32px;\" colspan=\"2\">kl.<\/p>\n<p>kl.<\/td>\n<td style=\"width: 69px;\" colspan=\"2\">17.30<\/p>\n<p>18.00<\/td>\n<td style=\"width: 652px;\" colspan=\"2\">Vesper<\/p>\n<p>Messe &#8211; etterfulgt av sakramentstilbedelse<\/td>\n<\/tr>\n<tr>\n<td style=\"width: 839px;\" colspan=\"8\"><strong>H\u00f8ytid: KRISTI F\u00d8DSELSFEST<\/strong><\/td>\n<\/tr>\n<tr>\n<td style=\"width: 76px;\" rowspan=\"2\">Onsdag<\/td>\n<td style=\"width: 10px;\" rowspan=\"2\">24.12.<\/td>\n<td style=\"width: 753px;\" colspan=\"6\"><strong>Julaften<\/strong><\/td>\n<\/tr>\n<tr>\n<td style=\"width: 32px;\" colspan=\"2\">kl.<\/p>\n<p>kl.<\/p>\n<p>kl.<\/p>\n<p>kl.<\/td>\n<td style=\"width: 69px;\" colspan=\"2\">15.00<\/p>\n<p>17.00<\/p>\n<p>21.00<\/p>\n<p>23.00<\/td>\n<td style=\"width: 652px;\" colspan=\"2\">Familiemesse<\/p>\n<p>Messe p\u00e5 vietnamesisk<\/p>\n<p>Messe p\u00e5 polsk<\/p>\n<p>Midnattsmesse<\/td>\n<\/tr>\n<tr>\n<td style=\"width: 76px;\" rowspan=\"2\">Torsdag<\/td>\n<td style=\"width: 10px;\" rowspan=\"2\">25.12.<\/td>\n<td style=\"width: 753px;\" colspan=\"6\"><strong>Juledag<\/strong><\/td>\n<\/tr>\n<tr>\n<td style=\"width: 32px;\" colspan=\"2\">kl.<\/p>\n<p>kl.<\/p>\n<p>kl.<\/td>\n<td style=\"width: 69px;\" colspan=\"2\">9.00<\/p>\n<p>11.00<\/p>\n<p>13.00<\/td>\n<td style=\"width: 652px;\" colspan=\"2\">Messe p\u00e5 polsk<\/p>\n<p>H\u00f8ymesse<\/p>\n<p>Messe p\u00e5 vietnamesisk<\/td>\n<\/tr>\n<tr>\n<td style=\"width: 76px;\" rowspan=\"2\">Fredag<\/td>\n<td style=\"width: 10px;\" rowspan=\"2\">26.12.<\/td>\n<td style=\"width: 753px;\" colspan=\"6\">2. Juledag. Fest: Den Hellige Stefan \u2013 Kirkens f\u00f8rste martyr<\/td>\n<\/tr>\n<tr>\n<td style=\"width: 32px;\" colspan=\"2\">kl.<\/p>\n<p>kl.<\/p>\n<p>kl.<\/td>\n<td style=\"width: 69px;\" colspan=\"2\">9.00<\/p>\n<p>11.00<\/p>\n<p>13.00<\/td>\n<td style=\"width: 652px;\" colspan=\"2\">Messe p\u00e5 polsk<\/p>\n<p>Messe p\u00e5 norsk<\/p>\n<p>Messe p\u00e5 vietnamesisk<\/td>\n<\/tr>\n<tr>\n<td style=\"width: 76px;\" rowspan=\"2\">L\u00f8rdag<\/p>\n<p>&nbsp;<\/p>\n<p>&nbsp;<\/p>\n<p>&nbsp;<\/p>\n<p>&nbsp;<\/p>\n<p>Andre steder<\/td>\n<td style=\"width: 10px;\" rowspan=\"2\">27.12.<\/td>\n<td style=\"width: 753px;\" colspan=\"6\">Fest: Den hellige evangelisten Johannes<\/td>\n<\/tr>\n<tr>\n<td style=\"width: 32px;\" colspan=\"2\">kl.<\/p>\n<p>kl.<\/p>\n<p>kl.<\/p>\n<p>kl.<\/p>\n<p>&nbsp;<\/p>\n<p>kl.<\/p>\n<p>kl.<\/td>\n<td style=\"width: 69px;\" colspan=\"2\">13.00<\/p>\n<p>14.00<\/p>\n<p>16.00<\/p>\n<p>18.00<\/p>\n<p>&nbsp;<\/p>\n<p>14.00<\/p>\n<p>17.00<\/td>\n<td style=\"width: 652px;\" colspan=\"2\">Messe<\/p>\n<p>Messe p\u00e5 tagalog<\/p>\n<p>Messe p\u00e5 fransk<\/p>\n<p>Messe p\u00e5 polsk<\/p>\n<p>&nbsp;<\/p>\n<p>Messe i Lyngdal<\/p>\n<p>Messe i Flekkefjord<\/td>\n<\/tr>\n<tr>\n<td style=\"width: 76px;\">S\u00f8ndag<\/td>\n<td style=\"width: 10px;\">28.12.<\/td>\n<td style=\"width: 753px;\" colspan=\"6\"><strong>DEN HELLIGE FAMILIE<\/strong><\/td>\n<\/tr>\n<tr>\n<td style=\"width: 76px;\">&nbsp;<\/p>\n<p>&nbsp;<\/p>\n<p>&nbsp;<\/td>\n<td style=\"width: 10px;\">&nbsp;<\/td>\n<td style=\"width: 32px;\" colspan=\"2\">kl.<\/p>\n<p>kl.<\/p>\n<p>kl.<\/p>\n<p>kl.<\/td>\n<td style=\"width: 69px;\" colspan=\"2\">09.00<\/p>\n<p>11.00<\/p>\n<p>13.00<\/p>\n<p>15.00<\/td>\n<td style=\"width: 652px;\" colspan=\"2\">Messe p\u00e5 polsk<\/p>\n<p>H\u00f8ymesse<\/p>\n<p>Messe p\u00e5 vietnamesisk<\/p>\n<p>Messe p\u00e5 engelsk<\/td>\n<\/tr>\n<tr>\n<td style=\"width: 76px;\" rowspan=\"2\">Mandag<\/td>\n<td style=\"width: 20px;\" colspan=\"2\" rowspan=\"2\">29.12<\/td>\n<td style=\"width: 743px;\" colspan=\"5\">Juleoktaven. Minnedag: Den hellige Thomas Becket<\/td>\n<\/tr>\n<tr>\n<td style=\"width: 32px;\" colspan=\"2\">kl.<\/td>\n<td style=\"width: 69px;\" colspan=\"2\">18.00<\/td>\n<td style=\"width: 642px;\">Messe<\/td>\n<\/tr>\n<tr>\n<td style=\"width: 76px;\">&nbsp;<\/td>\n<td style=\"width: 10px;\">&nbsp;<\/td>\n<td style=\"width: 10px;\">&nbsp;<\/td>\n<td style=\"width: 22px;\">&nbsp;<\/td>\n<td style=\"width: 10px;\">&nbsp;<\/td>\n<td style=\"width: 59px;\">&nbsp;<\/td>\n<td style=\"width: 10px;\">&nbsp;<\/td>\n<td style=\"width: 642px;\">&nbsp;<\/td>\n<\/tr>\n<\/tbody>\n<\/table>\n<p><strong>&nbsp;<\/strong><\/p>\n<p><strong>Annet: <\/strong><\/p>\n<ul>\n<li><strong>H\u00f8ytider og fester denne uken:<\/strong><br \/>\nP\u00e5 julaften onsdag 24. desember skal vi feire f\u00f8lgende messer: kl. 15.00, 17.00, 21.00 og 23.00.<\/li>\n<\/ul>\n<p><strong>Torsdag 25.desember<\/strong> er det h\u00f8ytiden: Kristi F\u00f8dselsfest. Messer feires som p\u00e5 s\u00f8ndager.<\/p>\n<p><strong>Fredag 26. desember<\/strong> er det festen til Den hellige Stefan \u2013 Kirkens f\u00f8rste martyr. Messer feires som p\u00e5 s\u00f8ndager.<\/p>\n<p><strong>L\u00f8rdag 27. desember<\/strong> er det festen for Den hellige evangelisten Johannes.<\/p>\n<p><strong>S\u00f8ndag 28. desember<\/strong> feirer Kirken festen for Den hellige familie.<\/p>\n<p>&nbsp;<\/p>\n<ul>\n<li><strong>Andre messer i tillegg til ordin\u00e6re messer denne uken:<\/strong><\/li>\n<\/ul>\n<p><strong><em>St. Ansgar menighet:<\/em><\/strong><\/p>\n<p><strong>L\u00f8rdag 27. desember<\/strong> feires det messe p\u00e5 tagalog kl. 14.00 og p\u00e5 fransk kl. 16.00.<\/p>\n<p><strong>S\u00f8ndag 28. desember <\/strong>feires det messe p\u00e5 engelsk kl. 15.00.<\/p>\n<p><strong>Mandag 29. desember <\/strong>feires det messe i juleoktaven p\u00e5 norsk kl. 18.00.<\/p>\n<p>&nbsp;<\/p>\n<p><strong><em>Andre steder:<\/em><\/strong><\/p>\n<p><strong>L\u00f8rdag 27. desember<\/strong> skal det feires messe i Lyngdal kl. 14.00 og i Flekkefjord kl. 17.00.<\/p>\n<ul>\n<li>Messeplanen i julen er tilgjengelig b\u00e5de p\u00e5 oppslagstavla, nettsiden og Facebook.<\/li>\n<\/ul>\n<p>&nbsp;<\/p>\n<p><strong>\u00d8nsker dere riktig god s\u00f8ndag!<\/strong><\/p>\n<p>&nbsp;<\/p>\n","protected":false},"excerpt":{"rendered":"<p>KUNNGJ\u00d8RINGER S\u00d8NDAG 21. DESEMBER 2025 Tirsdag 23.12. kl. kl. 17.30 18.00 Vesper Messe &#8211; etterfulgt av sakramentstilbedelse H\u00f8ytid: KRISTI F\u00d8DSELSFEST Onsdag 24.12. Julaften kl. kl. kl. kl. 15.00 17.00 21.00 23.00 Familiemesse Messe p\u00e5 vietnamesisk Messe p\u00e5 polsk Midnattsmesse Torsdag&#8230;<br \/><a class=\"read-more-button\" href=\"https:\/\/stansgar.katolsk.no\/?p=22777\">Read more<\/a><\/p>\n","protected":false},"author":5,"featured_media":0,"comment_status":"closed","ping_status":"open","sticky":false,"template":"","format":"standard","meta":{"footnotes":""},"categories":[482],"tags":[],"class_list":["post-22777","post","type-post","status-publish","format-standard","hentry","category-kunngjoringer"],"_links":{"self":[{"href":"https:\/\/stansgar.katolsk.no\/index.php?rest_route=\/wp\/v2\/posts\/22777","targetHints":{"allow":["GET"]}}],"collection":[{"href":"https:\/\/stansgar.katolsk.no\/index.php?rest_route=\/wp\/v2\/posts"}],"about":[{"href":"https:\/\/stansgar.katolsk.no\/index.php?rest_route=\/wp\/v2\/types\/post"}],"author":[{"embeddable":true,"href":"https:\/\/stansgar.katolsk.no\/index.php?rest_route=\/wp\/v2\/users\/5"}],"replies":[{"embeddable":true,"href":"https:\/\/stansgar.katolsk.no\/index.php?rest_route=%2Fwp%2Fv2%2Fcomments&post=22777"}],"version-history":[{"count":2,"href":"https:\/\/stansgar.katolsk.no\/index.php?rest_route=\/wp\/v2\/posts\/22777\/revisions"}],"predecessor-version":[{"id":22780,"href":"https:\/\/stansgar.katolsk.no\/index.php?rest_route=\/wp\/v2\/posts\/22777\/revisions\/22780"}],"wp:attachment":[{"href":"https:\/\/stansgar.katolsk.no\/index.php?rest_route=%2Fwp%2Fv2%2Fmedia&parent=22777"}],"wp:term":[{"taxonomy":"category","embeddable":true,"href":"https:\/\/stansgar.katolsk.no\/index.php?rest_route=%2Fwp%2Fv2%2Fcategories&post=22777"},{"taxonomy":"post_tag","embeddable":true,"href":"https:\/\/stansgar.katolsk.no\/index.php?rest_route=%2Fwp%2Fv2%2Ftags&post=22777"}],"curies":[{"name":"wp","href":"https:\/\/api.w.org\/{rel}","templated":true}]}}