{"id":227,"date":"2017-04-02T11:26:00","date_gmt":"2017-04-02T09:26:00","guid":{"rendered":"http:\/\/stansgar.katolsk.no\/index.php\/2017\/04\/02\/pasken-2017-pa-polsk\/"},"modified":"2018-10-12T09:12:24","modified_gmt":"2018-10-12T07:12:24","slug":"pasken-2017-pa-polsk","status":"publish","type":"post","link":"https:\/\/stansgar.katolsk.no\/?p=227","title":{"rendered":"P\u00e5sken 2017 p\u00e5 polsk"},"content":{"rendered":"<div class=\"MsoNormal\" style=\"background: #F1F0F0;\">\nMsze \u015awi\u0119te w j\u0119zyku Polskim w \u015awi\u0119ta<br \/>\nWielkanocne 2017 r.<\/div>\n<div class=\"MsoNormal\" style=\"background: #F1F0F0;\">\nParafia pod wezwaniem \u015aw. Ansgar w<br \/>\nKristiansand<\/div>\n<div class=\"MsoNormal\" style=\"background: #F1F0F0;\">\nNiedziela Palmowa Msza \u015aw. 09.15<\/div>\n<div class=\"MsoNormal\" style=\"background: #F1F0F0;\">\nWigilia zmartwychwstania Pa\u0144skiego.<br \/>\npo\u015bwi\u0119cenie pokarm\u00f3w. 12.00<\/div>\n<p><\/p>\n<div class=\"MsoNormal\" style=\"background: #F1F0F0;\">\nPierwszy dzie\u0144 \u015awi\u0105t. Msza \u015aw. 09.15<\/div>\n<div class=\"MsoNormal\" style=\"background: #F1F0F0;\">\n<\/div>\n<div class=\"MsoNormal\" style=\"background: #F1F0F0;\">\n<\/div>\n<div class=\"MsoNormal\" style=\"background: #F1F0F0;\">\n<\/div>\n<div class=\"MsoNormal\">\nMesser<br \/>\np\u00e5 polsk i St.Ansgar p\u00e5sken 2017:<\/div>\n<div class=\"MsoNormal\">\nPalmes\u00f8ndag:<br \/>\nmesse p\u00e5 polsk kl. 9.15<\/div>\n<div class=\"MsoNormal\">\nP\u00e5skeaften:<br \/>\nvelsignelse av mat kl. 12.00<\/div>\n<div class=\"MsoNormal\" style=\"background: #F1F0F0;\">\n<\/div>\n<div class=\"MsoNormal\">\n1.<br \/>\np\u00e5skedag: messe kl. 9.15<\/div>\n","protected":false},"excerpt":{"rendered":"<p>Msze \u015awi\u0119te w j\u0119zyku Polskim w \u015awi\u0119ta Wielkanocne 2017 r. Parafia pod wezwaniem \u015aw. Ansgar w Kristiansand Niedziela Palmowa Msza \u015aw. 09.15 Wigilia zmartwychwstania Pa\u0144skiego. po\u015bwi\u0119cenie pokarm\u00f3w. 12.00 Pierwszy dzie\u0144 \u015awi\u0105t. Msza \u015aw. 09.15 Messer p\u00e5 polsk i St.Ansgar p\u00e5sken&#8230;<br \/><a class=\"read-more-button\" href=\"https:\/\/stansgar.katolsk.no\/?p=227\">Read more<\/a><\/p>\n","protected":false},"author":3,"featured_media":0,"comment_status":"open","ping_status":"open","sticky":false,"template":"","format":"standard","meta":{"footnotes":""},"categories":[1],"tags":[15],"class_list":["post-227","post","type-post","status-publish","format-standard","hentry","category-ukategorisert","tag-polsk"],"_links":{"self":[{"href":"https:\/\/stansgar.katolsk.no\/index.php?rest_route=\/wp\/v2\/posts\/227","targetHints":{"allow":["GET"]}}],"collection":[{"href":"https:\/\/stansgar.katolsk.no\/index.php?rest_route=\/wp\/v2\/posts"}],"about":[{"href":"https:\/\/stansgar.katolsk.no\/index.php?rest_route=\/wp\/v2\/types\/post"}],"author":[{"embeddable":true,"href":"https:\/\/stansgar.katolsk.no\/index.php?rest_route=\/wp\/v2\/users\/3"}],"replies":[{"embeddable":true,"href":"https:\/\/stansgar.katolsk.no\/index.php?rest_route=%2Fwp%2Fv2%2Fcomments&post=227"}],"version-history":[{"count":1,"href":"https:\/\/stansgar.katolsk.no\/index.php?rest_route=\/wp\/v2\/posts\/227\/revisions"}],"predecessor-version":[{"id":1838,"href":"https:\/\/stansgar.katolsk.no\/index.php?rest_route=\/wp\/v2\/posts\/227\/revisions\/1838"}],"wp:attachment":[{"href":"https:\/\/stansgar.katolsk.no\/index.php?rest_route=%2Fwp%2Fv2%2Fmedia&parent=227"}],"wp:term":[{"taxonomy":"category","embeddable":true,"href":"https:\/\/stansgar.katolsk.no\/index.php?rest_route=%2Fwp%2Fv2%2Fcategories&post=227"},{"taxonomy":"post_tag","embeddable":true,"href":"https:\/\/stansgar.katolsk.no\/index.php?rest_route=%2Fwp%2Fv2%2Ftags&post=227"}],"curies":[{"name":"wp","href":"https:\/\/api.w.org\/{rel}","templated":true}]}}