{"id":22658,"date":"2025-10-15T13:52:09","date_gmt":"2025-10-15T11:52:09","guid":{"rendered":"https:\/\/stansgar.katolsk.no\/?p=22658"},"modified":"2025-10-17T13:25:30","modified_gmt":"2025-10-17T11:25:30","slug":"delta-i-nasjonal-sporreundersokelse-om-katolsk-tro-og-fellesskap","status":"publish","type":"post","link":"https:\/\/stansgar.katolsk.no\/?p=22658","title":{"rendered":"Delta i nasjonal sp\u00f8rreunders\u00f8kelse om katolsk tro og fellesskap"},"content":{"rendered":"\n<p><em>Bli med i en unik sp\u00f8rreunders\u00f8kelse om katolsk trospraksis, fellesskap og katekese i Norge. PRIO-forsker Marta Bivand Erdal \u00f8nsker \u00e5 samle innsikt fra legfolk for \u00e5 styrke kunnskapen om Den katolske kirke i Norge \u2013 b\u00e5de for forskningen og for Kirkens eget arbeid.<\/em><\/p>\n\n\n\n<p>Lenke: <a href=\"https:\/\/forms.office.com\/pages\/responsepage.aspx?id=Viio_kZlcE2953WymnSIo6vghDaypD9MoaHG8clAHUdUNEw4OUpJRjRLSkhMWlYzNFdNSERKWEtGNi4u&amp;route=shorturl\">Katolikk i Norge idag: Trospraksis, fellesskap og katekese<\/a><\/p>\n\n\n\n<figure class=\"wp-block-image size-large\"><img loading=\"lazy\" decoding=\"async\" width=\"1024\" height=\"575\" src=\"https:\/\/stansgar.katolsk.no\/wp-content\/uploads\/2025\/10\/undersokelse-bivand-1024x575.jpg\" alt=\"\" class=\"wp-image-22659\" srcset=\"https:\/\/stansgar.katolsk.no\/wp-content\/uploads\/2025\/10\/undersokelse-bivand-1024x575.jpg 1024w, https:\/\/stansgar.katolsk.no\/wp-content\/uploads\/2025\/10\/undersokelse-bivand-300x169.jpg 300w, https:\/\/stansgar.katolsk.no\/wp-content\/uploads\/2025\/10\/undersokelse-bivand-768x431.jpg 768w, https:\/\/stansgar.katolsk.no\/wp-content\/uploads\/2025\/10\/undersokelse-bivand-1536x863.jpg 1536w, https:\/\/stansgar.katolsk.no\/wp-content\/uploads\/2025\/10\/undersokelse-bivand-956x537.jpg 956w, https:\/\/stansgar.katolsk.no\/wp-content\/uploads\/2025\/10\/undersokelse-bivand.jpg 1636w\" sizes=\"auto, (max-width: 1024px) 100vw, 1024px\" \/><\/figure>\n\n\n\n<p><\/p>\n","protected":false},"excerpt":{"rendered":"<p>Bli med i en unik sp\u00f8rreunders\u00f8kelse om katolsk trospraksis, fellesskap og katekese i Norge. PRIO-forsker Marta Bivand Erdal \u00f8nsker \u00e5 samle innsikt fra legfolk for \u00e5 styrke kunnskapen om Den katolske kirke i Norge \u2013 b\u00e5de for forskningen og for&#8230;<br \/><a class=\"read-more-button\" href=\"https:\/\/stansgar.katolsk.no\/?p=22658\">Read more<\/a><\/p>\n","protected":false},"author":5,"featured_media":0,"comment_status":"closed","ping_status":"open","sticky":false,"template":"","format":"standard","meta":{"footnotes":""},"categories":[204],"tags":[],"class_list":["post-22658","post","type-post","status-publish","format-standard","hentry","category-ukategorisert-nb"],"_links":{"self":[{"href":"https:\/\/stansgar.katolsk.no\/index.php?rest_route=\/wp\/v2\/posts\/22658","targetHints":{"allow":["GET"]}}],"collection":[{"href":"https:\/\/stansgar.katolsk.no\/index.php?rest_route=\/wp\/v2\/posts"}],"about":[{"href":"https:\/\/stansgar.katolsk.no\/index.php?rest_route=\/wp\/v2\/types\/post"}],"author":[{"embeddable":true,"href":"https:\/\/stansgar.katolsk.no\/index.php?rest_route=\/wp\/v2\/users\/5"}],"replies":[{"embeddable":true,"href":"https:\/\/stansgar.katolsk.no\/index.php?rest_route=%2Fwp%2Fv2%2Fcomments&post=22658"}],"version-history":[{"count":1,"href":"https:\/\/stansgar.katolsk.no\/index.php?rest_route=\/wp\/v2\/posts\/22658\/revisions"}],"predecessor-version":[{"id":22660,"href":"https:\/\/stansgar.katolsk.no\/index.php?rest_route=\/wp\/v2\/posts\/22658\/revisions\/22660"}],"wp:attachment":[{"href":"https:\/\/stansgar.katolsk.no\/index.php?rest_route=%2Fwp%2Fv2%2Fmedia&parent=22658"}],"wp:term":[{"taxonomy":"category","embeddable":true,"href":"https:\/\/stansgar.katolsk.no\/index.php?rest_route=%2Fwp%2Fv2%2Fcategories&post=22658"},{"taxonomy":"post_tag","embeddable":true,"href":"https:\/\/stansgar.katolsk.no\/index.php?rest_route=%2Fwp%2Fv2%2Ftags&post=22658"}],"curies":[{"name":"wp","href":"https:\/\/api.w.org\/{rel}","templated":true}]}}