{"id":22613,"date":"2025-09-28T10:00:02","date_gmt":"2025-09-28T08:00:02","guid":{"rendered":"https:\/\/stansgar.katolsk.no\/?p=22613"},"modified":"2025-09-26T14:30:02","modified_gmt":"2025-09-26T12:30:02","slug":"kunngjoringer-sondag-28-september-2025","status":"publish","type":"post","link":"https:\/\/stansgar.katolsk.no\/?p=22613","title":{"rendered":"KUNNGJ\u00d8RINGER S\u00d8NDAG 28. SEPTEMBER 2025"},"content":{"rendered":"<p style=\"text-align: center;\"><strong>KUNNGJ\u00d8RINGER S\u00d8NDAG 28. SEPTEMBER 2025<\/strong><\/p>\n<table style=\"width: 712px;\">\n<tbody>\n<tr>\n<td style=\"width: 65px;\" rowspan=\"2\">&nbsp;<\/p>\n<p>Mandag<\/td>\n<td style=\"width: 40px;\" rowspan=\"2\">&nbsp;<\/p>\n<p>29.09<\/td>\n<td style=\"width: 514px;\" colspan=\"3\">&nbsp;<\/td>\n<\/tr>\n<tr>\n<td style=\"width: 10px;\">kl.<\/p>\n<p>&nbsp;<\/td>\n<td style=\"width: 56px;\">11.00<\/td>\n<td style=\"width: 448px;\">Bergravelsesmesse for avd\u00f8de &nbsp;David Buckner<\/p>\n<p>&nbsp;<\/td>\n<\/tr>\n<tr>\n<td style=\"width: 65px;\" rowspan=\"2\">Tirsdag<\/td>\n<td style=\"width: 40px;\" rowspan=\"2\">30.09<strong>.<\/strong><\/td>\n<td style=\"width: 514px;\" colspan=\"3\">Minnedag: Den hellige Hieronymus<\/td>\n<\/tr>\n<tr>\n<td style=\"width: 10px;\">kl.<\/p>\n<p>kl.<\/td>\n<td style=\"width: 56px;\">17.30<\/p>\n<p>18.00<\/td>\n<td style=\"width: 448px;\">Rosenkransb\u00f8nn p\u00e5 spansk<\/p>\n<p>Messe &#8211; etterfulgt av sakramentstilbedelse<\/td>\n<\/tr>\n<tr>\n<td style=\"width: 65px;\" rowspan=\"2\">Onsdag<\/td>\n<td style=\"width: 40px;\" rowspan=\"2\">01.10.<\/td>\n<td style=\"width: 514px;\" colspan=\"3\">Minnedag: Den hellige Terese av Jesusbarnet<\/td>\n<\/tr>\n<tr>\n<td style=\"width: 10px;\">kl.<\/p>\n<p>kl.<\/td>\n<td style=\"width: 56px;\">17.30<\/p>\n<p>18.00<\/td>\n<td style=\"width: 448px;\">Rosenkransb\u00f8nn p\u00e5 vietnamesisk<\/p>\n<p>Messe<\/td>\n<\/tr>\n<tr>\n<td style=\"width: 65px;\" rowspan=\"2\">Torsdag<\/td>\n<td style=\"width: 40px;\" rowspan=\"2\">02.10.<\/td>\n<td style=\"width: 514px;\" colspan=\"3\">Minnedag: De hellige verneengler<\/td>\n<\/tr>\n<tr>\n<td style=\"width: 10px;\">kl.<\/p>\n<p>&nbsp;<\/p>\n<p>&nbsp;<\/p>\n<p>kl.<\/p>\n<p>kl.<\/td>\n<td style=\"width: 56px;\">11.00<\/p>\n<p>&nbsp;<\/p>\n<p>&nbsp;<\/p>\n<p>17.30<\/p>\n<p>18.00<\/td>\n<td style=\"width: 448px;\">Messe &#8211; etterfulgt av felles lunsj i Kiga.<\/p>\n<p>Etter messen er det stille tilbedelse fram til kl. 17.45.<\/p>\n<p>Vi ber spesielt for kall til ordenslivet og presteskapet.<\/p>\n<p>Rosenkransb\u00f8nn p\u00e5 engelsk<\/p>\n<p>Messe<\/td>\n<\/tr>\n<tr>\n<td style=\"width: 65px;\">Fredag<\/td>\n<td style=\"width: 40px;\">03.10.<\/td>\n<td style=\"width: 10px;\">kl.<\/p>\n<p>&nbsp;<\/p>\n<p>kl.<\/td>\n<td style=\"width: 56px;\">17.00<\/p>\n<p>&nbsp;<\/p>\n<p>18.00<\/td>\n<td style=\"width: 448px;\">Sakramentstilbedelse &#8211;<\/p>\n<p>Skriftem\u00e5l (kl. 17.00 -17.30) under tilbedelsen<\/p>\n<p>Messe<\/td>\n<\/tr>\n<tr>\n<td style=\"width: 65px;\" rowspan=\"2\">L\u00f8rdag<\/td>\n<td style=\"width: 40px;\" rowspan=\"2\">04.10.<\/td>\n<td style=\"width: 514px;\" colspan=\"3\">Minnedag: Den hellige Frans av Assisi<\/td>\n<\/tr>\n<tr>\n<td style=\"width: 10px;\">kl.<\/p>\n<p>kl.<\/p>\n<p>kl.<\/td>\n<td style=\"width: 56px;\">12.30<\/p>\n<p>13.00<\/p>\n<p>17.30<\/td>\n<td style=\"width: 448px;\">Rosenkransb\u00f8nn p\u00e5 norsk<\/p>\n<p>Messe<\/p>\n<p>Messe: V\u00e5r Frue av Fatima \u2013 etterfulgt av Maria prosesjon gjennom byens gater \u2013 Rosenkransb\u00f8nn.<\/td>\n<\/tr>\n<tr>\n<td style=\"width: 65px;\">S\u00f8ndag<\/td>\n<td style=\"width: 40px;\">05.10.<\/td>\n<td style=\"width: 514px;\" colspan=\"3\"><strong>27. S\u00d8NDAG I DET ALMINNELIGE KIRKE\u00c5R<\/strong><\/td>\n<\/tr>\n<tr>\n<td style=\"width: 65px;\">&nbsp;<\/p>\n<p>&nbsp;<\/p>\n<p>&nbsp;<\/p>\n<p>&nbsp;<\/p>\n<p>&nbsp;<\/p>\n<p>Andre steder:<\/td>\n<td style=\"width: 40px;\">&nbsp;<\/td>\n<td style=\"width: 10px;\">kl.<\/p>\n<p>kl.<\/p>\n<p>kl.<\/p>\n<p>kl.<\/p>\n<p>&nbsp;<\/p>\n<p>kl.<\/td>\n<td style=\"width: 56px;\">09.00<\/p>\n<p>10.30<\/p>\n<p>11.00<\/p>\n<p>13.00<\/p>\n<p>&nbsp;<\/p>\n<p>14.00<\/td>\n<td style=\"width: 448px;\">Messe p\u00e5 polsk<\/p>\n<p>Rosenkransb\u00f8nn p\u00e5 norsk p\u00e5 norsk<\/p>\n<p>H\u00f8ymesse<\/p>\n<p>Messe p\u00e5 vietnamesisk<\/p>\n<p>&nbsp;<\/p>\n<p>Messe p\u00e5 engelsk med p. Boie i Lyngdal Kirkesenter<\/td>\n<\/tr>\n<\/tbody>\n<\/table>\n<p><strong>&nbsp;<\/strong><\/p>\n<p><strong>Annet: <\/strong><\/p>\n<p><strong>1) L\u00f8rdag den 4. oktober kl. 17.30<\/strong> blir V\u00e5r Frue av Fatima feiret med messe i St. Ansgar kirke og etterfulgt av prosesjon gjennom Kristiansands gater.<\/p>\n<p>Messe p\u00e5 polsk kl. 18.00 er avlyst.<\/p>\n<p><strong>2) Andre messer i tillegg til ordin\u00e6re messer denne uken:<br \/>\nI St. Ansgar kirke:<\/strong><\/p>\n<p><strong>Mandag 29.09. <\/strong>kl. 11.00 er det begravelsesmesse for avd\u00f8de David Buckner.<strong><br \/>\nS\u00f8ndag 5. oktober <\/strong>er det messe p\u00e5 kaldeisk kl. 15.00.<\/p>\n<p><strong>Andre steder:<\/strong><\/p>\n<p><strong>S\u00f8ndag 5. oktober <\/strong>kl. 14.00 er det messe p\u00e5 engelsk med p. Boie i Lyngdal.<\/p>\n<p><strong>3) Sakramentstilbedelse i Jubel\u00e5ret<\/strong><\/p>\n<p>Det er sakramentstilbedelse fredag 3.10. fra kl. 17.00 til kl. 17.45.&nbsp; Under tilbedelsen er det skriftem\u00e5l fra kl. 17.00 til kl. 17.30. Alle oppmuntres til \u00e5 delta i tilbedelse og Den hellige messe og oppn\u00e5r p\u00e5 den m\u00e5ten avlat.<\/p>\n<p><strong>4) Onsdag 01. oktober<\/strong> er det bibelgruppe etter kveldsmessen.<\/p>\n<p><strong>5) Torsdag 02. oktober<\/strong> inviterer Caritas til vaffelkveld etter kveldsmessen.<\/p>\n<p><strong>6) Rosenkransm\u00e5neden oktober 2025<\/strong><\/p>\n<p>Da Den Salige Jomfru Maria viste seg i Lourdes og i Fatima, anbefalte hun oss \u00e5 be rosenkransen. Den hjelper oss til \u00e5 kontemplere og \u00e5 utdype Kristi mysterier og Jomfru Marias rolle i Kristi mysterier og i Kirken. Vi ber for Den Katolsk Kirke og for verden.<\/p>\n<p><strong>Oversikt over rosenkransandakter p\u00e5 forskjellige spr\u00e5k p\u00e5 ukedager i St. Ansgar kirke:<\/strong><\/p>\n<p>Tirsdager: &#8211; kl. 17.30: Rosenkransb\u00f8nn p\u00e5 spansk<\/p>\n<p>Onsdager: &#8211; kl. 17.30: Rosenkransb\u00f8nn p\u00e5 vietnamesisk<\/p>\n<p>Torsdager: &#8211; kl. 17.30: Rosenkransb\u00f8nn p\u00e5 engelsk<\/p>\n<p>Fredager: &#8211; kl. 17.00: Sakramentstilbedelse<\/p>\n<p>L\u00f8rdager: &#8211; kl. 12.30: Rosenkransb\u00f8nn p\u00e5 norsk.<\/p>\n<p>&nbsp;&nbsp;&nbsp;&nbsp; &#8211;&nbsp; kl. 18.00: Messe p\u00e5 polsk. Etterfulgt av rosenkransandakt p\u00e5 polsk.<\/p>\n<p>S\u00f8ndager: &#8211; kl. 08.30: Rosenkransb\u00f8nn p\u00e5 polsk. Etterfulgt av messe p\u00e5 polsk.<\/p>\n<p>&nbsp;&nbsp;&nbsp;&nbsp; &#8211; &nbsp;kl. 10.30: Rosenkransb\u00f8nn p\u00e5 norsk. Etterfulgt av h\u00f8ymesse p\u00e5 norsk.<\/p>\n<p>&nbsp;&nbsp;&nbsp;&nbsp; &#8211;&nbsp; kl. 12.30: Rosenkransb\u00f8nn p\u00e5 vietnamesisk. Etterfulgt av messe p\u00e5 vietnamesisk.<\/p>\n<p>&nbsp;<\/p>\n<p><strong>7) I dag s\u00f8ndag 28. september er det Caritas- s\u00f8ndag. <\/strong>Frivillige i St. Ansgar menighet inviterer alle til en kopp \u00ab Caritas-suppe\u00bb.&nbsp; Kom og nytt suppen og st\u00f8tt Caritas arbeid med \u00e5 gi penger- kontant eller vipps. &nbsp;Dette er en flott anledning til \u00e5 vise st\u00f8tte og bidra til at flere f\u00e5r den hjelpen de trenger.<\/p>\n<p>Dagens kollekt skal til Caritas Norge.<\/p>\n<p style=\"text-align: center;\"><strong>Alle er hjertelig velkommen til kirkekaffe. \u00d8nsker dere riktig god s\u00f8ndag!<\/strong><\/p>\n","protected":false},"excerpt":{"rendered":"<p>KUNNGJ\u00d8RINGER S\u00d8NDAG 28. SEPTEMBER 2025 &nbsp; Mandag &nbsp; 29.09 &nbsp; kl. &nbsp; 11.00 Bergravelsesmesse for avd\u00f8de &nbsp;David Buckner &nbsp; Tirsdag 30.09. Minnedag: Den hellige Hieronymus kl. kl. 17.30 18.00 Rosenkransb\u00f8nn p\u00e5 spansk Messe &#8211; etterfulgt av sakramentstilbedelse Onsdag 01.10. Minnedag:&#8230;<br \/><a class=\"read-more-button\" href=\"https:\/\/stansgar.katolsk.no\/?p=22613\">Read more<\/a><\/p>\n","protected":false},"author":5,"featured_media":0,"comment_status":"closed","ping_status":"open","sticky":false,"template":"","format":"standard","meta":{"footnotes":""},"categories":[482],"tags":[],"class_list":["post-22613","post","type-post","status-publish","format-standard","hentry","category-kunngjoringer"],"_links":{"self":[{"href":"https:\/\/stansgar.katolsk.no\/index.php?rest_route=\/wp\/v2\/posts\/22613","targetHints":{"allow":["GET"]}}],"collection":[{"href":"https:\/\/stansgar.katolsk.no\/index.php?rest_route=\/wp\/v2\/posts"}],"about":[{"href":"https:\/\/stansgar.katolsk.no\/index.php?rest_route=\/wp\/v2\/types\/post"}],"author":[{"embeddable":true,"href":"https:\/\/stansgar.katolsk.no\/index.php?rest_route=\/wp\/v2\/users\/5"}],"replies":[{"embeddable":true,"href":"https:\/\/stansgar.katolsk.no\/index.php?rest_route=%2Fwp%2Fv2%2Fcomments&post=22613"}],"version-history":[{"count":6,"href":"https:\/\/stansgar.katolsk.no\/index.php?rest_route=\/wp\/v2\/posts\/22613\/revisions"}],"predecessor-version":[{"id":22626,"href":"https:\/\/stansgar.katolsk.no\/index.php?rest_route=\/wp\/v2\/posts\/22613\/revisions\/22626"}],"wp:attachment":[{"href":"https:\/\/stansgar.katolsk.no\/index.php?rest_route=%2Fwp%2Fv2%2Fmedia&parent=22613"}],"wp:term":[{"taxonomy":"category","embeddable":true,"href":"https:\/\/stansgar.katolsk.no\/index.php?rest_route=%2Fwp%2Fv2%2Fcategories&post=22613"},{"taxonomy":"post_tag","embeddable":true,"href":"https:\/\/stansgar.katolsk.no\/index.php?rest_route=%2Fwp%2Fv2%2Ftags&post=22613"}],"curies":[{"name":"wp","href":"https:\/\/api.w.org\/{rel}","templated":true}]}}