{"id":22597,"date":"2025-09-24T10:34:37","date_gmt":"2025-09-24T08:34:37","guid":{"rendered":"https:\/\/stansgar.katolsk.no\/?p=22597"},"modified":"2025-09-24T10:34:37","modified_gmt":"2025-09-24T08:34:37","slug":"referat-fra-menighetsradsmote-11-09-2025","status":"publish","type":"post","link":"https:\/\/stansgar.katolsk.no\/?p=22597","title":{"rendered":"Referat fra menighetsr\u00e5dsm\u00f8te 11.09.2025"},"content":{"rendered":"\n<div class=\"wp-block-file\"><a id=\"wp-block-file--media-3a50565b-555c-47b2-9b32-a51affcd7490\" href=\"https:\/\/stansgar.katolsk.no\/wp-content\/uploads\/2025\/09\/Referat_Menighetsradsmote-11.-september-_25-1.pdf\">Referat_Menighetsr\u00e5dsm\u00f8te 11. september _25<\/a><a href=\"https:\/\/stansgar.katolsk.no\/wp-content\/uploads\/2025\/09\/Referat_Menighetsradsmote-11.-september-_25-1.pdf\" class=\"wp-block-file__button wp-element-button\" download aria-describedby=\"wp-block-file--media-3a50565b-555c-47b2-9b32-a51affcd7490\">Last ned<\/a><\/div>\n\n\n\n<p>St. Ansgar menighet 11.09.2025<\/p>\n\n\n\n<p>&nbsp;<strong>Menighetsr\u00e5dsm\u00f8te 11.09.2025<\/strong><\/p>\n\n\n\n<p><strong>Til stede<\/strong>: Karolina Raj, Daline Habarugira, Jocelyn Augland, Tomasz Stachewicz, Xuat Minh Dang, Dawid Efram Zerizghi, Frans Hansen, Jane Andrew Teklezghi, Helen Maty, P.Tien, P. Piotre,<\/p>\n\n\n\n<p><strong>Spr\u00e5kgrupper<\/strong>: Vietnamesisk, Fransk, Filippinsk, Spansk, Polsk, Eritreisk, Engelsk, Norsk, Portugisisk og Arabisk<\/p>\n\n\n\n<p><strong>Forfall: <\/strong>Daisy Lopez, Lan Ngoc Nguyen, Robert Bj\u00f8rnshei, Mona, Fabiola, P. Oliver<\/p>\n\n\n\n<p>1. Sakliste<\/p>\n\n\n\n<p>\u25cf Godkjent saksliste<\/p>\n\n\n\n<p>2. Planlegge Maria av Fatima prosesjon &#8211; l\u00f8rdag 4. oktober kl.17.30<\/p>\n\n\n\n<p>3. Evaluering av internasjonaldag og Christi Corpus<\/p>\n\n\n\n<p>a\/ Internasjonaldag:<\/p>\n\n\n\n<p>\u25cf Vi m\u00e5 planlegges bedre til neste arrangement<\/p>\n\n\n\n<p>\u25cf Vi betaler 7500 kr til kommunen for \u00e5 stenge veier og skilt.<\/p>\n\n\n\n<p>Internasjonaldag er for \u00e5 samle menigheten sammen. V\u00e5rt m\u00e5l er \u00e5 ha et fellesskap!<\/p>\n\n\n\n<p>b\/ Christi Corpus<\/p>\n\n\n\n<p>\u25cf Vi m\u00e5 bli flinkere til \u00e5 samarbeide &#8211; alle spr\u00e5kgrupper m\u00e5 f\u00e5 lov til \u00e5 be p\u00e5 sitt spr\u00e5k!<\/p>\n\n\n\n<p>4. Menighetsr\u00e5dsm\u00f8ter<\/p>\n\n\n\n<p>Torsdag 11. september 2025<\/p>\n\n\n\n<p>Onsdag 12. november 2025<\/p>\n\n\n\n<p>Onsdag 07. januar 2026<\/p>\n\n\n\n<p>Onsdag 11. mars 2026<\/p>\n\n\n\n<p>Onsdag 29. april 2026<\/p>\n\n\n\n<p>I tillegg skal vi ha to m\u00f8ter med internasjonale grupper<\/p>\n\n\n\n<p>Torsdag 11. september 2025 (planlegge Maria prosesjon)<\/p>\n\n\n\n<p>Onsdag 29. april 2026 (planlegge Kristi Corpus og internasjonaldag)<\/p>\n\n\n\n<p>5. Eventuelt<\/p>\n\n\n\n<p>\u25cf Takkefest<\/p>\n\n\n\n<p>&#8211; Det vil bli arrangert takkefest for frivillige den 10. januar 2026!<\/p>\n\n\n\n<p>\u25cf Internasjonaldag 2026<\/p>\n\n\n\n<p>&#8211; Forsl\u00e5tt dato for internasjonal dag 31. mai<\/p>\n\n\n\n<p>\u25cf Ungdomskjelleren<\/p>\n\n\n\n<p>&#8211; Vi skal bygge skap i ungdomskjelleren, det vil koste oss totalt 26 000 kr.<\/p>\n\n\n\n<p>&#8211; Vi trenger \u00f8konomisk hjelp fra menigheten til \u00e5 dekke utgiftene<\/p>\n\n\n\n\n\n<p>\u25cf \u00c5rsm\u00f8te<\/p>\n\n\n\n<p>&#8211; \u00c5rsm\u00f8te skal bli arrangeres hvert \u00e5r<\/p>\n\n\n\n<p>&#8211; Finansr\u00e5det tar ikke ansvar for \u00e5rsm\u00f8te dette \u00e5ret, det er menighetsr\u00e5det som har ansvar for \u00e5 arrangere \u00e5rsm\u00f8te<\/p>\n\n\n\n<p>&#8211; Dato for \u00e5rsm\u00f8te: 12. november &#8211; alle fra menigheten er hjertelig velkommen!<\/p>\n\n\n\n<p>\u25cf Saul<\/p>\n\n\n\n<p>&#8211; Saul har f\u00e5tt nytt styre.<\/p>\n\n\n\n<p>Leder: Alexandra An Gia Nquyen<\/p>\n\n\n\n<p>Nestleder: Weronika Wesolowski<\/p>\n\n\n\n<p>Kasserer: Helen Maty<\/p>\n\n\n\n<p>Promoteringsansvarlig: Jannick-Marie Gracias Mellebye<\/p>\n\n\n\n<p>Referent<\/p>\n\n\n\n<p>Helen Maty<\/p>\n","protected":false},"excerpt":{"rendered":"<p>St. Ansgar menighet 11.09.2025 &nbsp;Menighetsr\u00e5dsm\u00f8te 11.09.2025 Til stede: Karolina Raj, Daline Habarugira, Jocelyn Augland, Tomasz Stachewicz, Xuat Minh Dang, Dawid Efram Zerizghi, Frans Hansen, Jane Andrew Teklezghi, Helen Maty, P.Tien, P. Piotre, Spr\u00e5kgrupper: Vietnamesisk, Fransk, Filippinsk, Spansk, Polsk, Eritreisk, Engelsk,&#8230;<br \/><a class=\"read-more-button\" href=\"https:\/\/stansgar.katolsk.no\/?p=22597\">Read more<\/a><\/p>\n","protected":false},"author":5,"featured_media":0,"comment_status":"closed","ping_status":"open","sticky":false,"template":"","format":"standard","meta":{"footnotes":""},"categories":[493],"tags":[],"class_list":["post-22597","post","type-post","status-publish","format-standard","hentry","category-menighetsradsmote"],"_links":{"self":[{"href":"https:\/\/stansgar.katolsk.no\/index.php?rest_route=\/wp\/v2\/posts\/22597","targetHints":{"allow":["GET"]}}],"collection":[{"href":"https:\/\/stansgar.katolsk.no\/index.php?rest_route=\/wp\/v2\/posts"}],"about":[{"href":"https:\/\/stansgar.katolsk.no\/index.php?rest_route=\/wp\/v2\/types\/post"}],"author":[{"embeddable":true,"href":"https:\/\/stansgar.katolsk.no\/index.php?rest_route=\/wp\/v2\/users\/5"}],"replies":[{"embeddable":true,"href":"https:\/\/stansgar.katolsk.no\/index.php?rest_route=%2Fwp%2Fv2%2Fcomments&post=22597"}],"version-history":[{"count":1,"href":"https:\/\/stansgar.katolsk.no\/index.php?rest_route=\/wp\/v2\/posts\/22597\/revisions"}],"predecessor-version":[{"id":22599,"href":"https:\/\/stansgar.katolsk.no\/index.php?rest_route=\/wp\/v2\/posts\/22597\/revisions\/22599"}],"wp:attachment":[{"href":"https:\/\/stansgar.katolsk.no\/index.php?rest_route=%2Fwp%2Fv2%2Fmedia&parent=22597"}],"wp:term":[{"taxonomy":"category","embeddable":true,"href":"https:\/\/stansgar.katolsk.no\/index.php?rest_route=%2Fwp%2Fv2%2Fcategories&post=22597"},{"taxonomy":"post_tag","embeddable":true,"href":"https:\/\/stansgar.katolsk.no\/index.php?rest_route=%2Fwp%2Fv2%2Ftags&post=22597"}],"curies":[{"name":"wp","href":"https:\/\/api.w.org\/{rel}","templated":true}]}}