{"id":22589,"date":"2025-09-21T11:11:29","date_gmt":"2025-09-21T09:11:29","guid":{"rendered":"https:\/\/stansgar.katolsk.no\/?p=22589"},"modified":"2025-09-19T13:12:33","modified_gmt":"2025-09-19T11:12:33","slug":"kunngjoringer-sondag-21-september-2025","status":"publish","type":"post","link":"https:\/\/stansgar.katolsk.no\/?p=22589","title":{"rendered":"KUNNGJ\u00d8RINGER S\u00d8NDAG 21. SEPTEMBER 2025"},"content":{"rendered":"<p style=\"text-align: center;\"><strong>KUNNGJ\u00d8RINGER S\u00d8NDAG 21. SEPTEMBER 2025<\/strong><\/p>\n<table style=\"width: 660.031px;\">\n<tbody>\n<tr>\n<td style=\"width: 567.031px;\" colspan=\"5\"><strong>Prestem\u00f8te <\/strong><strong>22.09 &#8211; 25.09<\/strong>: Prester i Oslo katolske bisped\u00f8mme har m\u00f8te p\u00e5 Mariaholm.<\/p>\n<p>&nbsp;&nbsp;&nbsp;&nbsp;&nbsp;&nbsp;&nbsp;&nbsp;&nbsp;&nbsp;&nbsp;&nbsp;&nbsp;&nbsp;&nbsp;&nbsp;&nbsp;&nbsp; Vi ber for biskopen og prestene. Det er ikke messer p\u00e5 tirsdag, onsdag og torsdag.<\/td>\n<\/tr>\n<tr>\n<td style=\"width: 72px;\">Fredag<\/td>\n<td style=\"width: 68px;\">26.09.<\/td>\n<td style=\"width: 27px;\">kl.<\/p>\n<p>&nbsp;<\/p>\n<p>kl.<\/td>\n<td style=\"width: 39px;\">17.00<\/p>\n<p>&nbsp;<\/p>\n<p>18.00<\/td>\n<td style=\"width: 361.031px;\">Sakramentstilbedelse &#8211;<\/p>\n<p>Skriftem\u00e5l (kl. 17.00 -17.30) under tilbedelsen<\/p>\n<p>Messe<\/td>\n<\/tr>\n<tr>\n<td style=\"width: 72px;\">L\u00f8rdag<\/p>\n<p>&nbsp;<\/p>\n<p>&nbsp;<\/p>\n<p>&nbsp;<\/p>\n<p>&nbsp;<\/p>\n<p>&nbsp;<\/p>\n<p>Andre steder:<\/td>\n<td style=\"width: 68px;\">27.09.<\/td>\n<td style=\"width: 27px;\">kl.<\/p>\n<p>kl.<\/p>\n<p>kl.<\/p>\n<p>kl.<\/p>\n<p>kl.<\/p>\n<p>&nbsp;<\/p>\n<p>kl.<\/p>\n<p>kl.<\/td>\n<td style=\"width: 39px;\">12.30<\/p>\n<p>13.00<\/p>\n<p>14.00<\/p>\n<p>16.00<\/p>\n<p>18.00<\/p>\n<p>&nbsp;<\/p>\n<p>14.00<\/p>\n<p>17.00<\/td>\n<td style=\"width: 361.031px;\">Rosenkransandakt<\/p>\n<p>Messe<\/p>\n<p>Messe p\u00e5 tagalog<\/p>\n<p>Messe p\u00e5 fransk<\/p>\n<p>Messe p\u00e5 polsk<\/p>\n<p><strong>&nbsp;<\/strong><\/p>\n<p>Messe i Lyngdal<\/p>\n<p>Messe i Flekkefjord<\/td>\n<\/tr>\n<tr>\n<td style=\"width: 72px;\">S\u00f8ndag<\/td>\n<td style=\"width: 68px;\">28.09<strong>.<\/strong><\/td>\n<td style=\"width: 427.031px;\" colspan=\"3\"><strong>26. S\u00d8NDAG I DET ALMINNELIGE KIRKE\u00c5R<\/strong><\/td>\n<\/tr>\n<tr>\n<td style=\"width: 72px;\">&nbsp;<\/td>\n<td style=\"width: 68px;\">&nbsp;<\/td>\n<td style=\"width: 27px;\">kl.<\/p>\n<p>kl.<\/p>\n<p>kl.<\/p>\n<p>kl.<\/td>\n<td style=\"width: 39px;\">09.00<\/p>\n<p>11.00<\/p>\n<p>13.00<\/p>\n<p>15.00<\/td>\n<td style=\"width: 361.031px;\">Messe p\u00e5 polsk<\/p>\n<p>H\u00f8ymesse<\/p>\n<p>Messe p\u00e5 vietnamesisk<\/p>\n<p>Messe p\u00e5 engelsk<\/td>\n<\/tr>\n<\/tbody>\n<\/table>\n<p><strong>&nbsp;<\/strong><strong>Annet: <\/strong><\/p>\n<p><strong>&nbsp;<\/strong><strong>1) Andre messer i tillegg til ordin\u00e6re messer denne uken:<\/strong><\/p>\n<p><strong>I St. Ansgar kirke<br \/>\nL\u00f8rdag 27. september <\/strong>er det messe p\u00e5 tagalog kl. 14.00 og p\u00e5 fransk kl. 16.00.<strong><br \/>\nS\u00f8ndag 28. september <\/strong>er det messe p\u00e5 engelsk kl. 15.00<strong>.<\/strong><strong><\/p>\n<p><\/strong><strong>Andre steder:<br \/>\nL\u00f8rdag 27. september <\/strong>er det messe i Lyngdal kl. 14.00 og i Flekkefjord kl. 17.00.<strong><\/p>\n<p><\/strong><\/p>\n<p><strong>2) Prestem\u00f8te 22.9 &#8211; 25.9: <\/strong>Prester i Oslo katolske bisped\u00f8mme har m\u00f8te p\u00e5 Mariaholm.<\/p>\n<p>&nbsp;&nbsp;&nbsp;&nbsp;&nbsp;&nbsp;&nbsp;&nbsp;&nbsp;&nbsp;&nbsp;&nbsp;&nbsp;&nbsp;&nbsp;&nbsp;&nbsp;&nbsp; Vi ber for biskopen og prestene. Det er ikke messer p\u00e5 tirsdag, onsdag og torsdag.<\/p>\n<p>&nbsp;<\/p>\n<p><strong>3) Sakramentstilbedelse i Jubel\u00e5ret<\/strong><\/p>\n<p>Det er sakramentstilbedelse fredag 26.09. fra kl. 17.00 til kl. 17.45.&nbsp; Under tilbedelsen er det skriftem\u00e5l fra kl. 17.00 til kl. 17.30. Alle oppmuntres til \u00e5 delta i tilbedelse og Den hellige messe og oppn\u00e5r p\u00e5 den m\u00e5ten avlat.<\/p>\n<p>&nbsp;<\/p>\n<p><strong>4) Torsdag 25. september<\/strong> er det troskurs etter kveldsmessen.<\/p>\n<p>&nbsp;<\/p>\n<p><strong>5) Fredag 26. september<\/strong> er det Juniorklubb kl. 18.30- 20.45 i menighetssalen. P\u00e5meldingsfrist onsdag: 24\/9 til Dung 418 44223.<\/p>\n<p>&nbsp;<\/p>\n<p><strong>6) Neste s\u00f8ndag 28. september<\/strong> er det Caritas- s\u00f8ndag. I den forblindelse skal frivillige i St. Ansgar lage og dele ut en nydelig og varm \u00abCaritas-suppe\u00bb. Slagordet for \u00e5rets h\u00f8staksjon er&nbsp;<strong>kampen for muligheter. <\/strong>Gjennom H\u00f8staksjonen kan vi sammen gi muligheter til mennesker i s\u00e5rbare situasjoner og kjempe for muligheter.<strong> Det blir en flott anledning til \u00e5 vise st\u00f8tte og bidra til at flere f\u00e5r den hjelpen de trenger. &nbsp;<\/strong><\/p>\n<p><strong>&nbsp;<\/strong><\/p>\n<p><strong>7) Mandag 29. september <\/strong>kl. 11.00 er det requiemesse for avd\u00f8dde David Buckner.<\/p>\n<p><strong><\/p>\n<p><\/strong><\/p>\n<p style=\"text-align: center;\"><strong>Alle er hjertelig velkommen til kirkekaffe. \u00d8nsker dere riktig god s\u00f8ndag!<\/strong><\/p>\n<p>&nbsp;<\/p>\n","protected":false},"excerpt":{"rendered":"<p>KUNNGJ\u00d8RINGER S\u00d8NDAG 21. SEPTEMBER 2025 Prestem\u00f8te 22.09 &#8211; 25.09: Prester i Oslo katolske bisped\u00f8mme har m\u00f8te p\u00e5 Mariaholm. &nbsp;&nbsp;&nbsp;&nbsp;&nbsp;&nbsp;&nbsp;&nbsp;&nbsp;&nbsp;&nbsp;&nbsp;&nbsp;&nbsp;&nbsp;&nbsp;&nbsp;&nbsp; Vi ber for biskopen og prestene. Det er ikke messer p\u00e5 tirsdag, onsdag og torsdag. Fredag 26.09. kl. &nbsp; kl. 17.00&#8230;<br \/><a class=\"read-more-button\" href=\"https:\/\/stansgar.katolsk.no\/?p=22589\">Read more<\/a><\/p>\n","protected":false},"author":5,"featured_media":0,"comment_status":"closed","ping_status":"open","sticky":false,"template":"","format":"standard","meta":{"footnotes":""},"categories":[482],"tags":[],"class_list":["post-22589","post","type-post","status-publish","format-standard","hentry","category-kunngjoringer"],"_links":{"self":[{"href":"https:\/\/stansgar.katolsk.no\/index.php?rest_route=\/wp\/v2\/posts\/22589","targetHints":{"allow":["GET"]}}],"collection":[{"href":"https:\/\/stansgar.katolsk.no\/index.php?rest_route=\/wp\/v2\/posts"}],"about":[{"href":"https:\/\/stansgar.katolsk.no\/index.php?rest_route=\/wp\/v2\/types\/post"}],"author":[{"embeddable":true,"href":"https:\/\/stansgar.katolsk.no\/index.php?rest_route=\/wp\/v2\/users\/5"}],"replies":[{"embeddable":true,"href":"https:\/\/stansgar.katolsk.no\/index.php?rest_route=%2Fwp%2Fv2%2Fcomments&post=22589"}],"version-history":[{"count":1,"href":"https:\/\/stansgar.katolsk.no\/index.php?rest_route=\/wp\/v2\/posts\/22589\/revisions"}],"predecessor-version":[{"id":22590,"href":"https:\/\/stansgar.katolsk.no\/index.php?rest_route=\/wp\/v2\/posts\/22589\/revisions\/22590"}],"wp:attachment":[{"href":"https:\/\/stansgar.katolsk.no\/index.php?rest_route=%2Fwp%2Fv2%2Fmedia&parent=22589"}],"wp:term":[{"taxonomy":"category","embeddable":true,"href":"https:\/\/stansgar.katolsk.no\/index.php?rest_route=%2Fwp%2Fv2%2Fcategories&post=22589"},{"taxonomy":"post_tag","embeddable":true,"href":"https:\/\/stansgar.katolsk.no\/index.php?rest_route=%2Fwp%2Fv2%2Ftags&post=22589"}],"curies":[{"name":"wp","href":"https:\/\/api.w.org\/{rel}","templated":true}]}}