{"id":22564,"date":"2025-09-14T11:00:41","date_gmt":"2025-09-14T09:00:41","guid":{"rendered":"https:\/\/stansgar.katolsk.no\/?p=22564"},"modified":"2025-09-12T13:07:52","modified_gmt":"2025-09-12T11:07:52","slug":"kunngjoringer-sondag-14-september-2025","status":"publish","type":"post","link":"https:\/\/stansgar.katolsk.no\/?p=22564","title":{"rendered":"KUNNGJ\u00d8RINGER S\u00d8NDAG 14. SEPTEMBER 2025"},"content":{"rendered":"<p style=\"text-align: center;\"><strong>KUNNGJ\u00d8RINGER S\u00d8NDAG 14. SEPTEMBER 2025<\/strong><\/p>\n<table style=\"width: 633.047px;\">\n<tbody>\n<tr style=\"height: 39.5px;\">\n<td style=\"height: 117.5px; width: 60px;\" rowspan=\"2\">Tirsdag<\/td>\n<td style=\"height: 117.5px; width: 55px;\" rowspan=\"2\">16.09<strong>.<\/strong><\/td>\n<td style=\"height: 39.5px; width: 426.047px;\" colspan=\"3\">Minnedag: De hellige Kornelius og Kyprian<\/td>\n<\/tr>\n<tr style=\"height: 78px;\">\n<td style=\"height: 78px; width: 10px;\">kl.<\/p>\n<p>kl.<\/td>\n<td style=\"height: 78px; width: 41px;\">17.30<\/p>\n<p>18.00<\/td>\n<td style=\"height: 78px; width: 375.047px;\">Vesper<\/p>\n<p>Messe &#8211; etterfulgt av sakramentstilbedelse<\/td>\n<\/tr>\n<tr style=\"height: 39px;\">\n<td style=\"height: 39px; width: 60px;\">Onsdag<\/td>\n<td style=\"height: 39px; width: 55px;\">17.09<strong>.<\/strong><\/td>\n<td style=\"height: 39px; width: 10px;\">kl.<\/td>\n<td style=\"height: 39px; width: 41px;\">18.00<\/td>\n<td style=\"height: 39px; width: 375.047px;\">Messe<\/td>\n<\/tr>\n<tr style=\"height: 78px;\">\n<td style=\"height: 78px; width: 60px;\">Torsdag<\/td>\n<td style=\"height: 78px; width: 55px;\">18.09<strong>.<\/strong><\/td>\n<td style=\"height: 78px; width: 10px;\">kl.<\/p>\n<p>kl.<\/td>\n<td style=\"height: 78px; width: 41px;\">11.00<\/p>\n<p>18.00<\/td>\n<td style=\"height: 78px; width: 375.047px;\">Messe &#8211; etterfulgt av felles lunsj i Kiga.<\/p>\n<p>Messe<\/td>\n<\/tr>\n<tr style=\"height: 117px;\">\n<td style=\"height: 117px; width: 60px;\">Fredag<\/td>\n<td style=\"height: 117px; width: 55px;\">19.09.<\/td>\n<td style=\"height: 117px; width: 10px;\">kl.<\/p>\n<p>&nbsp;<\/p>\n<p>kl.<\/td>\n<td style=\"height: 117px; width: 41px;\">17.00<\/p>\n<p>&nbsp;<\/p>\n<p>18.00<\/td>\n<td style=\"height: 117px; width: 375.047px;\">Sakramentstilbedelse &#8211;<\/p>\n<p>Skriftem\u00e5l (kl. 17.00 -17.30) under tilbedelsen<\/p>\n<p>Messe<\/td>\n<\/tr>\n<tr style=\"height: 39px;\">\n<td style=\"height: 156px; width: 60px;\" rowspan=\"2\">L\u00f8rdag<\/td>\n<td style=\"height: 156px; width: 55px;\" rowspan=\"2\">20.09.<\/td>\n<td style=\"height: 39px; width: 426.047px;\" colspan=\"3\">Minnedag: Den hellige Kim Taegon og hans ledsagere<\/td>\n<\/tr>\n<tr style=\"height: 117px;\">\n<td style=\"height: 117px; width: 10px;\">kl.<\/p>\n<p>kl.<\/p>\n<p>kl.<\/td>\n<td style=\"height: 117px; width: 41px;\">13.00<\/p>\n<p>14.00<\/p>\n<p>18.00<\/td>\n<td style=\"height: 117px; width: 375.047px;\">Katekesemesse<\/p>\n<p>Messe p\u00e5 spansk<\/p>\n<p>Messe p\u00e5 polsk<\/td>\n<\/tr>\n<tr style=\"height: 39px;\">\n<td style=\"height: 39px; width: 60px;\">S\u00f8ndag<\/td>\n<td style=\"height: 39px; width: 55px;\">21.09<strong>.<\/strong><\/td>\n<td style=\"height: 39px; width: 426.047px;\" colspan=\"3\"><strong>25. S\u00d8NDAG I DET ALMINNELIGE KIRKE\u00c5R<\/strong><\/td>\n<\/tr>\n<tr style=\"height: 117px;\">\n<td style=\"height: 117px; width: 60px;\">&nbsp;<\/td>\n<td style=\"height: 117px; width: 55px;\">&nbsp;<\/td>\n<td style=\"height: 117px; width: 10px;\">kl.<\/p>\n<p>kl.<\/p>\n<p>kl.<\/td>\n<td style=\"height: 117px; width: 41px;\">09.00<\/p>\n<p>11.00<\/p>\n<p>13.00<\/td>\n<td style=\"height: 117px; width: 375.047px;\">Messe p\u00e5 polsk<\/p>\n<p>H\u00f8ymesse<\/p>\n<p>Messe p\u00e5 vietnamesisk<\/td>\n<\/tr>\n<\/tbody>\n<\/table>\n<p><strong>Annet: <\/strong><\/p>\n<p><strong>1) Andre messer i tillegg til ordin\u00e6re messer denne uken:<br \/>\nI St. Ansgar kirke<br \/>\nL\u00f8rdag 20. september <\/strong>kl. 14.00 er det messe p\u00e5 spansk.<\/p>\n<p><strong>&nbsp;<\/strong><\/p>\n<p><strong>2) Sakramentstilbedelse i Jubel\u00e5ret<\/strong><\/p>\n<p>Det er sakramentstilbedelse fredag 19.09. fra kl. 17.00 til kl. 17.45.&nbsp; Under tilbedelsen er det skriftem\u00e5l fra kl. 17.00 til kl. 17.30. Alle oppmuntres til \u00e5 delta i tilbedelse og Den hellige messe og oppn\u00e5r p\u00e5 den m\u00e5ten avlat.<\/p>\n<p><strong>&nbsp;<\/strong><\/p>\n<p><strong>3) Innmelding til forberedelse til konfirmasjonens sakrament p\u00e5 8. og 9. trinn:<\/strong><\/p>\n<p>I Den katolske kirke varer konfirmasjonsforberedelsen i to \u00e5r, fra 8. trinn. Ungdommer som g\u00e5r p\u00e5 9. og 10. trinn p\u00e5 grunnskolen eller videreg\u00e5ende, som vil motta konfirmasjonens sakrament, m\u00e5 ogs\u00e5 begynne p\u00e5 konfirmantkurs for f\u00f8rste\u00e5rskonfirmanter.<\/p>\n<p>Etter 20. september tar vi ikke imot nye konfirmantkandidater. Det betyr at kandidaten m\u00e5 vente til september 2026 for \u00e5 begynne p\u00e5 konfirmantkurset for f\u00f8rste\u00e5rskonfirmanter.<\/p>\n<p>&nbsp;<\/p>\n<p><strong>&nbsp;<\/strong><strong>4) Katekese l\u00f8rdag 20. september<\/strong><\/p>\n<p>L\u00f8rdag 20. september begynner katekesen for f\u00f8rste\u00e5rskonfirmanter, 8. trinn<\/p>\n<p>Kl. 10.00 &#8211; 10.30: Oppstartsm\u00f8te for foreldre og konfirmanter<\/p>\n<p>Kl. 10.30 &#8211; 13.00: Katekese<\/p>\n<p>Kl. 13.00 &#8211; 14.00: Katekesemesse<\/p>\n<p><strong>&nbsp;<\/strong><\/p>\n<p><strong>5) <\/strong>Andre\u00e5rskonfirmanter, 9. trinn, har obligatorisk leir p\u00e5 Stella Maris i Mandal<br \/>\n19.09. -21.09.<br \/>\n<strong><br \/>\n<\/strong>Siste frist for \u00e5 melde seg inn i katekesen for andre\u00e5rskonfirmanter, 9. trinn, er<br \/>\nl\u00f8rdag 20. september 2025.<\/p>\n<p><strong>6) F\u00f8rste Hellige Kommunionskatekese, 3. trinn<\/strong><\/p>\n<p>Det er F\u00f8rste Hellige Kommunionskatekese s\u00f8ndag 21.09. kl. 10.15 &#8211; 10.45.<\/p>\n<p><strong>7)<\/strong> <strong>P\u00e5 torsdag 18. september<\/strong> har St. Hieronymus, lokallaget for unge voksne fra 18-35 \u00e5r, aktivitet. De skal spille minigolf i byen. P\u00e5meldingsfristen er tirsdag 16. september, og man kan melde seg p\u00e5 ved \u00e5 sende melding til Lisanne eller Maria. Telefonnumrene st\u00e5r p\u00e5 plakaten som henger ved inngangen. Oppm\u00f8te er i gangen til kirka etter kveldsmessen.<\/p>\n<p style=\"text-align: center;\"><strong>Alle er hjertelig velkommen til kirkekaffe. \u00d8nsker dere riktig god s\u00f8ndag!<\/strong><\/p>\n<p>&nbsp;<\/p>\n","protected":false},"excerpt":{"rendered":"<p>KUNNGJ\u00d8RINGER S\u00d8NDAG 14. SEPTEMBER 2025 Tirsdag 16.09. Minnedag: De hellige Kornelius og Kyprian kl. kl. 17.30 18.00 Vesper Messe &#8211; etterfulgt av sakramentstilbedelse Onsdag 17.09. kl. 18.00 Messe Torsdag 18.09. kl. kl. 11.00 18.00 Messe &#8211; etterfulgt av felles lunsj&#8230;<br \/><a class=\"read-more-button\" href=\"https:\/\/stansgar.katolsk.no\/?p=22564\">Read more<\/a><\/p>\n","protected":false},"author":5,"featured_media":0,"comment_status":"closed","ping_status":"open","sticky":false,"template":"","format":"standard","meta":{"footnotes":""},"categories":[482],"tags":[],"class_list":["post-22564","post","type-post","status-publish","format-standard","hentry","category-kunngjoringer"],"_links":{"self":[{"href":"https:\/\/stansgar.katolsk.no\/index.php?rest_route=\/wp\/v2\/posts\/22564","targetHints":{"allow":["GET"]}}],"collection":[{"href":"https:\/\/stansgar.katolsk.no\/index.php?rest_route=\/wp\/v2\/posts"}],"about":[{"href":"https:\/\/stansgar.katolsk.no\/index.php?rest_route=\/wp\/v2\/types\/post"}],"author":[{"embeddable":true,"href":"https:\/\/stansgar.katolsk.no\/index.php?rest_route=\/wp\/v2\/users\/5"}],"replies":[{"embeddable":true,"href":"https:\/\/stansgar.katolsk.no\/index.php?rest_route=%2Fwp%2Fv2%2Fcomments&post=22564"}],"version-history":[{"count":1,"href":"https:\/\/stansgar.katolsk.no\/index.php?rest_route=\/wp\/v2\/posts\/22564\/revisions"}],"predecessor-version":[{"id":22565,"href":"https:\/\/stansgar.katolsk.no\/index.php?rest_route=\/wp\/v2\/posts\/22564\/revisions\/22565"}],"wp:attachment":[{"href":"https:\/\/stansgar.katolsk.no\/index.php?rest_route=%2Fwp%2Fv2%2Fmedia&parent=22564"}],"wp:term":[{"taxonomy":"category","embeddable":true,"href":"https:\/\/stansgar.katolsk.no\/index.php?rest_route=%2Fwp%2Fv2%2Fcategories&post=22564"},{"taxonomy":"post_tag","embeddable":true,"href":"https:\/\/stansgar.katolsk.no\/index.php?rest_route=%2Fwp%2Fv2%2Ftags&post=22564"}],"curies":[{"name":"wp","href":"https:\/\/api.w.org\/{rel}","templated":true}]}}