{"id":22482,"date":"2025-09-07T11:10:27","date_gmt":"2025-09-07T09:10:27","guid":{"rendered":"https:\/\/stansgar.katolsk.no\/?p=22482"},"modified":"2025-09-09T11:18:57","modified_gmt":"2025-09-09T09:18:57","slug":"kunngjoringer-sondag-7-september-2025","status":"publish","type":"post","link":"https:\/\/stansgar.katolsk.no\/?p=22482","title":{"rendered":"KUNNGJ\u00d8RINGER S\u00d8NDAG 7. SEPTEMBER 2025"},"content":{"rendered":"<p style=\"text-align: center;\"><strong>KUNNGJ\u00d8RINGER S\u00d8NDAG 7. SEPTEMBER 2025<\/strong><\/p>\n<table style=\"width: 681.047px;\">\n<tbody>\n<tr>\n<td style=\"width: 85px;\">Tirsdag<\/td>\n<td style=\"width: 76px;\">09.09<strong>.<\/strong><\/td>\n<td style=\"width: 17px;\">kl.<\/p>\n<p>kl.<\/td>\n<td style=\"width: 42px;\">17.30<\/p>\n<p>18.00<\/td>\n<td style=\"width: 368.047px;\">Vesper<\/p>\n<p>Messe &#8211; etterfulgt av sakramentstilbedelse<\/td>\n<\/tr>\n<tr>\n<td style=\"width: 85px;\">Onsdag<\/td>\n<td style=\"width: 76px;\">10.09<strong>.<\/strong><\/td>\n<td style=\"width: 17px;\">kl.<\/td>\n<td style=\"width: 42px;\">18.00<\/td>\n<td style=\"width: 368.047px;\">Messe<\/td>\n<\/tr>\n<tr>\n<td style=\"width: 85px;\">Torsdag<\/td>\n<td style=\"width: 76px;\">11.09<strong>.<\/strong><\/td>\n<td style=\"width: 17px;\">kl.<\/p>\n<p>kl.<\/td>\n<td style=\"width: 42px;\">11.00<\/p>\n<p>18.00<\/td>\n<td style=\"width: 368.047px;\">Messe &#8211; etterfulgt av felles lunsj i Kiga.<\/p>\n<p>Messe<\/td>\n<\/tr>\n<tr>\n<td style=\"width: 85px;\">Fredag<\/td>\n<td style=\"width: 76px;\">12.09.<\/td>\n<td style=\"width: 17px;\">kl.<\/p>\n<p>&nbsp;<\/p>\n<p>kl.<\/td>\n<td style=\"width: 42px;\">17.00<\/p>\n<p>&nbsp;<\/p>\n<p>18.00<\/td>\n<td style=\"width: 368.047px;\">Sakramentstilbedelse &#8211;<\/p>\n<p>Skriftem\u00e5l (kl. 17.00 -17.30) under tilbedelsen<\/p>\n<p>Messe<\/td>\n<\/tr>\n<tr>\n<td style=\"width: 85px;\" rowspan=\"2\">L\u00f8rdag<\/td>\n<td style=\"width: 76px;\" rowspan=\"2\">13.09.<\/td>\n<td style=\"width: 427.047px;\" colspan=\"3\">Minnedag: Den hellige Johannes Krysostomos<\/td>\n<\/tr>\n<tr>\n<td style=\"width: 17px;\">kl.<\/p>\n<p>kl.<\/p>\n<p>kl.<\/td>\n<td style=\"width: 42px;\">12.30<\/p>\n<p>13.00<\/p>\n<p>18.00<\/td>\n<td style=\"width: 368.047px;\">Rosenkransandakt<\/p>\n<p>Katekesemesse<\/p>\n<p>Messe p\u00e5 polsk<\/td>\n<\/tr>\n<tr>\n<td style=\"width: 85px;\">S\u00f8ndag<\/td>\n<td style=\"width: 76px;\">14.09<strong>.<\/strong><\/td>\n<td style=\"width: 427.047px;\" colspan=\"3\"><strong>Fest: KORSETS OPPH\u00d8YELSE<\/strong><\/td>\n<\/tr>\n<tr>\n<td style=\"width: 85px;\">&nbsp;<\/p>\n<p>&nbsp;<\/p>\n<p>&nbsp;<\/p>\n<p>&nbsp;<\/p>\n<p>Andre steder:<\/td>\n<td style=\"width: 76px;\">&nbsp;<\/td>\n<td style=\"width: 17px;\">kl.<\/p>\n<p>kl.<\/p>\n<p>kl.<\/p>\n<p>&nbsp;<\/p>\n<p>kl.<\/td>\n<td style=\"width: 42px;\">09.00<\/p>\n<p>11.00<\/p>\n<p>13.00<\/p>\n<p>&nbsp;<\/p>\n<p>17.00<\/td>\n<td style=\"width: 368.047px;\">Messe p\u00e5 polsk<\/p>\n<p>H\u00f8ymesse<\/p>\n<p>Messe p\u00e5 vietnamesisk<\/p>\n<p>&nbsp;<\/p>\n<p>Stella Maris Mandal<\/td>\n<\/tr>\n<\/tbody>\n<\/table>\n<p><strong>Annet: <\/strong><\/p>\n<p><strong>1) H\u00f8ytider og fester denne uken:<br \/>\nS\u00f8ndag 14. september <\/strong>er det festen for Korets opph\u00f8yelse.<\/p>\n<p><strong>2) Andre messer i tillegg til ordin\u00e6re messer denne uken:<br \/>\nAndre steder:<br \/>\nS\u00f8ndag 14. september<\/strong> kl. 17.00 er det messe p\u00e5 Stella Maris i Mandal.<\/p>\n<p><strong>3) Sakramentstilbedelse i Jubel\u00e5ret<\/strong><\/p>\n<p>Det er sakramentstilbedelse fredag 12.09. fra kl. 17.00 til kl. 17.45.&nbsp; Under tilbedelsen er det skriftem\u00e5l fra kl. 17.00 til kl. 17.30. Alle oppmuntres til \u00e5 delta i tilbedelse og Den hellige messe og oppn\u00e5r p\u00e5 den m\u00e5ten avlat.<\/p>\n<p>&nbsp;<\/p>\n<p><strong>4) INNMELDING I KATEKESEN FOR KATEKESE\u00c5RET 2025 &#8211; 2026<\/strong><\/p>\n<p><strong>Innmelding i katekesen for barn p\u00e5 1. -7. trinn<\/strong><\/p>\n<p>For at vi skal kunne organisere katekesen p\u00e5 best mulig m\u00e5te, oppfordrer vi foreldre innstendig til \u00e5 melde inn barna i katekesen f\u00f8r 13.09.2025. &nbsp;<\/p>\n<p><strong>Innmelding i katekesen for barn p\u00e5 3. trinn<\/strong><\/p>\n<p>Siste frist for \u00e5 melde barn inn i f\u00f8rstekommunionskatekesen og \u00e5 m\u00f8te opp p\u00e5&nbsp;3. trinn er<br \/>\n13. september.<\/p>\n<p>Etter 13. september tar vi ikke imot nye barn i f\u00f8rstekommunionskatekesen. Det betyr at barnet m\u00e5 vente til september 2026 for \u00e5 begynne i f\u00f8rstekommunionskatekesen.<\/p>\n<p><strong>Innmelding til forberedelse til konfirmasjonens sakrament p\u00e5 8. og 9. trinn:<\/strong><\/p>\n<p>I Den katolske kirke varer konfirmasjonsforberedelsen i to \u00e5r, fra 8. trinn. Ungdommer som g\u00e5r p\u00e5 9. og 10. trinn p\u00e5 grunnskolen eller videreg\u00e5ende, som vil motta konfirmasjonens sakrament, m\u00e5 ogs\u00e5 begynne p\u00e5 konfirmantkurs for f\u00f8rste\u00e5rskonfirmanter.<\/p>\n<p>Siste frist for \u00e5 melde seg p\u00e5 kurset for f\u00f8rste\u00e5rskonfirmanter (8. trinn) og \u00e5 m\u00f8te opp i&nbsp;katekesen er 20. september<strong>. <\/strong>Andre\u00e5rskonfirmanter har obligatorisk leir p\u00e5 Stella Maris fra 19.09. &#8211; 21.09.<\/p>\n<p>Etter 20. september tar vi ikke imot nye konfirmantkandidater. Det betyr at kandidaten m\u00e5 vente til september 2026 for \u00e5 begynne p\u00e5 konfirmantkurset for f\u00f8rste\u00e5rskonfirmanter.<\/p>\n<p><strong><br \/>\n5) L\u00f8rdag 13. september begynner katekese for 1. &#8211; 7. trinn<\/strong><\/p>\n<p>Kl. 10.00 &#8211; 10.30: Oppstartsm\u00f8te i kirken for foreldre og barn p\u00e5 1. &#8211; 4. trinn<\/p>\n<p>Kl. 10.30 &#8211; 13.00: Katekese for 1. &#8211; 4. trinn<\/p>\n<p>Kl. 13.00 &#8211; 14.00: Katekesemesse for 1. &#8211; 7. trinn<\/p>\n<p>Kl. 14.00 &#8211; 14.30: Oppstartm\u00f8te for foreldre og barn p\u00e5 5. &#8211; 7. trinn<\/p>\n<p>Kl. 14.30 &#8211; 17.00: Katekese for 5. &#8211; 7. trinn<\/p>\n<p>&nbsp;<\/p>\n<p><strong>6) Torsdag 11. september<\/strong> er det troskurs etter kveldsmessen.<\/p>\n<p>&nbsp;<\/p>\n<p><strong>7)<\/strong> <strong>Innbrudd i kirken og i menighetens lokaler<\/strong><\/p>\n<p>Natten til onsdag 3. september ble kirken v\u00e5r utsatt for et innbrudd. Ingenting av verdi ble stj\u00e5let.<br \/>\nTyver kom seg sannsynligvis inn i bygningen gjennom et \u00e5pent vindu.<\/p>\n<p>Alle medlemmene i menigheten bes om \u00e5 v\u00e6re spesielt oppmerksomme p\u00e5 \u00e5 lukke ordentlig d\u00f8rer og vinduer etter bruk b\u00e5de i kirken og i KIGA.<\/p>\n<p>Alle som tar ansvar for aktiviteter i kirken bes om \u00e5 dobbeltsjekke at alle vinduer og d\u00f8rer er lukket og l\u00e5st f\u00f8r de forlater lokalene.<\/p>\n<p><strong>8) H\u00f8stens program for Katolsk forum<\/strong> er klart, og henger p\u00e5 oppslagstavla i gangen. 8. oktober kommer Mgr. Torbj\u00f8rn Olsen for \u00e5 holde et foredrag om kirkeretten i et historisk perspektiv, og 26. november vil Frode Thorup inspirere oss med Kirkens helgener fra mer moderne tid. Vel m\u00f8tt, alle sammen!<\/p>\n<p><strong>9)<\/strong> I dag er september-nummeret av St. Ansgar Nytt klart, det er bare \u00e5 forsynes seg &#8211; de ligger i inngangshallen og i kirka.<\/p>\n<p>&nbsp;<\/p>\n<p style=\"text-align: center;\"><strong>Alle er hjertelig velkommen til kirkekaffe. \u00d8nsker dere riktig god s\u00f8ndag!<\/strong><\/p>\n<p>&nbsp;<\/p>\n","protected":false},"excerpt":{"rendered":"<p>KUNNGJ\u00d8RINGER S\u00d8NDAG 7. SEPTEMBER 2025 Tirsdag 09.09. kl. kl. 17.30 18.00 Vesper Messe &#8211; etterfulgt av sakramentstilbedelse Onsdag 10.09. kl. 18.00 Messe Torsdag 11.09. kl. kl. 11.00 18.00 Messe &#8211; etterfulgt av felles lunsj i Kiga. Messe Fredag 12.09. kl&#8230;.<br \/><a class=\"read-more-button\" href=\"https:\/\/stansgar.katolsk.no\/?p=22482\">Read more<\/a><\/p>\n","protected":false},"author":5,"featured_media":0,"comment_status":"closed","ping_status":"open","sticky":false,"template":"","format":"standard","meta":{"footnotes":""},"categories":[482],"tags":[],"class_list":["post-22482","post","type-post","status-publish","format-standard","hentry","category-kunngjoringer"],"_links":{"self":[{"href":"https:\/\/stansgar.katolsk.no\/index.php?rest_route=\/wp\/v2\/posts\/22482","targetHints":{"allow":["GET"]}}],"collection":[{"href":"https:\/\/stansgar.katolsk.no\/index.php?rest_route=\/wp\/v2\/posts"}],"about":[{"href":"https:\/\/stansgar.katolsk.no\/index.php?rest_route=\/wp\/v2\/types\/post"}],"author":[{"embeddable":true,"href":"https:\/\/stansgar.katolsk.no\/index.php?rest_route=\/wp\/v2\/users\/5"}],"replies":[{"embeddable":true,"href":"https:\/\/stansgar.katolsk.no\/index.php?rest_route=%2Fwp%2Fv2%2Fcomments&post=22482"}],"version-history":[{"count":3,"href":"https:\/\/stansgar.katolsk.no\/index.php?rest_route=\/wp\/v2\/posts\/22482\/revisions"}],"predecessor-version":[{"id":22493,"href":"https:\/\/stansgar.katolsk.no\/index.php?rest_route=\/wp\/v2\/posts\/22482\/revisions\/22493"}],"wp:attachment":[{"href":"https:\/\/stansgar.katolsk.no\/index.php?rest_route=%2Fwp%2Fv2%2Fmedia&parent=22482"}],"wp:term":[{"taxonomy":"category","embeddable":true,"href":"https:\/\/stansgar.katolsk.no\/index.php?rest_route=%2Fwp%2Fv2%2Fcategories&post=22482"},{"taxonomy":"post_tag","embeddable":true,"href":"https:\/\/stansgar.katolsk.no\/index.php?rest_route=%2Fwp%2Fv2%2Ftags&post=22482"}],"curies":[{"name":"wp","href":"https:\/\/api.w.org\/{rel}","templated":true}]}}