{"id":22471,"date":"2025-08-31T11:30:01","date_gmt":"2025-08-31T09:30:01","guid":{"rendered":"https:\/\/stansgar.katolsk.no\/?p=22471"},"modified":"2025-09-09T11:19:12","modified_gmt":"2025-09-09T09:19:12","slug":"kunngjoringer-sondag-31-august-2025","status":"publish","type":"post","link":"https:\/\/stansgar.katolsk.no\/?p=22471","title":{"rendered":"KUNNGJ\u00d8RINGER S\u00d8NDAG 31. AUGUST 2025"},"content":{"rendered":"<p style=\"text-align: center;\"><strong>KUNNGJ\u00d8RINGER S\u00d8NDAG 31. AUGUST 2025<\/strong><\/p>\n<table style=\"width: 677.906px;\">\n<tbody>\n<tr>\n<td style=\"width: 93px;\">Tirsdag<\/td>\n<td style=\"width: 32px;\">02.09<strong>.<\/strong><\/td>\n<td style=\"width: 48px;\">kl.<\/p>\n<p>kl.<\/td>\n<td style=\"width: 47px;\">17.30<\/p>\n<p>18.00<\/td>\n<td style=\"width: 365.906px;\">Vesper<\/p>\n<p>Messe &#8211; etterfulgt av sakramentstilbedelse<\/td>\n<\/tr>\n<tr>\n<td style=\"width: 93px;\" rowspan=\"2\">Onsdag<\/td>\n<td style=\"width: 32px;\" rowspan=\"2\">03.09<strong>.<\/strong><\/td>\n<td style=\"width: 460.906px;\" colspan=\"3\">Minnedag: Den hellige Gregor den Store<\/td>\n<\/tr>\n<tr>\n<td style=\"width: 48px;\">kl.<\/td>\n<td style=\"width: 47px;\">18.00<\/td>\n<td style=\"width: 365.906px;\">Messe<\/td>\n<\/tr>\n<tr>\n<td style=\"width: 93px;\">Torsdag<\/td>\n<td style=\"width: 32px;\">04.09<strong>.<\/strong><\/td>\n<td style=\"width: 48px;\">kl.<\/p>\n<p>&nbsp;<\/p>\n<p>&nbsp;<\/p>\n<p>kl.<\/td>\n<td style=\"width: 47px;\">11.00<\/p>\n<p>&nbsp;<\/p>\n<p>&nbsp;<\/p>\n<p>18.00<\/td>\n<td style=\"width: 365.906px;\">Messe &#8211; etterfulgt av felles lunsj i Kiga.<\/p>\n<p>Etter messen er det stille tilbedelse fram til kl. 17.45.<\/p>\n<p>Vi ber spesielt for kall til ordenslivet og presteskapet.<\/p>\n<p>Messe<\/td>\n<\/tr>\n<tr>\n<td style=\"width: 93px;\">Fredag<\/td>\n<td style=\"width: 32px;\">05.09.<\/td>\n<td style=\"width: 48px;\">kl.<\/p>\n<p>&nbsp;<\/p>\n<p>kl.<\/td>\n<td style=\"width: 47px;\">17.00<\/p>\n<p>&nbsp;<\/p>\n<p>18.00<\/td>\n<td style=\"width: 365.906px;\">Sakramentstilbedelse &#8211;<\/p>\n<p>Skriftem\u00e5l (kl. 17.00 -17.30) under tilbedelsen<\/p>\n<p>Messe<\/td>\n<\/tr>\n<tr>\n<td style=\"width: 93px;\">L\u00f8rdag<\/td>\n<td style=\"width: 32px;\">06.09.<\/td>\n<td style=\"width: 48px;\">kl.<\/p>\n<p>kl.<\/td>\n<td style=\"width: 47px;\">11.00<\/p>\n<p>18.00<\/td>\n<td style=\"width: 365.906px;\"><strong>Konfirmasjonsmesse i Lund kirke<\/strong><\/p>\n<p>Messe p\u00e5 polsk<\/td>\n<\/tr>\n<tr>\n<td style=\"width: 93px;\">S\u00f8ndag<\/td>\n<td style=\"width: 32px;\">07.09<strong>.<\/strong><\/td>\n<td style=\"width: 460.906px;\" colspan=\"3\"><strong>23. S\u00d8NDAG I DET ALMINNELIGE KIRKE\u00c5R<\/strong><\/td>\n<\/tr>\n<tr>\n<td style=\"width: 93px;\">&nbsp;<\/td>\n<td style=\"width: 32px;\">&nbsp;<\/td>\n<td style=\"width: 48px;\">kl.<\/p>\n<p>kl.<\/p>\n<p>kl.<\/p>\n<p>kl.<\/td>\n<td style=\"width: 47px;\">09.00<\/p>\n<p>11.00<\/p>\n<p>13.00<\/p>\n<p>15.00<\/td>\n<td style=\"width: 365.906px;\">Messe p\u00e5 polsk<\/p>\n<p>H\u00f8ymesse<\/p>\n<p>Messe p\u00e5 vietnamesisk<\/p>\n<p>Messe p\u00e5 kaldeisk<\/td>\n<\/tr>\n<\/tbody>\n<\/table>\n<p><strong>Annet: <\/strong><\/p>\n<p><strong>1) Andre messer i tillegg til ordin\u00e6re messer denne uken:<br \/>\nI St. Ansgar kirke:<\/strong><\/p>\n<p><strong>S\u00f8ndag 7. september <\/strong>er det messe p\u00e5 kaldeisk kl. 15.00.<\/p>\n<p><strong>2) Sakramentstilbedelse i Jubel\u00e5ret<\/strong><\/p>\n<p>Det er sakramentstilbedelse fredag 05.09. fra kl. 17.00 til kl. 17.45.&nbsp; Under tilbedelsen er det skriftem\u00e5l fra kl. 17.00 til kl. 17.30. Alle oppmuntres til \u00e5 delta i tilbedelse og Den hellige messe og oppn\u00e5r p\u00e5 den m\u00e5ten avlat.<\/p>\n<p><strong>3) Konfirmasjonsmesse<\/strong><\/p>\n<p>L\u00f8rdag 06. september er det Konfirmasjonsmesse i Lund kirke kl. 11.00 for \u00e5 meddele konfirmasjonens sakrament til 30 konfirmanter. Alle er velkomne til messen. Be for v\u00e5re konfirmanter!<\/p>\n<p>&#8211; L\u00f8rdag 06. september er messe kl. 13.00 i St. Ansgar kirke avlyst.<\/p>\n<p><strong>4) INNMELDING I KATEKESEN FOR KATEKESE\u00c5RET 2025 &#8211; 2026<\/strong><\/p>\n<p><strong>Innmelding i katekesen for barn p\u00e5 1. -7. trinn<\/strong><\/p>\n<p>For at vi skal kunne organisere katekesen p\u00e5 best mulig m\u00e5te, oppfordrer vi foreldre innstendig til \u00e5 melde inn barna i katekesen f\u00f8r 13.09.2025. &nbsp;<\/p>\n<p><strong>Innmelding i katekesen for barn p\u00e5 3. trinn<\/strong><\/p>\n<p>Siste frist for \u00e5 melde barn inn i f\u00f8rstekommunionskatekesen og m\u00f8te opp p\u00e5&nbsp;3. trinn er 13. september.<\/p>\n<p>Etter 13. september tar vi ikke imot nye barn i f\u00f8rstekommunionskatekesen. Det betyr at barnet m\u00e5 vente til september 2026 for \u00e5 begynne i f\u00f8rstekommunionskatekesen.<\/p>\n<p><strong>Innmelding til forberedelse til konfirmasjonens sakrament p\u00e5 8. og 9. trinn:<\/strong><\/p>\n<p>I Den katolske kirke varer konfirmasjonsforberedelsen i to \u00e5r, fra 8. trinn. Ungdommer som g\u00e5r p\u00e5 9. og 10. trinn p\u00e5 grunnskolen eller videreg\u00e5ende, som vil motta konfirmasjonens sakrament, m\u00e5 ogs\u00e5 begynne p\u00e5 konfirmantkurs for f\u00f8rste\u00e5rskonfirmanter.<\/p>\n<p>For at vi skal kunne organisere katekesen p\u00e5 best mulig m\u00e5te, oppfordrer vi foreldre innstendig til \u00e5 melde inn konfirmantkandidatene i konfirmantkatekesen innen 25.08.2025. Men siste frist for \u00e5 melde seg p\u00e5 kurset til f\u00f8rste\u00e5rs- og andre\u00e5rskonfirmanter (8. og 9. trinn) og m\u00f8te opp i&nbsp;katekesen er 20. september<strong>.<\/strong><\/p>\n<p>Etter 20. september tar vi ikke imot nye konfirmantkandidater. Det betyr at kandidaten m\u00e5 vente til september 2026 for \u00e5 begynne p\u00e5 konfirmantkurset for f\u00f8rste\u00e5rskonfirmanter.<\/p>\n<p><strong>5) Onsdag 3. september<\/strong> er det bibelgruppe etter kveldsmesse i biblioteket.<\/p>\n<p><strong>6)<\/strong> <strong>Torsdag 4. september<\/strong>, etter sommerpause, starter vi igjen feiring av torsdagsmesse kl. 11.00.&nbsp; Det blir felleslunsj etter messen.<\/p>\n<p style=\"text-align: center;\"><strong>Alle er hjertelig velkommen til kirkekaffe. \u00d8nsker dere riktig god s\u00f8ndag!<\/strong><\/p>\n<p>&nbsp;<\/p>\n","protected":false},"excerpt":{"rendered":"<p>KUNNGJ\u00d8RINGER S\u00d8NDAG 31. AUGUST 2025 Tirsdag 02.09. kl. kl. 17.30 18.00 Vesper Messe &#8211; etterfulgt av sakramentstilbedelse Onsdag 03.09. Minnedag: Den hellige Gregor den Store kl. 18.00 Messe Torsdag 04.09. kl. &nbsp; &nbsp; kl. 11.00 &nbsp; &nbsp; 18.00 Messe &#8211;&#8230;<br \/><a class=\"read-more-button\" href=\"https:\/\/stansgar.katolsk.no\/?p=22471\">Read more<\/a><\/p>\n","protected":false},"author":5,"featured_media":0,"comment_status":"closed","ping_status":"open","sticky":false,"template":"","format":"standard","meta":{"footnotes":""},"categories":[482],"tags":[],"class_list":["post-22471","post","type-post","status-publish","format-standard","hentry","category-kunngjoringer"],"_links":{"self":[{"href":"https:\/\/stansgar.katolsk.no\/index.php?rest_route=\/wp\/v2\/posts\/22471","targetHints":{"allow":["GET"]}}],"collection":[{"href":"https:\/\/stansgar.katolsk.no\/index.php?rest_route=\/wp\/v2\/posts"}],"about":[{"href":"https:\/\/stansgar.katolsk.no\/index.php?rest_route=\/wp\/v2\/types\/post"}],"author":[{"embeddable":true,"href":"https:\/\/stansgar.katolsk.no\/index.php?rest_route=\/wp\/v2\/users\/5"}],"replies":[{"embeddable":true,"href":"https:\/\/stansgar.katolsk.no\/index.php?rest_route=%2Fwp%2Fv2%2Fcomments&post=22471"}],"version-history":[{"count":2,"href":"https:\/\/stansgar.katolsk.no\/index.php?rest_route=\/wp\/v2\/posts\/22471\/revisions"}],"predecessor-version":[{"id":22494,"href":"https:\/\/stansgar.katolsk.no\/index.php?rest_route=\/wp\/v2\/posts\/22471\/revisions\/22494"}],"wp:attachment":[{"href":"https:\/\/stansgar.katolsk.no\/index.php?rest_route=%2Fwp%2Fv2%2Fmedia&parent=22471"}],"wp:term":[{"taxonomy":"category","embeddable":true,"href":"https:\/\/stansgar.katolsk.no\/index.php?rest_route=%2Fwp%2Fv2%2Fcategories&post=22471"},{"taxonomy":"post_tag","embeddable":true,"href":"https:\/\/stansgar.katolsk.no\/index.php?rest_route=%2Fwp%2Fv2%2Ftags&post=22471"}],"curies":[{"name":"wp","href":"https:\/\/api.w.org\/{rel}","templated":true}]}}