{"id":22433,"date":"2025-08-24T11:07:21","date_gmt":"2025-08-24T09:07:21","guid":{"rendered":"https:\/\/stansgar.katolsk.no\/?p=22433"},"modified":"2025-08-22T11:08:49","modified_gmt":"2025-08-22T09:08:49","slug":"kunngjoringer-sondag-24-august-2025","status":"publish","type":"post","link":"https:\/\/stansgar.katolsk.no\/?p=22433","title":{"rendered":"KUNNGJ\u00d8RINGER S\u00d8NDAG 24. AUGUST 2025"},"content":{"rendered":"<p style=\"text-align: center;\"><strong>KUNNGJ\u00d8RINGER S\u00d8NDAG 24. AUGUST 2025<\/strong><\/p>\n<table style=\"width: 739.156px;\">\n<tbody>\n<tr>\n<td style=\"width: 87px;\">Tirsdag<\/td>\n<td style=\"width: 39px;\">26.08<strong>.<\/strong><\/td>\n<td style=\"width: 45px;\">kl.<\/p>\n<p>kl.<\/td>\n<td style=\"width: 71px;\">17.00<\/p>\n<p>18.00<\/td>\n<td style=\"width: 404.156px;\">Vesper<\/p>\n<p>Messe &#8211; etterfulgt av sakramentstilbedelse<\/td>\n<\/tr>\n<tr>\n<td style=\"width: 87px;\" rowspan=\"2\">Onsdag<\/td>\n<td style=\"width: 39px;\" rowspan=\"2\">27.08<strong>.<\/strong><\/td>\n<td style=\"width: 520.156px;\" colspan=\"3\">Minnedag: Den hellige Monika<\/td>\n<\/tr>\n<tr>\n<td style=\"width: 45px;\">kl.<\/td>\n<td style=\"width: 71px;\">18.00<\/td>\n<td style=\"width: 404.156px;\">Messe<\/td>\n<\/tr>\n<tr>\n<td style=\"width: 87px;\" rowspan=\"2\">Torsdag<\/td>\n<td style=\"width: 39px;\" rowspan=\"2\">28.08<strong>.<\/strong><\/td>\n<td style=\"width: 520.156px;\" colspan=\"3\">Minnedag: Den hellige Augustin<\/td>\n<\/tr>\n<tr>\n<td style=\"width: 45px;\">kl.<\/td>\n<td style=\"width: 71px;\">18.00<\/td>\n<td style=\"width: 404.156px;\">Messe<\/td>\n<\/tr>\n<tr>\n<td style=\"width: 87px;\" rowspan=\"2\">Fredag<\/td>\n<td style=\"width: 39px;\" rowspan=\"2\">29.08.<\/td>\n<td style=\"width: 520.156px;\" colspan=\"3\">Minnedag: Johannes D\u00f8perens martyrd\u00f8d<\/td>\n<\/tr>\n<tr>\n<td style=\"width: 45px;\">kl.<\/p>\n<p>&nbsp;<\/p>\n<p>kl.<\/td>\n<td style=\"width: 71px;\">17.00<\/p>\n<p>&nbsp;<\/p>\n<p>18.00<\/td>\n<td style=\"width: 404.156px;\">Sakramentstilbedelse &#8211;<\/p>\n<p>Skriftem\u00e5l (kl. 17.00 -17.30) under tilbedelsen<\/p>\n<p>Messe<\/td>\n<\/tr>\n<tr>\n<td style=\"width: 87px;\">L\u00f8rdag<\/td>\n<td style=\"width: 39px;\">30.08.<\/td>\n<td style=\"width: 45px;\">kl.<\/p>\n<p>kl.<\/p>\n<p>kl.<\/td>\n<td style=\"width: 71px;\">12.30<\/p>\n<p>13.00<\/p>\n<p>18.00<\/td>\n<td style=\"width: 404.156px;\">Rosenkransandakt<\/p>\n<p>Messe<\/p>\n<p>Messe p\u00e5 polsk<\/td>\n<\/tr>\n<tr>\n<td style=\"width: 87px;\">S\u00f8ndag<\/td>\n<td style=\"width: 39px;\">31.08<strong>.<\/strong><\/td>\n<td style=\"width: 520.156px;\" colspan=\"3\"><strong>22. S\u00d8NDAG I DET ALMINNELIGE KIRKE\u00c5R<\/strong><\/td>\n<\/tr>\n<tr>\n<td style=\"width: 87px;\">&nbsp;<\/td>\n<td style=\"width: 39px;\">&nbsp;<\/td>\n<td style=\"width: 45px;\">kl.<\/p>\n<p>kl.<\/p>\n<p>kl.<\/td>\n<td style=\"width: 71px;\">09.00<\/p>\n<p>11.00<\/p>\n<p>13.00<\/td>\n<td style=\"width: 404.156px;\">Messe p\u00e5 polsk<\/p>\n<p>H\u00f8ymesse<\/p>\n<p>Messe p\u00e5 vietnamesisk<\/td>\n<\/tr>\n<\/tbody>\n<\/table>\n<p><strong>Annet: <\/strong><\/p>\n<p><strong>1) Sakramentstilbedelse i Jubel\u00e5ret<\/strong><\/p>\n<p>Det er sakramentstilbedelse fredag 29.08. fra kl. 17.00 til kl. 17.45.&nbsp; Under tilbedelsen er det skriftem\u00e5l fra kl. 17.00 til kl. 17.30. Alle oppmuntres til \u00e5 delta i tilbedelse og Den hellige messe og oppn\u00e5r p\u00e5 den m\u00e5ten avlat.<\/p>\n<p><strong>2) INNMELDING I KATEKESEN FOR KATEKESE\u00c5RET 2025 &#8211; 2026<\/strong><\/p>\n<p><strong><em><br \/>\nInnmelding i katekesen for barn p\u00e5 1. -7. trinn<\/em><\/strong><\/p>\n<p>For at vi skal kunne organisere katekesen p\u00e5 best mulig m\u00e5te, oppfordrer vi foreldre innstendig til \u00e5 melde inn barna i katekesen innen 25.08.2025.<\/p>\n<p>Men siste frist for \u00e5 melde barn inn i f\u00f8rstekommunionskatekesen p\u00e5 3. trinn er 13. september.<\/p>\n<p>Etter 13. september tar vi ikke imot nye barn i f\u00f8rstekommunionskatekesen. Det betyr at barnet m\u00e5 vente til september 2026 for \u00e5 begynne i f\u00f8rstekommunionskatekesen.<\/p>\n<p>&nbsp;<\/p>\n<p><strong><em>Innmelding til forberedelse til konfirmasjonens sakrament p\u00e5 8. og 9. trinn:<\/em><\/strong><\/p>\n<p>I Den katolske kirke varer konfirmasjonsforberedelsen i to \u00e5r, fra 8. trinn. Ungdommer som g\u00e5r p\u00e5 9. og 10. trinn p\u00e5 grunnskolen eller videreg\u00e5ende, som vil motta konfirmasjonens sakrament, m\u00e5 ogs\u00e5 begynne p\u00e5 konfirmantkurs for f\u00f8rste\u00e5rskonfirmanter.<\/p>\n<p>&nbsp;<\/p>\n<p>For at vi skal kunne organisere katekesen p\u00e5 best mulig m\u00e5te, oppfordrer vi foreldre innstendig til \u00e5 melde inn konfirmantkandidatene i konfirmantkatekesen innen 25.08.2025. Men siste frist for \u00e5 melde seg p\u00e5 kurset til f\u00f8rste\u00e5rs- og andre\u00e5rskonfirmanter (8. og 9. trinn) er 20. september.<\/p>\n<p>Etter 20. september tar vi ikke imot nye konfirmantkandidater. Det betyr at kandidaten m\u00e5 vente til september 2026 for \u00e5 begynne p\u00e5 konfirmantkurset for f\u00f8rste\u00e5rskonfirmanter.<\/p>\n<p>&nbsp;<\/p>\n<p><strong>3) Menighetsdagen for besteforeldre og eldre i St. Ansgar menighet<\/strong><\/p>\n<p>Menigheten inviterer alle besteforeldre og eldre fra sytti \u00e5r og oppover til \u00abMenighetsdagen for besteforeldre og eldre\u00bb. I dag&nbsp;s\u00f8ndag 24. august er p\u00e5meldingsfrist. P\u00e5melding hos menighetens sekret\u00e6r Elzbieta Klamrowska: telefon 975 94 787 eller 380 24 225.<\/p>\n<p>&nbsp;<\/p>\n<p><strong>4) Torsdag 28. august<\/strong> er det troskurs rett etter kveldsmessen.<\/p>\n<p>&nbsp;<\/p>\n<p><strong>5)<\/strong> <strong>Kirkekaffe etter messen kl. 11.00 s\u00f8ndag 31. august<\/strong><\/p>\n<p>Familien til Edel Gr\u00f8nnings\u00e6ter \u00f8nsker \u00e5 gi alle en mulighet til \u00e5 minnes Edel som d\u00f8de 12. juni i \u00e5r. Derfor inviterer de alle til \u00e5 samles til kirkekaffe etter messen kl. 11.00. Familien spanderer kirkekaffen \/kaffe og kaker.<\/p>\n<p>&nbsp;<\/p>\n<p><strong>6)<\/strong> <strong>Renovering av toaletter<\/strong><\/p>\n<p>Fra og med mandag 25. august er det planlagt oppgradering av toalettene i kjelleren i kirken. Det betyr at disse toalettene ikke kan brukes. Derfor m\u00e5 alle bruke toalettene i kjelleren i KIGA. Omr\u00e5det der oppgraderingsarbeidet foreg\u00e5r er avstengt. Det er ikke tillatt \u00e5 g\u00e5 inn i arbeidsomr\u00e5det. Pass s\u00e6rlig p\u00e5 sm\u00e5 barn! &nbsp;Etter planen skal vi f\u00e5 de nye toalettene midt i oktober.&nbsp;<\/p>\n<p>&nbsp;<\/p>\n<p><strong>&nbsp;<\/strong><\/p>\n<p style=\"text-align: center;\"><strong>Alle er hjertelig velkommen til kirkekaffe. \u00d8nsker dere riktig god s\u00f8ndag!<\/strong><\/p>\n","protected":false},"excerpt":{"rendered":"<p>KUNNGJ\u00d8RINGER S\u00d8NDAG 24. AUGUST 2025 Tirsdag 26.08. kl. kl. 17.00 18.00 Vesper Messe &#8211; etterfulgt av sakramentstilbedelse Onsdag 27.08. Minnedag: Den hellige Monika kl. 18.00 Messe Torsdag 28.08. Minnedag: Den hellige Augustin kl. 18.00 Messe Fredag 29.08. Minnedag: Johannes D\u00f8perens&#8230;<br \/><a class=\"read-more-button\" href=\"https:\/\/stansgar.katolsk.no\/?p=22433\">Read more<\/a><\/p>\n","protected":false},"author":5,"featured_media":0,"comment_status":"closed","ping_status":"open","sticky":false,"template":"","format":"standard","meta":{"footnotes":""},"categories":[482],"tags":[],"class_list":["post-22433","post","type-post","status-publish","format-standard","hentry","category-kunngjoringer"],"_links":{"self":[{"href":"https:\/\/stansgar.katolsk.no\/index.php?rest_route=\/wp\/v2\/posts\/22433","targetHints":{"allow":["GET"]}}],"collection":[{"href":"https:\/\/stansgar.katolsk.no\/index.php?rest_route=\/wp\/v2\/posts"}],"about":[{"href":"https:\/\/stansgar.katolsk.no\/index.php?rest_route=\/wp\/v2\/types\/post"}],"author":[{"embeddable":true,"href":"https:\/\/stansgar.katolsk.no\/index.php?rest_route=\/wp\/v2\/users\/5"}],"replies":[{"embeddable":true,"href":"https:\/\/stansgar.katolsk.no\/index.php?rest_route=%2Fwp%2Fv2%2Fcomments&post=22433"}],"version-history":[{"count":1,"href":"https:\/\/stansgar.katolsk.no\/index.php?rest_route=\/wp\/v2\/posts\/22433\/revisions"}],"predecessor-version":[{"id":22434,"href":"https:\/\/stansgar.katolsk.no\/index.php?rest_route=\/wp\/v2\/posts\/22433\/revisions\/22434"}],"wp:attachment":[{"href":"https:\/\/stansgar.katolsk.no\/index.php?rest_route=%2Fwp%2Fv2%2Fmedia&parent=22433"}],"wp:term":[{"taxonomy":"category","embeddable":true,"href":"https:\/\/stansgar.katolsk.no\/index.php?rest_route=%2Fwp%2Fv2%2Fcategories&post=22433"},{"taxonomy":"post_tag","embeddable":true,"href":"https:\/\/stansgar.katolsk.no\/index.php?rest_route=%2Fwp%2Fv2%2Ftags&post=22433"}],"curies":[{"name":"wp","href":"https:\/\/api.w.org\/{rel}","templated":true}]}}