{"id":22409,"date":"2025-08-17T11:00:27","date_gmt":"2025-08-17T09:00:27","guid":{"rendered":"https:\/\/stansgar.katolsk.no\/?p=22409"},"modified":"2025-08-15T10:46:05","modified_gmt":"2025-08-15T08:46:05","slug":"kunngjoringer-sondag-17-august-2025","status":"publish","type":"post","link":"https:\/\/stansgar.katolsk.no\/?p=22409","title":{"rendered":"KUNNGJ\u00d8RINGER S\u00d8NDAG 17. AUGUST 2025"},"content":{"rendered":"<p style=\"text-align: center;\"><strong>KUNNGJ\u00d8RINGER S\u00d8NDAG 17. AUGUST 2025<\/strong><\/p>\n<table style=\"width: 677.125px;\">\n<tbody>\n<tr>\n<td style=\"width: 59px;\">Tirsdag<\/td>\n<td style=\"width: 59px;\">19.08<strong>.<\/strong><\/td>\n<td style=\"width: 67px;\">kl.<\/p>\n<p>kl.<\/td>\n<td style=\"width: 53px;\">17.00<\/p>\n<p>18.00<\/td>\n<td style=\"width: 346.125px;\">Vesper<\/p>\n<p>Messe &#8211; etterfulgt av sakramentstilbedelse<\/td>\n<\/tr>\n<tr>\n<td style=\"width: 59px;\" rowspan=\"2\">Onsdag<\/td>\n<td style=\"width: 59px;\" rowspan=\"2\">20.08<strong>.<\/strong><\/td>\n<td style=\"width: 466.125px;\" colspan=\"3\">Minnedag: Den hellige Bernhard av Clairvaux<\/td>\n<\/tr>\n<tr>\n<td style=\"width: 67px;\">kl.<\/td>\n<td style=\"width: 53px;\">18.00<\/td>\n<td style=\"width: 346.125px;\">Messe<\/td>\n<\/tr>\n<tr>\n<td style=\"width: 59px;\" rowspan=\"2\">Torsdag<\/td>\n<td style=\"width: 59px;\" rowspan=\"2\">21.08<strong>.<\/strong><\/td>\n<td style=\"width: 466.125px;\" colspan=\"3\">Minnedag: Den hellige Pius X<\/td>\n<\/tr>\n<tr>\n<td style=\"width: 67px;\">kl.<\/td>\n<td style=\"width: 53px;\">18.00<\/td>\n<td style=\"width: 346.125px;\">Messe<\/td>\n<\/tr>\n<tr>\n<td style=\"width: 59px;\" rowspan=\"2\">Fredag<\/td>\n<td style=\"width: 59px;\" rowspan=\"2\">22.08.<\/td>\n<td style=\"width: 466.125px;\" colspan=\"3\">Minnedag: Jomfru Marias dronningverdighet<\/td>\n<\/tr>\n<tr>\n<td style=\"width: 67px;\">kl.<\/p>\n<p>&nbsp;<\/p>\n<p>kl.<\/td>\n<td style=\"width: 53px;\">17.00<\/p>\n<p>&nbsp;<\/p>\n<p>18.00<\/td>\n<td style=\"width: 346.125px;\">Sakramentstilbedelse &#8211;<\/p>\n<p>Skriftem\u00e5l (kl. 17.00 -17.30) under tilbedelsen<\/p>\n<p>Messe<\/td>\n<\/tr>\n<tr>\n<td style=\"width: 59px;\">L\u00f8rdag<\/td>\n<td style=\"width: 59px;\">23.08.<\/p>\n<p>&nbsp;<\/p>\n<p>&nbsp;<\/p>\n<p>&nbsp;<\/p>\n<p>&nbsp;<\/p>\n<p>&nbsp;<\/td>\n<td style=\"width: 67px;\">kl.<\/p>\n<p>kl.<\/p>\n<p>kl.<\/p>\n<p>kl.<\/p>\n<p>kl.<\/td>\n<td style=\"width: 53px;\">12.30<\/p>\n<p>13.00<\/p>\n<p>14.00<\/p>\n<p>16.00<\/p>\n<p>18.00<\/td>\n<td style=\"width: 346.125px;\">Rosenkransandakt<\/p>\n<p>Messe<\/p>\n<p>Messe p\u00e5 tagalog<\/p>\n<p>Messe p\u00e5 fransk<\/p>\n<p>Messe p\u00e5 polsk<\/p>\n<p>&nbsp;<\/td>\n<\/tr>\n<tr>\n<td style=\"width: 59px;\">S\u00f8ndag<\/td>\n<td style=\"width: 59px;\">24.08<strong>.<\/strong><\/td>\n<td style=\"width: 466.125px;\" colspan=\"3\"><strong>21. S\u00d8NDAG I DET ALMINNELIGE KIRKE\u00c5R<\/strong><\/td>\n<\/tr>\n<tr>\n<td style=\"width: 59px;\">&nbsp;<\/td>\n<td style=\"width: 59px;\">&nbsp;<\/td>\n<td style=\"width: 67px;\">kl.<\/p>\n<p>kl.<\/p>\n<p>kl.<\/p>\n<p>kl.<\/td>\n<td style=\"width: 53px;\">09.00<\/p>\n<p>11.00<\/p>\n<p>13.00<\/p>\n<p>15.00<\/td>\n<td style=\"width: 346.125px;\">Messe p\u00e5 polsk<\/p>\n<p>H\u00f8ymesse<\/p>\n<p>Messe p\u00e5 vietnamesisk<\/p>\n<p>Messe p\u00e5 engelsk<\/td>\n<\/tr>\n<\/tbody>\n<\/table>\n<p><strong>Annet: <\/strong><\/p>\n<p><strong>1)<\/strong><strong> Andre messer i tillegg til ordin\u00e6re messer denne uken:<br \/>\nI St. Ansgar kirke:<\/strong><\/p>\n<p><strong>L\u00f8rdag 23. august <\/strong>er det messe p\u00e5 tagalog kl. 14.00 og p\u00e5 fransk kl. 16.00.<\/p>\n<p><strong>S\u00f8ndag 24. august <\/strong>er det messe p\u00e5 engelsk kl. 15.00.<\/p>\n<p><strong>2) Sakramentstilbedelse i Jubel\u00e5ret<\/strong><\/p>\n<p>Det er sakramentstilbedelse fredag 22.08. fra kl. 17.00 til kl. 17.45.&nbsp; Under tilbedelsen er det skriftem\u00e5l fra kl. 17.00 til kl. 17.30. Alle oppmuntres til \u00e5 delta i tilbedelse og Den hellige messe og oppn\u00e5r p\u00e5 den m\u00e5ten avlat.<\/p>\n<p><strong>3) INNMELDING I KATEKESEN FOR KATEKESE\u00c5RET 2025 &#8211; 2026<\/strong><\/p>\n<p><strong><em><br \/>\nInnmelding i katekesen for barn p\u00e5 1. -7. trinn<\/em><\/strong><\/p>\n<p>For at vi skal kunne organisere katekesen p\u00e5 best mulig m\u00e5te, oppfordrer vi foreldre innstendig til \u00e5 melde inn barna i katekesen innen 25.08.2025.<\/p>\n<p>Men siste frist for \u00e5 melde barn inn i f\u00f8rstekommunionskatekesen p\u00e5 3. trinn er 13. september.<\/p>\n<p>Etter 13. september tar vi ikke imot nye barn i f\u00f8rstekommunionskatekesen. Det betyr at barnet m\u00e5 vente til september 2026 for \u00e5 begynne i f\u00f8rstekommunionskatekesen.<\/p>\n<p><strong><em>Innmelding til forberedelse til konfirmasjonens sakrament p\u00e5 8. og 9. trinn:<\/em><\/strong><\/p>\n<p>I Den katolske kirke varer konfirmasjonsforberedelsen i to \u00e5r, fra 8. trinn. Ungdommer som g\u00e5r p\u00e5 9. og 10. trinn p\u00e5 grunnskolen eller videreg\u00e5ende, som vil motta konfirmasjonens sakrament, m\u00e5 ogs\u00e5 begynne p\u00e5 konfirmantkurs for f\u00f8rste\u00e5rskonfirmanter.<\/p>\n<p>For at vi skal kunne organisere katekesen p\u00e5 best mulig m\u00e5te, oppfordrer vi foreldre innstendig til \u00e5 melde inn konfirmantkandidatene i konfirmantkatekesen innen 25.08.2025. Men siste frist for \u00e5 melde seg p\u00e5 kurset til f\u00f8rste\u00e5rs- og andre\u00e5rskonfirmanter (8. og 9. trinn) er 20. september.<\/p>\n<p>Etter 20. september tar vi ikke imot nye konfirmantkandidater. Det betyr at kandidaten m\u00e5 vente til september 2026 for \u00e5 begynne p\u00e5 konfirmantkurset for f\u00f8rste\u00e5rskonfirmanter.<\/p>\n<p>&nbsp;<\/p>\n<p><strong>4) Menighetsdagen for besteforeldre og eldre i St. Ansgar menighet<\/strong><\/p>\n<p>Verdensdagen for besteforeldre og eldre 2025 ble markert s\u00f8ndag 27. juli med temaet: \u00abSalig er den som ikke har falt fra sitt h\u00e5p (jf. Sir 14,2)\u00bb.<\/p>\n<p>St. Ansgar menighet feirer \u00abMenighetens dag for besteforeldre og eldre\u00bb l\u00f8rdag 30. august.<\/p>\n<p>Menigheten \u00f8nsker besteforeldre og eldre fra sytti \u00e5r og oppover over 70 \u00e5r hjertelig velkommen.<\/p>\n<p>Program for dagen:<\/p>\n<ul>\n<li>13.00: Messe for besteforeldre og eldre, etterfulgt av sykesalvingens sakrament.<\/li>\n<li>Etterp\u00e5 er det servering av mat i Kiga.<\/li>\n<\/ul>\n<p>P\u00e5melding hos menighetens sekret\u00e6r Elzbieta Klamrowska: telefon 975 94 787 eller<br \/>\n380 24&nbsp;225 eller e-post: kristiansand@katolsk.no. <strong>P\u00e5meldingsfrist: s\u00f8ndag 24. august.<\/strong><\/p>\n<p>Ved behov for transport til og fra kirka, gi beskjed til menighetens sekret\u00e6r.&nbsp;<\/p>\n<p>&nbsp;<\/p>\n<p><strong>5)<\/strong> <strong>Oppstartm\u00f8te unge voksne<\/strong><br \/>\nP\u00e5 torsdag har St. Hieronymus unge voksne gruppe oppstartsm\u00f8te i St. Ansgar menighet. Alle mellom 18-35 \u00e5r er hjertelig velkommen for kubb, pizza og bli-kjent leker p\u00e5 Bystranda. Oppm\u00f8te er utenfor kirken etter kveldsmesse.<\/p>\n<p style=\"text-align: center;\"><strong> \u00d8nsker dere riktig god s\u00f8ndag!<\/strong><\/p>\n","protected":false},"excerpt":{"rendered":"<p>KUNNGJ\u00d8RINGER S\u00d8NDAG 17. AUGUST 2025 Tirsdag 19.08. kl. kl. 17.00 18.00 Vesper Messe &#8211; etterfulgt av sakramentstilbedelse Onsdag 20.08. Minnedag: Den hellige Bernhard av Clairvaux kl. 18.00 Messe Torsdag 21.08. Minnedag: Den hellige Pius X kl. 18.00 Messe Fredag 22.08&#8230;.<br \/><a class=\"read-more-button\" href=\"https:\/\/stansgar.katolsk.no\/?p=22409\">Read more<\/a><\/p>\n","protected":false},"author":5,"featured_media":0,"comment_status":"closed","ping_status":"open","sticky":false,"template":"","format":"standard","meta":{"footnotes":""},"categories":[482],"tags":[],"class_list":["post-22409","post","type-post","status-publish","format-standard","hentry","category-kunngjoringer"],"_links":{"self":[{"href":"https:\/\/stansgar.katolsk.no\/index.php?rest_route=\/wp\/v2\/posts\/22409","targetHints":{"allow":["GET"]}}],"collection":[{"href":"https:\/\/stansgar.katolsk.no\/index.php?rest_route=\/wp\/v2\/posts"}],"about":[{"href":"https:\/\/stansgar.katolsk.no\/index.php?rest_route=\/wp\/v2\/types\/post"}],"author":[{"embeddable":true,"href":"https:\/\/stansgar.katolsk.no\/index.php?rest_route=\/wp\/v2\/users\/5"}],"replies":[{"embeddable":true,"href":"https:\/\/stansgar.katolsk.no\/index.php?rest_route=%2Fwp%2Fv2%2Fcomments&post=22409"}],"version-history":[{"count":1,"href":"https:\/\/stansgar.katolsk.no\/index.php?rest_route=\/wp\/v2\/posts\/22409\/revisions"}],"predecessor-version":[{"id":22410,"href":"https:\/\/stansgar.katolsk.no\/index.php?rest_route=\/wp\/v2\/posts\/22409\/revisions\/22410"}],"wp:attachment":[{"href":"https:\/\/stansgar.katolsk.no\/index.php?rest_route=%2Fwp%2Fv2%2Fmedia&parent=22409"}],"wp:term":[{"taxonomy":"category","embeddable":true,"href":"https:\/\/stansgar.katolsk.no\/index.php?rest_route=%2Fwp%2Fv2%2Fcategories&post=22409"},{"taxonomy":"post_tag","embeddable":true,"href":"https:\/\/stansgar.katolsk.no\/index.php?rest_route=%2Fwp%2Fv2%2Ftags&post=22409"}],"curies":[{"name":"wp","href":"https:\/\/api.w.org\/{rel}","templated":true}]}}