{"id":22341,"date":"2025-08-03T12:01:48","date_gmt":"2025-08-03T10:01:48","guid":{"rendered":"https:\/\/stansgar.katolsk.no\/?p=22341"},"modified":"2025-08-01T10:54:54","modified_gmt":"2025-08-01T08:54:54","slug":"menighetens-dag-for-besteforeldre-og-eldre-i-st-ansgar-menighet","status":"publish","type":"post","link":"https:\/\/stansgar.katolsk.no\/?p=22341","title":{"rendered":"Menighetens dag for besteforeldre og eldre i St. Ansgar menighet"},"content":{"rendered":"<p style=\"text-align: center;\"><strong>Menighetens dag for besteforeldre og eldre i St. Ansgar menighet 2025<\/strong><\/p>\n<p>&nbsp;<\/p>\n<p>Pave Frans innstiftet Verdensdagen for besteforeldre og eldre s\u00f8ndag 31. januar 2021. Dagen feires den fjerde s\u00f8ndagen i juli hvert \u00e5r. Denne feiringen er i forbindelse med feiringen av Jesu besteforeldre. Den 26. juli minnes vi Jomfru Marias foreldre, De hellige Joakim og Anna.<\/p>\n<p>Verdensdagen for besteforeldre og eldre 2025 ble markert s\u00f8ndag 27. juli med temaet: \u00ab<strong>Salig er den som ikke har falt fra sitt h\u00e5p<\/strong> (jf. Sir 14,2)\u00bb. Pave Leo XIV skriver f\u00f8lgende budskap for denne dagen:<\/p>\n<p>\u00abOm det alts\u00e5 er sant at de eldres svakhet trenger de unges styrke, er det like sant at de unges uerfarenhet trenger de eldres vitnesbyrd, om fremtiden skal kunne formes med visdom\u00bb, \u00abFysisk sett er vi svake, men likevel kan ingenting hindre oss i \u00e5 elske, \u00e5 be, \u00e5 gi oss selv, i tro \u00e5 v\u00e6re lysende tegn p\u00e5 h\u00e5p for hverandre\u00bb og \u00abDe som ikke har mulighet til \u00e5 dra p\u00e5 pilegrimsreise til Roma i \u00e5r, kan \u00aboppn\u00e5 jubileumsavlat dersom de bes\u00f8ker ensomme eldre og er sammen med dem en passende stund [\u2026] og slik n\u00e6rmest foretar en pilegrimsreise mot Kristus, som er n\u00e6rv\u00e6rende i dem.\u00bb<\/p>\n<p>Besteforeldre og eldre er Guds spesielle gaver og velsignelser til menigheten. \u00abHver menighet, hver forening, hver kirkelig gruppe er kalt til \u00e5 delta aktivt i en takknemlighetens og omsorgens \u00abrevolusjon\u00bb, som kan virkeliggj\u00f8res gjennom jevnlige bes\u00f8k hos eldre, ved \u00e5 bygge st\u00f8tte- og b\u00f8nnenettverk for og sammen med dem, og ved \u00e5 knytte b\u00e5nd som kan gi h\u00e5p og verdighet til dem som f\u00f8ler seg glemt. Det kristne h\u00e5p driver oss alltid til \u00e5 v\u00e5ge mer, til \u00e5 tenke stort, til ikke sl\u00e5 oss til ro med tingenes tilstand. I dette tilfellet inneb\u00e6rer det \u00e5 arbeide for en endring som kan gi eldre mennesker aktelsen og hengivelsen tilbake.\u00bb <a href=\"#_ftn1\" name=\"_ftnref1\">[1]<\/a><\/p>\n<p>Ordene til pave Leo XIV har inspirert oss til \u00e5 arrangere \u00abMenighetens dag for besteforeldre og eldre\u00bb i St. Ansgar menighet. Og vi \u00f8nsker at dagen arrangeres hvert \u00e5r i menigheten.<\/p>\n<p>I \u00e5ret feirer vi dagen l\u00f8rdag 30. august:<\/p>\n<ul>\n<li>13.00: Messe for besteforeldre og eldre, etterfulgt av sykesalvingens sakrament.<\/li>\n<li>Etterp\u00e5 er det servering av mat i Kiga.<\/li>\n<\/ul>\n<p>Vi h\u00e5per at alle besteforeldre og eldre fra sytti \u00e5r og oppover kommer. Dere kan melde dere p\u00e5 hos menighetens sekret\u00e6r Elzbieta Klamrowska: telefon 975 94 787 eller 380 24 225, e-post: kristiansand@katolsk.no.<\/p>\n<p>P\u00e5meldingsfrist: s\u00f8ndag 24. august. Om dere \u00f8nsker at noen skal hente dere og kj\u00f8re dere til menigheten og hjem igjen, kan dere ogs\u00e5 gi beskjed til menighetens sekret\u00e6r om det.<\/p>\n<p>Vi gleder oss til \u00e5 treffe dere og \u00e5 gj\u00f8re alt vi kan for dere.<\/p>\n<p>M\u00e5 Gud velsigne dere.<\/p>\n<p>Alt godt!<\/p>\n<p>p. Tien<\/p>\n<p>Sogneprest<\/p>\n<p><a href=\"#_ftnref1\" name=\"_ftn1\">[1]<\/a> https:\/\/www.katolsk.no\/nyheter\/2025\/07\/pavens-budskap-til-verdensdagen-besteforeldre-og-eldre-2025<\/p>\n","protected":false},"excerpt":{"rendered":"<p>Menighetens dag for besteforeldre og eldre i St. Ansgar menighet 2025 &nbsp; Pave Frans innstiftet Verdensdagen for besteforeldre og eldre s\u00f8ndag 31. januar 2021. Dagen feires den fjerde s\u00f8ndagen i juli hvert \u00e5r. Denne feiringen er i forbindelse med feiringen&#8230;<br \/><a class=\"read-more-button\" href=\"https:\/\/stansgar.katolsk.no\/?p=22341\">Read more<\/a><\/p>\n","protected":false},"author":5,"featured_media":0,"comment_status":"closed","ping_status":"open","sticky":false,"template":"","format":"standard","meta":{"footnotes":""},"categories":[505,660],"tags":[],"class_list":["post-22341","post","type-post","status-publish","format-standard","hentry","category-aktiviteter","category-eldre"],"_links":{"self":[{"href":"https:\/\/stansgar.katolsk.no\/index.php?rest_route=\/wp\/v2\/posts\/22341","targetHints":{"allow":["GET"]}}],"collection":[{"href":"https:\/\/stansgar.katolsk.no\/index.php?rest_route=\/wp\/v2\/posts"}],"about":[{"href":"https:\/\/stansgar.katolsk.no\/index.php?rest_route=\/wp\/v2\/types\/post"}],"author":[{"embeddable":true,"href":"https:\/\/stansgar.katolsk.no\/index.php?rest_route=\/wp\/v2\/users\/5"}],"replies":[{"embeddable":true,"href":"https:\/\/stansgar.katolsk.no\/index.php?rest_route=%2Fwp%2Fv2%2Fcomments&post=22341"}],"version-history":[{"count":1,"href":"https:\/\/stansgar.katolsk.no\/index.php?rest_route=\/wp\/v2\/posts\/22341\/revisions"}],"predecessor-version":[{"id":22342,"href":"https:\/\/stansgar.katolsk.no\/index.php?rest_route=\/wp\/v2\/posts\/22341\/revisions\/22342"}],"wp:attachment":[{"href":"https:\/\/stansgar.katolsk.no\/index.php?rest_route=%2Fwp%2Fv2%2Fmedia&parent=22341"}],"wp:term":[{"taxonomy":"category","embeddable":true,"href":"https:\/\/stansgar.katolsk.no\/index.php?rest_route=%2Fwp%2Fv2%2Fcategories&post=22341"},{"taxonomy":"post_tag","embeddable":true,"href":"https:\/\/stansgar.katolsk.no\/index.php?rest_route=%2Fwp%2Fv2%2Ftags&post=22341"}],"curies":[{"name":"wp","href":"https:\/\/api.w.org\/{rel}","templated":true}]}}