{"id":22337,"date":"2025-08-03T11:05:31","date_gmt":"2025-08-03T09:05:31","guid":{"rendered":"https:\/\/stansgar.katolsk.no\/?p=22337"},"modified":"2025-08-01T10:49:09","modified_gmt":"2025-08-01T08:49:09","slug":"kunngjoringer-sondag-03-august-2025","status":"publish","type":"post","link":"https:\/\/stansgar.katolsk.no\/?p=22337","title":{"rendered":"KUNNGJ\u00d8RINGER S\u00d8NDAG 03. AUGUST 2025"},"content":{"rendered":"<p style=\"text-align: center;\"><strong>KUNNGJ\u00d8RINGER S\u00d8NDAG 03. AUGUST 2025<\/strong><\/p>\n<table style=\"width: 730.922px;\">\n<tbody>\n<tr>\n<td style=\"width: 80px;\">Tirsdag<\/td>\n<td style=\"width: 79px;\">05.08<strong>.<\/strong><\/td>\n<td style=\"width: 37px;\">kl.<\/p>\n<p>kl.<\/td>\n<td style=\"width: 83px;\">17.00<\/p>\n<p>18.00<\/td>\n<td style=\"width: 358.922px;\">Vesper<\/p>\n<p>Messe &#8211; etterfulgt av sakramentstilbedelse<\/td>\n<\/tr>\n<tr>\n<td style=\"width: 80px;\" rowspan=\"2\">Onsdag<\/td>\n<td style=\"width: 79px;\" rowspan=\"2\">06.08<strong>.<\/strong><\/td>\n<td style=\"width: 478.922px;\" colspan=\"3\">Fest: Herrens forklarelse<\/td>\n<\/tr>\n<tr>\n<td style=\"width: 37px;\">kl.<\/td>\n<td style=\"width: 83px;\">18.00<\/td>\n<td style=\"width: 358.922px;\">Messe<\/td>\n<\/tr>\n<tr>\n<td style=\"width: 80px;\">Torsdag<\/td>\n<td style=\"width: 79px;\">07.08<strong>.<\/strong><\/td>\n<td style=\"width: 37px;\">kl.<\/td>\n<td style=\"width: 83px;\">18.00<\/td>\n<td style=\"width: 358.922px;\">Messe<\/td>\n<\/tr>\n<tr>\n<td style=\"width: 80px;\" rowspan=\"2\">Fredag<\/td>\n<td style=\"width: 79px;\" rowspan=\"2\">08.08.<\/td>\n<td style=\"width: 478.922px;\" colspan=\"3\">Minnedag: Den hellige Dominikus<\/td>\n<\/tr>\n<tr>\n<td style=\"width: 37px;\">kl.<\/p>\n<p>&nbsp;<\/p>\n<p>kl.<\/td>\n<td style=\"width: 83px;\">17.00<\/p>\n<p>&nbsp;<\/p>\n<p>18.00<\/td>\n<td style=\"width: 358.922px;\">Sakramentstilbedelse &#8211;<\/p>\n<p>Skriftem\u00e5l (kl. 17.00 -17.30) under tilbedelsen<\/p>\n<p>Messe<\/td>\n<\/tr>\n<tr>\n<td style=\"width: 80px;\" rowspan=\"2\">L\u00f8rdag<\/td>\n<td style=\"width: 79px;\" rowspan=\"2\">09.08.<\/td>\n<td style=\"width: 478.922px;\" colspan=\"3\">Fest: Den hellige Teresa Benedicta av Korset (Edith Stein) \u2013 vernehelgen for Europa<\/td>\n<\/tr>\n<tr>\n<td style=\"width: 37px;\">kl.<\/p>\n<p>kl.<\/td>\n<td style=\"width: 83px;\">12.30<\/p>\n<p>13.00<\/td>\n<td style=\"width: 358.922px;\">Rosenkransandakt<\/p>\n<p>Messe<\/td>\n<\/tr>\n<tr>\n<td style=\"width: 80px;\">S\u00f8ndag<\/td>\n<td style=\"width: 79px;\">10.08<strong>.<\/strong><\/td>\n<td style=\"width: 478.922px;\" colspan=\"3\"><strong>19. S\u00d8NDAG I DET ALMINNELIGE KIRKE\u00c5R<\/strong><\/td>\n<\/tr>\n<tr>\n<td style=\"width: 80px;\">&nbsp;<\/td>\n<td style=\"width: 79px;\">&nbsp;<\/td>\n<td style=\"width: 37px;\">kl.<\/p>\n<p>kl.<\/p>\n<p>kl.<\/td>\n<td style=\"width: 83px;\">09.00<\/p>\n<p>11.00<\/p>\n<p>13.00<\/td>\n<td style=\"width: 358.922px;\">Messe p\u00e5 polsk<\/p>\n<p>H\u00f8ymesse<\/p>\n<p>Messe p\u00e5 vietnamesisk<\/td>\n<\/tr>\n<\/tbody>\n<\/table>\n<p><strong>&nbsp;&nbsp;<\/strong><strong>Annet: <\/strong><\/p>\n<p><strong>1) H\u00f8ytider og fester denne uken:<\/strong><\/p>\n<p><strong>Onsdag 6. august<\/strong> er det festen for Herrens forklarelse.<\/p>\n<p><strong>L\u00f8rdag 9. august<\/strong> er det festen for Den hellige Teresa Benedicta av Korset (Edith Stein) \u2013 vernehelgen for Europa.<\/p>\n<p><strong>&nbsp;<\/strong><\/p>\n<p><strong>2) Sakramentstilbedelse i Jubel\u00e5ret<\/strong><\/p>\n<p>Det er sakramentstilbedelse fredag 08.08. fra kl. 17.00 til kl. 17.45.&nbsp; Under tilbedelsen er det skriftem\u00e5l fra kl. 17.00 til kl. 17.30. Alle oppmuntres til \u00e5 delta i tilbedelse og Den hellige messe og oppn\u00e5r p\u00e5 den m\u00e5ten avlat.<\/p>\n<p>&nbsp;<\/p>\n<p><strong>3)<\/strong> <strong>Onsdag 6. august<\/strong> er det bibelgruppe etter kveldsmessen.<\/p>\n<p>&nbsp;<\/p>\n<p><strong>4) Menighetsdagen for besteforeldre og eldre i St. Ansgar menighet<\/strong><\/p>\n<p>Verdensdagen for besteforeldre og eldre 2025 ble markert s\u00f8ndag 27. juli med temaet: \u00abSalig er den som ikke har falt fra sitt h\u00e5p (jf. Sir 14,2)\u00bb.<\/p>\n<p>St. Ansgar menighet feirer \u00abMenighetens dag for besteforeldre og eldre\u00bb l\u00f8rdag 30. august. Menigheten \u00f8nsker besteforeldre og eldre over 70 \u00e5r hjertelig velkommen.<\/p>\n<p>Program for dagen:<\/p>\n<ul>\n<li>13.00: Messe for besteforeldre og eldre, etterfulgt av sykesalvingens sakrament.<\/li>\n<li>Etterp\u00e5 er det servering av mat i Kiga.<\/li>\n<\/ul>\n<p>P\u00e5melding hos menighetens sekret\u00e6r Elzbieta Klamrowska: telefon 975 94 787 eller<br \/>\n380 24&nbsp;225 eller e-post: kristiansand@katolsk.no. P\u00e5meldingsfrist: s\u00f8ndag 24. august.<\/p>\n<p>Ved behov for transport til og fra kirka, gi beskjed til menighetens sekret\u00e6r.&nbsp;<\/p>\n<p>&nbsp;<\/p>\n<p style=\"text-align: center;\"><strong>\u00d8nsker dere riktig god s\u00f8ndag!<\/strong><\/p>\n","protected":false},"excerpt":{"rendered":"<p>KUNNGJ\u00d8RINGER S\u00d8NDAG 03. AUGUST 2025 Tirsdag 05.08. kl. kl. 17.00 18.00 Vesper Messe &#8211; etterfulgt av sakramentstilbedelse Onsdag 06.08. Fest: Herrens forklarelse kl. 18.00 Messe Torsdag 07.08. kl. 18.00 Messe Fredag 08.08. Minnedag: Den hellige Dominikus kl. &nbsp; kl. 17.00&#8230;<br \/><a class=\"read-more-button\" href=\"https:\/\/stansgar.katolsk.no\/?p=22337\">Read more<\/a><\/p>\n","protected":false},"author":5,"featured_media":0,"comment_status":"closed","ping_status":"open","sticky":false,"template":"","format":"standard","meta":{"footnotes":""},"categories":[482],"tags":[],"class_list":["post-22337","post","type-post","status-publish","format-standard","hentry","category-kunngjoringer"],"_links":{"self":[{"href":"https:\/\/stansgar.katolsk.no\/index.php?rest_route=\/wp\/v2\/posts\/22337","targetHints":{"allow":["GET"]}}],"collection":[{"href":"https:\/\/stansgar.katolsk.no\/index.php?rest_route=\/wp\/v2\/posts"}],"about":[{"href":"https:\/\/stansgar.katolsk.no\/index.php?rest_route=\/wp\/v2\/types\/post"}],"author":[{"embeddable":true,"href":"https:\/\/stansgar.katolsk.no\/index.php?rest_route=\/wp\/v2\/users\/5"}],"replies":[{"embeddable":true,"href":"https:\/\/stansgar.katolsk.no\/index.php?rest_route=%2Fwp%2Fv2%2Fcomments&post=22337"}],"version-history":[{"count":1,"href":"https:\/\/stansgar.katolsk.no\/index.php?rest_route=\/wp\/v2\/posts\/22337\/revisions"}],"predecessor-version":[{"id":22338,"href":"https:\/\/stansgar.katolsk.no\/index.php?rest_route=\/wp\/v2\/posts\/22337\/revisions\/22338"}],"wp:attachment":[{"href":"https:\/\/stansgar.katolsk.no\/index.php?rest_route=%2Fwp%2Fv2%2Fmedia&parent=22337"}],"wp:term":[{"taxonomy":"category","embeddable":true,"href":"https:\/\/stansgar.katolsk.no\/index.php?rest_route=%2Fwp%2Fv2%2Fcategories&post=22337"},{"taxonomy":"post_tag","embeddable":true,"href":"https:\/\/stansgar.katolsk.no\/index.php?rest_route=%2Fwp%2Fv2%2Ftags&post=22337"}],"curies":[{"name":"wp","href":"https:\/\/api.w.org\/{rel}","templated":true}]}}