{"id":22294,"date":"2025-07-27T10:01:05","date_gmt":"2025-07-27T08:01:05","guid":{"rendered":"https:\/\/stansgar.katolsk.no\/?p=22294"},"modified":"2025-07-30T13:06:08","modified_gmt":"2025-07-30T11:06:08","slug":"kunngjoringer-sondag-27-juli-2025","status":"publish","type":"post","link":"https:\/\/stansgar.katolsk.no\/?p=22294","title":{"rendered":"KUNNGJ\u00d8RINGER S\u00d8NDAG 27. JULI 2025"},"content":{"rendered":"<p style=\"text-align: center;\"><strong>KUNNGJ\u00d8RINGER S\u00d8NDAG 27. JULI 2025<\/strong><\/p>\n<table style=\"width: 631.094px;\">\n<tbody>\n<tr>\n<td style=\"width: 67px;\" rowspan=\"2\">Tirsdag<\/td>\n<td style=\"width: 74px;\" rowspan=\"2\">29.07<strong>.<\/strong><\/td>\n<td style=\"width: 397.094px;\" colspan=\"3\"><strong>H\u00f8ytid: Olav den hellige \u2013 Olsok<\/strong><\/td>\n<\/tr>\n<tr>\n<td style=\"width: 33px;\">kl.<\/p>\n<p>kl.<\/td>\n<td style=\"width: 51px;\">17.00<\/p>\n<p>18.00<\/td>\n<td style=\"width: 313.094px;\">Vesper<\/p>\n<p>Messe &#8211; etterfulgt av sakramentstilbedelse<\/td>\n<\/tr>\n<tr>\n<td style=\"width: 67px;\">Onsdag<\/td>\n<td style=\"width: 74px;\">30.07<strong>.<\/strong><\/td>\n<td style=\"width: 33px;\">kl.<\/td>\n<td style=\"width: 51px;\">18.00<\/td>\n<td style=\"width: 313.094px;\">Messe<\/td>\n<\/tr>\n<tr>\n<td style=\"width: 67px;\">Torsdag<\/td>\n<td style=\"width: 74px;\">31.07.<\/td>\n<td style=\"width: 397.094px;\" colspan=\"3\">Minnedag: Den hellige Ignatius av Loyola<\/td>\n<\/tr>\n<tr>\n<td style=\"width: 67px;\">&nbsp;<\/td>\n<td style=\"width: 74px;\">&nbsp;<\/td>\n<td style=\"width: 33px;\">kl.<\/td>\n<td style=\"width: 51px;\">18.00<\/td>\n<td style=\"width: 313.094px;\">Messe<\/td>\n<\/tr>\n<tr>\n<td style=\"width: 67px;\" rowspan=\"2\">Fredag<\/td>\n<td style=\"width: 74px;\" rowspan=\"2\">01.08.<\/td>\n<td style=\"width: 397.094px;\" colspan=\"3\">Minnedag: Den hellige Alfonso Maria de&#8217; Liguori<\/td>\n<\/tr>\n<tr>\n<td style=\"width: 33px;\">kl.<\/p>\n<p>&nbsp;<\/p>\n<p>kl.<\/td>\n<td style=\"width: 51px;\">17.00<\/p>\n<p>&nbsp;<\/p>\n<p>18.00<\/td>\n<td style=\"width: 313.094px;\">Sakramentstilbedelse &#8211;<\/p>\n<p>Skriftem\u00e5l (kl. 17.00 -17.30) under tilbedelsen<\/p>\n<p>Messe<\/td>\n<\/tr>\n<tr>\n<td style=\"width: 67px;\">L\u00f8rdag<\/td>\n<td style=\"width: 74px;\">02.08.<\/td>\n<td style=\"width: 33px;\">kl.<\/p>\n<p>kl.<\/td>\n<td style=\"width: 51px;\">12.30<\/p>\n<p>13.00<\/td>\n<td style=\"width: 313.094px;\">Rosenkransandakt<\/p>\n<p>Messe<\/td>\n<\/tr>\n<tr>\n<td style=\"width: 67px;\">S\u00f8ndag<\/td>\n<td style=\"width: 74px;\">03.08<strong>.<\/strong><\/td>\n<td style=\"width: 397.094px;\" colspan=\"3\"><strong>18. S\u00d8NDAG I DET ALMINNELIGE KIRKE\u00c5R<\/strong><\/td>\n<\/tr>\n<tr>\n<td style=\"width: 67px;\">&nbsp;<\/td>\n<td style=\"width: 74px;\">&nbsp;<\/td>\n<td style=\"width: 33px;\">kl.<\/p>\n<p>kl.<\/p>\n<p>kl.<\/p>\n<p>kl.<\/td>\n<td style=\"width: 51px;\">09.00<\/p>\n<p>11.00<\/p>\n<p>13.00<\/p>\n<p>15.00<\/td>\n<td style=\"width: 313.094px;\">Messe p\u00e5 polsk<\/p>\n<p>H\u00f8ymesse<\/p>\n<p>Messe p\u00e5 vietnamesisk<\/p>\n<p>Messe p\u00e5 kaldeisk<\/td>\n<\/tr>\n<\/tbody>\n<\/table>\n<p><strong>&nbsp;&nbsp;<\/strong><strong>Annet: <\/strong><\/p>\n<p><strong>1)<\/strong><strong> Andre messer i tillegg til ordin\u00e6re messer denne uken:<br \/>\nI St. Ansgar kirke:<\/strong><\/p>\n<p><strong>S\u00f8ndag 3. august <\/strong>er det messe p\u00e5 kaldeisk kl. 15.00.<\/p>\n<p><strong>&nbsp;<\/strong><\/p>\n<p><strong>2) H\u00f8ytider og fester denne uken: <\/strong><\/p>\n<p><strong>Tirsdag 29. juli er det h\u00f8ytid: Olav den hellige \u2013 Olsok.<\/strong><\/p>\n<p>&nbsp;<\/p>\n<p><strong>3) Sakramentstilbedelse i Jubel\u00e5ret<\/strong><\/p>\n<p>Det er sakramentstilbedelse fredag 01.08. fra kl. 17.00 til kl. 17.45.&nbsp; Under tilbedelsen er det skriftem\u00e5l fra kl. 17.00 til kl. 17.30. Alle oppmuntres til \u00e5 delta i tilbedelse og Den hellige messe og oppn\u00e5r p\u00e5 den m\u00e5ten avlat.<\/p>\n<p>&nbsp;<\/p>\n<p style=\"text-align: center;\"><strong>\u00d8nsker dere riktig god s\u00f8ndag!<\/strong><\/p>\n","protected":false},"excerpt":{"rendered":"<p>KUNNGJ\u00d8RINGER S\u00d8NDAG 27. JULI 2025 Tirsdag 29.07. H\u00f8ytid: Olav den hellige \u2013 Olsok kl. kl. 17.00 18.00 Vesper Messe &#8211; etterfulgt av sakramentstilbedelse Onsdag 30.07. kl. 18.00 Messe Torsdag 31.07. Minnedag: Den hellige Ignatius av Loyola &nbsp; &nbsp; kl. 18.00&#8230;<br \/><a class=\"read-more-button\" href=\"https:\/\/stansgar.katolsk.no\/?p=22294\">Read more<\/a><\/p>\n","protected":false},"author":5,"featured_media":0,"comment_status":"closed","ping_status":"open","sticky":false,"template":"","format":"standard","meta":{"footnotes":""},"categories":[482],"tags":[],"class_list":["post-22294","post","type-post","status-publish","format-standard","hentry","category-kunngjoringer"],"_links":{"self":[{"href":"https:\/\/stansgar.katolsk.no\/index.php?rest_route=\/wp\/v2\/posts\/22294","targetHints":{"allow":["GET"]}}],"collection":[{"href":"https:\/\/stansgar.katolsk.no\/index.php?rest_route=\/wp\/v2\/posts"}],"about":[{"href":"https:\/\/stansgar.katolsk.no\/index.php?rest_route=\/wp\/v2\/types\/post"}],"author":[{"embeddable":true,"href":"https:\/\/stansgar.katolsk.no\/index.php?rest_route=\/wp\/v2\/users\/5"}],"replies":[{"embeddable":true,"href":"https:\/\/stansgar.katolsk.no\/index.php?rest_route=%2Fwp%2Fv2%2Fcomments&post=22294"}],"version-history":[{"count":4,"href":"https:\/\/stansgar.katolsk.no\/index.php?rest_route=\/wp\/v2\/posts\/22294\/revisions"}],"predecessor-version":[{"id":22330,"href":"https:\/\/stansgar.katolsk.no\/index.php?rest_route=\/wp\/v2\/posts\/22294\/revisions\/22330"}],"wp:attachment":[{"href":"https:\/\/stansgar.katolsk.no\/index.php?rest_route=%2Fwp%2Fv2%2Fmedia&parent=22294"}],"wp:term":[{"taxonomy":"category","embeddable":true,"href":"https:\/\/stansgar.katolsk.no\/index.php?rest_route=%2Fwp%2Fv2%2Fcategories&post=22294"},{"taxonomy":"post_tag","embeddable":true,"href":"https:\/\/stansgar.katolsk.no\/index.php?rest_route=%2Fwp%2Fv2%2Ftags&post=22294"}],"curies":[{"name":"wp","href":"https:\/\/api.w.org\/{rel}","templated":true}]}}