{"id":22281,"date":"2025-06-29T10:01:59","date_gmt":"2025-06-29T08:01:59","guid":{"rendered":"https:\/\/stansgar.katolsk.no\/?p=22281"},"modified":"2025-06-27T14:15:02","modified_gmt":"2025-06-27T12:15:02","slug":"kunngjoringer-sondag-29-juni-2025","status":"publish","type":"post","link":"https:\/\/stansgar.katolsk.no\/?p=22281","title":{"rendered":"KUNNGJ\u00d8RINGER S\u00d8NDAG 29. JUNI 2025"},"content":{"rendered":"<p style=\"text-align: center;\"><strong><br \/>\n&nbsp;&nbsp;&nbsp;&nbsp;&nbsp;&nbsp;&nbsp;&nbsp; &nbsp;&nbsp;&nbsp;&nbsp;KUNNGJ\u00d8RINGER S\u00d8NDAG 29. JUNI 2025<\/strong><\/p>\n<table style=\"width: 706.531px;\">\n<tbody>\n<tr>\n<td style=\"width: 63px;\">Tirsdag<\/td>\n<td style=\"width: 81px;\">01.07<strong>.<\/strong><\/td>\n<td style=\"width: 21px;\">kl.<\/p>\n<p>kl.<\/td>\n<td style=\"width: 56px;\">17.00<\/p>\n<p>18.00<\/td>\n<td style=\"width: 392.531px;\">Vesper<\/p>\n<p>Messe &#8211; etterfulgt av sakramentstilbedelse<\/td>\n<\/tr>\n<tr>\n<td style=\"width: 63px;\">Onsdag<\/td>\n<td style=\"width: 81px;\">02.07<strong>.<\/strong><\/td>\n<td style=\"width: 21px;\">kl.<\/td>\n<td style=\"width: 56px;\">18.00<\/td>\n<td style=\"width: 392.531px;\">Messe<\/td>\n<\/tr>\n<tr>\n<td style=\"width: 63px;\" rowspan=\"2\">Torsdag<\/td>\n<td style=\"width: 81px;\" rowspan=\"2\">03.07<strong>.<\/strong><\/td>\n<td style=\"width: 469.531px;\" colspan=\"3\">Fest: Apostelen Thomas<\/td>\n<\/tr>\n<tr>\n<td style=\"width: 21px;\">kl.<\/td>\n<td style=\"width: 56px;\">18.00<\/td>\n<td style=\"width: 392.531px;\">Messe<\/td>\n<\/tr>\n<tr>\n<td style=\"width: 63px;\">Fredag<\/td>\n<td style=\"width: 81px;\">04.07.<\/td>\n<td style=\"width: 21px;\">kl.<\/p>\n<p>&nbsp;<\/p>\n<p>kl.<\/td>\n<td style=\"width: 56px;\">17.00<\/p>\n<p>&nbsp;<\/p>\n<p>18.00<\/td>\n<td style=\"width: 392.531px;\">Sakramentstilbedelse &#8211;<\/p>\n<p>Skriftem\u00e5l (kl. 17.00 -17.30) under tilbedelsen<\/p>\n<p>Messe<\/td>\n<\/tr>\n<tr>\n<td style=\"width: 63px;\">L\u00f8rdag<\/td>\n<td style=\"width: 81px;\">05.07.<\/td>\n<td style=\"width: 21px;\">kl.<\/p>\n<p>kl.<\/p>\n<p>kl.<\/td>\n<td style=\"width: 56px;\">12.30<\/p>\n<p>13.00<\/p>\n<p>18.00<\/td>\n<td style=\"width: 392.531px;\">Rosenkransandakt<\/p>\n<p>Messe<\/p>\n<p>Messe p\u00e5 polsk<\/td>\n<\/tr>\n<tr>\n<td style=\"width: 63px;\">S\u00f8ndag<\/td>\n<td style=\"width: 81px;\">06.07<strong>.<\/strong><\/td>\n<td style=\"width: 469.531px;\" colspan=\"3\"><strong>14. S\u00d8NDAG I DET ALMINNELIGE KIRKE\u00c5R<\/strong><\/td>\n<\/tr>\n<tr>\n<td style=\"width: 63px;\">&nbsp;<\/td>\n<td style=\"width: 81px;\">&nbsp;<\/td>\n<td style=\"width: 21px;\">kl.<\/p>\n<p>kl.<\/p>\n<p>kl.<\/p>\n<p>kl.<\/td>\n<td style=\"width: 56px;\">09.00<\/p>\n<p>11.00<\/p>\n<p>13.00<\/p>\n<p>15.00<\/td>\n<td style=\"width: 392.531px;\">Messe p\u00e5 polsk<\/p>\n<p>H\u00f8ymesse<\/p>\n<p>Messe p\u00e5 vietnamesisk<\/p>\n<p>Messe p\u00e5 kaldeisk<\/td>\n<\/tr>\n<\/tbody>\n<\/table>\n<p><strong>Annet: <\/strong><\/p>\n<p><strong>1)<\/strong><strong> Andre messer i tillegg til ordin\u00e6re messer denne uken:<br \/>\nI St. Ansgar kirke:<\/strong><\/p>\n<p><strong>S\u00f8ndag 6. juli <\/strong>er det messe p\u00e5 kaldeisk kl. 15.00.<\/p>\n<p>2) H\u00f8ytider og fester denne uken:<\/p>\n<p><strong>Torsdag 3. juli <\/strong>er det festen for apostelen Thomas.<\/p>\n<p>&nbsp;<\/p>\n<p><strong>3) Sakramentstilbedelse i Jubel\u00e5ret<\/strong><\/p>\n<p>Det er sakramentstilbedelse fredag 04.07. fra kl. 17.00 til kl. 17.45.&nbsp; Under tilbedelsen er det skriftem\u00e5l fra kl. 17.00 til kl. 17.30. Alle oppmuntres til \u00e5 delta i tilbedelse og Den hellige messe og oppn\u00e5r p\u00e5 den m\u00e5ten avlat.<\/p>\n<p>&nbsp;<\/p>\n<p>4) I juli og august feires det ikke torsdagsmesser kl. 11.00.<\/p>\n<p>&nbsp;<\/p>\n<p style=\"text-align: center;\"><strong>\u00d8nsker dere riktig god s\u00f8ndag!<\/strong><\/p>\n<p>&nbsp;<\/p>\n","protected":false},"excerpt":{"rendered":"<p>&nbsp;&nbsp;&nbsp;&nbsp;&nbsp;&nbsp;&nbsp;&nbsp; &nbsp;&nbsp;&nbsp;&nbsp;KUNNGJ\u00d8RINGER S\u00d8NDAG 29. JUNI 2025 Tirsdag 01.07. kl. kl. 17.00 18.00 Vesper Messe &#8211; etterfulgt av sakramentstilbedelse Onsdag 02.07. kl. 18.00 Messe Torsdag 03.07. Fest: Apostelen Thomas kl. 18.00 Messe Fredag 04.07. kl. &nbsp; kl. 17.00 &nbsp; 18.00 Sakramentstilbedelse&#8230;<br \/><a class=\"read-more-button\" href=\"https:\/\/stansgar.katolsk.no\/?p=22281\">Read more<\/a><\/p>\n","protected":false},"author":5,"featured_media":0,"comment_status":"closed","ping_status":"open","sticky":false,"template":"","format":"standard","meta":{"footnotes":""},"categories":[482],"tags":[],"class_list":["post-22281","post","type-post","status-publish","format-standard","hentry","category-kunngjoringer"],"_links":{"self":[{"href":"https:\/\/stansgar.katolsk.no\/index.php?rest_route=\/wp\/v2\/posts\/22281","targetHints":{"allow":["GET"]}}],"collection":[{"href":"https:\/\/stansgar.katolsk.no\/index.php?rest_route=\/wp\/v2\/posts"}],"about":[{"href":"https:\/\/stansgar.katolsk.no\/index.php?rest_route=\/wp\/v2\/types\/post"}],"author":[{"embeddable":true,"href":"https:\/\/stansgar.katolsk.no\/index.php?rest_route=\/wp\/v2\/users\/5"}],"replies":[{"embeddable":true,"href":"https:\/\/stansgar.katolsk.no\/index.php?rest_route=%2Fwp%2Fv2%2Fcomments&post=22281"}],"version-history":[{"count":3,"href":"https:\/\/stansgar.katolsk.no\/index.php?rest_route=\/wp\/v2\/posts\/22281\/revisions"}],"predecessor-version":[{"id":22298,"href":"https:\/\/stansgar.katolsk.no\/index.php?rest_route=\/wp\/v2\/posts\/22281\/revisions\/22298"}],"wp:attachment":[{"href":"https:\/\/stansgar.katolsk.no\/index.php?rest_route=%2Fwp%2Fv2%2Fmedia&parent=22281"}],"wp:term":[{"taxonomy":"category","embeddable":true,"href":"https:\/\/stansgar.katolsk.no\/index.php?rest_route=%2Fwp%2Fv2%2Fcategories&post=22281"},{"taxonomy":"post_tag","embeddable":true,"href":"https:\/\/stansgar.katolsk.no\/index.php?rest_route=%2Fwp%2Fv2%2Ftags&post=22281"}],"curies":[{"name":"wp","href":"https:\/\/api.w.org\/{rel}","templated":true}]}}