{"id":22242,"date":"2025-06-08T11:00:04","date_gmt":"2025-06-08T09:00:04","guid":{"rendered":"https:\/\/stansgar.katolsk.no\/?p=22242"},"modified":"2025-06-06T13:11:43","modified_gmt":"2025-06-06T11:11:43","slug":"kunngjoringer-sondag-8-juni-2025","status":"publish","type":"post","link":"https:\/\/stansgar.katolsk.no\/?p=22242","title":{"rendered":"KUNNGJ\u00d8RINGER S\u00d8NDAG 8. JUNI 2025"},"content":{"rendered":"<p style=\"text-align: center;\"><strong>KUNNGJ\u00d8RINGER S\u00d8NDAG 8. JUNI 2025<\/strong><\/p>\n<table style=\"width: 666.031px;\">\n<tbody>\n<tr>\n<td style=\"width: 84px;\">Mandag<\/td>\n<td style=\"width: 42px;\">09.06.<\/td>\n<td style=\"width: 447.031px;\" colspan=\"3\">Minnedag: <strong>Den salige Jomfru Maria, Kirkens mor<\/strong><\/td>\n<\/tr>\n<tr>\n<td style=\"width: 84px;\">&nbsp;<\/td>\n<td style=\"width: 42px;\">&nbsp;<\/td>\n<td style=\"width: 23px;\">kl.<\/p>\n<p>kl.<\/td>\n<td style=\"width: 57px;\">09.00<\/p>\n<p>11.00<\/td>\n<td style=\"width: 367.031px;\">Messe p\u00e5 polsk<\/p>\n<p>Messe p\u00e5 norsk<\/td>\n<\/tr>\n<tr>\n<td style=\"width: 84px;\">Tirsdag<\/td>\n<td style=\"width: 42px;\">10.06<strong>.<\/strong><\/td>\n<td style=\"width: 23px;\">kl.<\/td>\n<td style=\"width: 57px;\">18.00<\/td>\n<td style=\"width: 367.031px;\">Messe &#8211; etterfulgt av sakramentstilbedelse<\/td>\n<\/tr>\n<tr>\n<td style=\"width: 84px;\" rowspan=\"2\">Onsdag<\/td>\n<td style=\"width: 42px;\" rowspan=\"2\">11.06<strong>.<\/strong><\/td>\n<td style=\"width: 447.031px;\" colspan=\"3\">Minnedag: Apostelen Barnabas<\/td>\n<\/tr>\n<tr>\n<td style=\"width: 23px;\">kl.<\/td>\n<td style=\"width: 57px;\">18.00<\/td>\n<td style=\"width: 367.031px;\">Messe<\/td>\n<\/tr>\n<tr>\n<td style=\"width: 84px;\">Torsdag<\/td>\n<td style=\"width: 42px;\">12.06<strong>.<\/strong><\/td>\n<td style=\"width: 23px;\">kl.<\/p>\n<p>kl.<\/td>\n<td style=\"width: 57px;\">11.00<\/p>\n<p>18.00<\/td>\n<td style=\"width: 367.031px;\">Messe &#8211; etterfulgt av felles lunsj i Kiga.<\/p>\n<p>Messe<\/td>\n<\/tr>\n<tr>\n<td style=\"width: 84px;\" rowspan=\"2\">Fredag<\/td>\n<td style=\"width: 42px;\" rowspan=\"2\">13.06.<\/td>\n<td style=\"width: 447.031px;\" colspan=\"3\">Minnedag: Den hellige Antonius av Padova<\/td>\n<\/tr>\n<tr>\n<td style=\"width: 23px;\">kl.<\/p>\n<p>&nbsp;<\/p>\n<p>kl.<\/td>\n<td style=\"width: 57px;\">17.00<\/p>\n<p>&nbsp;<\/p>\n<p>18.00<\/td>\n<td style=\"width: 367.031px;\">Sakramentstilbedelse &#8211;<\/p>\n<p>Skriftem\u00e5l (kl. 17.00 -17.30) under tilbedelsen<\/p>\n<p>Messe<\/td>\n<\/tr>\n<tr>\n<td style=\"width: 84px;\">L\u00f8rdag<\/td>\n<td style=\"width: 42px;\">14.06.<\/td>\n<td style=\"width: 23px;\">kl.<\/p>\n<p>kl.<\/p>\n<p>kl.<\/td>\n<td style=\"width: 57px;\">10.00<\/p>\n<p>12.30<\/p>\n<p>18.00<\/td>\n<td style=\"width: 367.031px;\">Messe for den 1. Hellige Kommunion<\/p>\n<p>Messe for den 1. Hellige Kommunion<\/p>\n<p>Messe p\u00e5 polsk<\/td>\n<\/tr>\n<tr>\n<td style=\"width: 84px;\">S\u00f8ndag<\/td>\n<td style=\"width: 42px;\">15.06<strong>.<\/strong><\/td>\n<td style=\"width: 447.031px;\" colspan=\"3\"><strong>DEN HELLIGE TREENIGHET<\/strong><\/td>\n<\/tr>\n<tr>\n<td style=\"width: 84px;\">&nbsp;<\/p>\n<p>&nbsp;<\/p>\n<p>&nbsp;<\/p>\n<p>&nbsp;<\/p>\n<p>Andre steder:<\/td>\n<td style=\"width: 42px;\">&nbsp;<\/td>\n<td style=\"width: 23px;\">kl.<\/p>\n<p>kl.<\/p>\n<p>kl.<\/p>\n<p>&nbsp;<\/p>\n<p>kl.<\/td>\n<td style=\"width: 57px;\">09.00<\/p>\n<p>11.00<\/p>\n<p>13.00<\/p>\n<p>&nbsp;<\/p>\n<p>13.00<\/td>\n<td style=\"width: 367.031px;\">Messe p\u00e5 polsk<\/p>\n<p>H\u00f8ymesse<\/p>\n<p>Messe p\u00e5 vietnamesisk<\/p>\n<p>&nbsp;<\/p>\n<p>Messe p\u00e5 engelsk med p. Oliver p\u00e5 Stella Maris i Mandal<\/td>\n<\/tr>\n<\/tbody>\n<\/table>\n<p><strong>Annet: <\/strong><\/p>\n<p><strong>1) Andre messer i tillegg til ordin\u00e6re messer denne uken:<\/strong><\/p>\n<p><strong>S\u00f8ndag 15. juni<\/strong> kl. 13.00 er det messe p\u00e5 engelsk med p. Oliver p\u00e5 Stella Maris i Mandal.<\/p>\n<p><strong>2)<\/strong> <strong>H\u00f8ytider og fester denne uken:<\/strong><\/p>\n<p><strong>Mandag 9. juni <\/strong>er det minnedag for Den salige Jomfru Maria, Kirkens mor. Det er messe p\u00e5 polsk kl. 09.00 og p\u00e5 norsk kl. 11.00.<br \/>\n<strong>S\u00f8ndag 15. juni <\/strong>er det h\u00f8ytid: Den hellige treenighet.<\/p>\n<p><strong>&nbsp;<\/strong><\/p>\n<p><strong>3) Den 1. Hellige Kommunion l\u00f8rdag 14. juni 2025<\/strong><\/p>\n<p>I \u00e5r er det 36 barn som skal motta den 1. Hellige Kommunion l\u00f8rdag 14. juni 2025.<\/p>\n<p>Det er to messer: kl. 10.00 og kl. 12.30.<\/p>\n<p>Messene er reservert for barna og familiene deres. St. Ansgar barnekor synger i messene.<\/p>\n<p>Alle bes om \u00e5 be for barna og \u00e5 ofre messer og gode gjerninger for barna.<\/p>\n<p>Vi ber om at barna elsker Jesus, at de kommer til Den hellige messen, og har et indre liv med Jesus.<\/p>\n<p>&nbsp;<\/p>\n<p><strong>4) Sakramentstilbedelse i Jubel\u00e5ret<\/strong><\/p>\n<p>Det er sakramentstilbedelse fredag 06.06. fra kl. 17.00 til kl. 17.45.&nbsp; Under tilbedelsen er det skriftem\u00e5l fra kl. 17.00 til kl. 17.30. Alle oppmuntres til \u00e5 delta i tilbedelse og Den hellige messe og oppn\u00e5r p\u00e5 den m\u00e5ten avlat.<\/p>\n<p><strong>5) Innmelding i katekesen for katekese\u00e5ret 2025\/2026<\/strong><\/p>\n<p>N\u00e5 kan dere melde inn barn i katekesen for neste katekese\u00e5r p\u00e5 menighetens nettside. Brev til foreldre med informasjon om katekesen finner dere allerede p\u00e5 menighetens hovednettside. I neste uke blir brev til 1., 3., 7, 8. trinn sendt til foreldre per brev, og da blir ogs\u00e5 brev til 2., 4., 5., 6, og 9. trinn sendt p\u00e5 e-post til foreldre.<\/p>\n<p>&nbsp;<\/p>\n<p><strong>6) Torsdag 12 juni inviterer <\/strong>Caritas St. Ansgar til filmkveld i Kiga etter kveldsmessen.<\/p>\n<p>Etter en kort introduksjon ser vi sammen filmen &laquo;To paver&raquo;.<\/p>\n<p>Etter filmen er det sosialt samv\u00e6r med kaffe og vafler, og det \u00e5pnes opp for samtale og diskusjon.<\/p>\n<p>Alle er hjertelig velkomne!<\/p>\n<p>&nbsp;<\/p>\n<p><strong>7) Onsdag 11. juni<\/strong> er det Katolsk forum, rett etter kveldsmessen. Sverre Langeland kommer til oss fra Bergen for \u00e5 dele sin begeistring over hvordan vi gjennom liturgien dras inn i tilbedelsen av Gud, sammen med alle de hellige b\u00e5de i himmelen og p\u00e5 jorden. Alle er hjertelig velkommen!<\/p>\n<p><strong>&nbsp;<\/strong><\/p>\n<p><strong>8) S\u00f8ndag 15. juni<\/strong> inviterer SAUL til \u00e5rsm\u00f8te og sommeravslutning. M\u00f8tet begynnes med messe kl. 11.00. Kl. 12.00 er det planlagt \u00e5rsm\u00f8te i ungdomskjellere. KL. 13.00 er det avslutning p\u00e5 bystranda. P\u00e5melding til Helen, mob. 48270833. P\u00e5meldingsfrist 11.06.<\/p>\n<p>&nbsp;<\/p>\n<p><strong>9) Caritas<\/strong> skal arrangere salg av kake og kaffe etter prosesjonen p\u00e5 Corpus Christi s\u00f8ndag 22. juni og trenger derfor hjelp med kaker. Det er \u00f8nskelig at hver spr\u00e5kgruppe hjelper til med minst 1 kake. Gi beskjed snarest mulig til Carmen p\u00e5 tlf. 90228324. Inntekter fra salget skal til menigheten.<\/p>\n<p>&nbsp;<\/p>\n<p style=\"text-align: center;\"><strong>\u00d8nsker dere riktig god s\u00f8ndag!<\/strong><\/p>\n","protected":false},"excerpt":{"rendered":"<p>KUNNGJ\u00d8RINGER S\u00d8NDAG 8. JUNI 2025 Mandag 09.06. Minnedag: Den salige Jomfru Maria, Kirkens mor &nbsp; &nbsp; kl. kl. 09.00 11.00 Messe p\u00e5 polsk Messe p\u00e5 norsk Tirsdag 10.06. kl. 18.00 Messe &#8211; etterfulgt av sakramentstilbedelse Onsdag 11.06. Minnedag: Apostelen Barnabas&#8230;<br \/><a class=\"read-more-button\" href=\"https:\/\/stansgar.katolsk.no\/?p=22242\">Read more<\/a><\/p>\n","protected":false},"author":5,"featured_media":0,"comment_status":"closed","ping_status":"open","sticky":false,"template":"","format":"standard","meta":{"footnotes":""},"categories":[482,204],"tags":[],"class_list":["post-22242","post","type-post","status-publish","format-standard","hentry","category-kunngjoringer","category-ukategorisert-nb"],"_links":{"self":[{"href":"https:\/\/stansgar.katolsk.no\/index.php?rest_route=\/wp\/v2\/posts\/22242","targetHints":{"allow":["GET"]}}],"collection":[{"href":"https:\/\/stansgar.katolsk.no\/index.php?rest_route=\/wp\/v2\/posts"}],"about":[{"href":"https:\/\/stansgar.katolsk.no\/index.php?rest_route=\/wp\/v2\/types\/post"}],"author":[{"embeddable":true,"href":"https:\/\/stansgar.katolsk.no\/index.php?rest_route=\/wp\/v2\/users\/5"}],"replies":[{"embeddable":true,"href":"https:\/\/stansgar.katolsk.no\/index.php?rest_route=%2Fwp%2Fv2%2Fcomments&post=22242"}],"version-history":[{"count":1,"href":"https:\/\/stansgar.katolsk.no\/index.php?rest_route=\/wp\/v2\/posts\/22242\/revisions"}],"predecessor-version":[{"id":22243,"href":"https:\/\/stansgar.katolsk.no\/index.php?rest_route=\/wp\/v2\/posts\/22242\/revisions\/22243"}],"wp:attachment":[{"href":"https:\/\/stansgar.katolsk.no\/index.php?rest_route=%2Fwp%2Fv2%2Fmedia&parent=22242"}],"wp:term":[{"taxonomy":"category","embeddable":true,"href":"https:\/\/stansgar.katolsk.no\/index.php?rest_route=%2Fwp%2Fv2%2Fcategories&post=22242"},{"taxonomy":"post_tag","embeddable":true,"href":"https:\/\/stansgar.katolsk.no\/index.php?rest_route=%2Fwp%2Fv2%2Ftags&post=22242"}],"curies":[{"name":"wp","href":"https:\/\/api.w.org\/{rel}","templated":true}]}}