{"id":22201,"date":"2025-06-01T11:00:39","date_gmt":"2025-06-01T09:00:39","guid":{"rendered":"https:\/\/stansgar.katolsk.no\/?p=22201"},"modified":"2025-05-30T14:10:54","modified_gmt":"2025-05-30T12:10:54","slug":"kunngjoringer-sondag-1-juni-2025","status":"publish","type":"post","link":"https:\/\/stansgar.katolsk.no\/?p=22201","title":{"rendered":"KUNNGJ\u00d8RINGER S\u00d8NDAG 1. JUNI 2025"},"content":{"rendered":"<p>&nbsp;<\/p>\n<p style=\"text-align: center;\"><strong>&nbsp;&nbsp;&nbsp;&nbsp; KUNNGJ\u00d8RINGER S\u00d8NDAG 1. JUNI 2025<\/strong><\/p>\n<table style=\"width: 774.766px;\">\n<tbody>\n<tr>\n<td style=\"width: 79px;\">Tirsdag<\/td>\n<td style=\"width: 40px;\">03.06.<\/td>\n<td style=\"width: 559.766px;\" colspan=\"3\">Minnedag: Den hellige Karl Lwanga og hans ledsagere<\/td>\n<\/tr>\n<tr>\n<td style=\"width: 119px;\" colspan=\"2\">&nbsp;<\/td>\n<td style=\"width: 12px;\">kl.<\/td>\n<td style=\"width: 66px;\">18.00<\/td>\n<td style=\"width: 481.766px;\">Messe &#8211; etterfulgt av sakramentstilbedelse<\/td>\n<\/tr>\n<tr>\n<td style=\"width: 79px;\">Onsdag<\/td>\n<td style=\"width: 40px;\">04.06<strong>.<\/strong><\/td>\n<td style=\"width: 12px;\">kl.<\/td>\n<td style=\"width: 66px;\">18.00<\/td>\n<td style=\"width: 481.766px;\">Messe<\/td>\n<\/tr>\n<tr>\n<td style=\"width: 79px;\">Torsdag<\/td>\n<td style=\"width: 40px;\">05.06.<\/td>\n<td style=\"width: 559.766px;\" colspan=\"3\">Minnedag: Den hellige Bonifatius<\/td>\n<\/tr>\n<tr>\n<td style=\"width: 79px;\">&nbsp;<\/td>\n<td style=\"width: 40px;\">05.06<strong>.<\/strong><\/td>\n<td style=\"width: 12px;\">kl.<\/p>\n<p>&nbsp;<\/p>\n<p>&nbsp;<\/p>\n<p>kl.<\/td>\n<td style=\"width: 66px;\">11.00<\/p>\n<p>&nbsp;<\/p>\n<p>&nbsp;<\/p>\n<p>18.00<\/td>\n<td style=\"width: 481.766px;\">Messe &#8211; etterfulgt av felles lunsj i Kiga.<\/p>\n<p>Etter messen er det stille tilbedelse fram til kl. 17.45.<\/p>\n<p>Vi ber spesielt for kall til ordenslivet og presteskapet.<\/p>\n<p>Messe<\/td>\n<\/tr>\n<tr>\n<td style=\"width: 79px;\">Fredag<\/td>\n<td style=\"width: 40px;\">06.06.<\/td>\n<td style=\"width: 12px;\">kl.<\/p>\n<p>&nbsp;<\/p>\n<p>kl.<\/td>\n<td style=\"width: 66px;\">17.00<\/p>\n<p>&nbsp;<\/p>\n<p>18.00<\/td>\n<td style=\"width: 481.766px;\">Sakramentstilbedelse &#8211;<\/p>\n<p>Skriftem\u00e5l (kl. 17.00 -17.30) under tilbedelsen<\/p>\n<p>Messe<\/td>\n<\/tr>\n<tr>\n<td style=\"width: 79px;\" rowspan=\"2\">L\u00f8rdag<\/td>\n<td style=\"width: 40px;\" rowspan=\"2\">07.06.<\/td>\n<td style=\"width: 559.766px;\" colspan=\"3\"><strong>H\u00d8YTID: PINSEVIGILIEN<\/strong><\/td>\n<\/tr>\n<tr>\n<td style=\"width: 12px;\">kl.<\/p>\n<p>kl.<\/td>\n<td style=\"width: 66px;\">13.00<\/p>\n<p>18.00<\/td>\n<td style=\"width: 481.766px;\">Messe<\/p>\n<p>Messe p\u00e5 polsk<\/td>\n<\/tr>\n<tr>\n<td style=\"width: 79px;\">S\u00f8ndag<\/td>\n<td style=\"width: 40px;\">08.06<strong>.<\/strong><\/td>\n<td style=\"width: 559.766px;\" colspan=\"3\"><strong>H\u00d8YTID: PINSE<\/strong><\/td>\n<\/tr>\n<tr>\n<td style=\"width: 79px;\">&nbsp;<\/td>\n<td style=\"width: 40px;\">&nbsp;<\/td>\n<td style=\"width: 12px;\">kl.<\/p>\n<p>kl.<\/td>\n<td style=\"width: 66px;\">11.00<\/p>\n<p>18.00<\/td>\n<td style=\"width: 481.766px;\">H\u00f8ymesse<\/p>\n<p>Messe p\u00e5 norsk<\/td>\n<\/tr>\n<tr>\n<td style=\"width: 79px;\">Mandag<\/td>\n<td style=\"width: 40px;\">09.06.<\/td>\n<td style=\"width: 559.766px;\" colspan=\"3\">Minnedag: <strong>Den salige Jomfru Maria, Kirkens mor<\/strong><\/td>\n<\/tr>\n<tr>\n<td style=\"width: 79px;\">&nbsp;<\/td>\n<td style=\"width: 40px;\">&nbsp;<\/td>\n<td style=\"width: 12px;\">kl.<\/p>\n<p>kl.<\/td>\n<td style=\"width: 66px;\">09.00<\/p>\n<p>11.00<\/td>\n<td style=\"width: 481.766px;\">Messe p\u00e5 polsk<\/p>\n<p>Messe<\/td>\n<\/tr>\n<\/tbody>\n<\/table>\n<p><strong>Annet: <\/strong><\/p>\n<p><strong>1)<\/strong><strong> Andre messer i tillegg til ordin\u00e6re messer denne uken:<br \/>\nI St. Ansgar kirke:<\/strong><\/p>\n<p><strong>Mandag 9. juni, <\/strong>minnedag for Den salige Jomfru Maria, Kirkens mor, er det messe p\u00e5 polsk<br \/>\nkl. 09.00 og p\u00e5 norsk kl. 11.00.<strong><br \/>\nAndre steder:<br \/>\n<\/strong><strong>Messe i Mandal p\u00e5 Stella Maris s\u00f8ndag 8. juni er avlyst <\/strong>pga. feiring av internasjonal dag i menigheten.&nbsp;<br \/>\n<strong>2) H\u00f8ytider og fester denne uken:<br \/>\nL\u00f8rdag 8. juni <\/strong>er det h\u00f8ytid: Pinsevigilien<\/p>\n<p><strong>S\u00f8ndag 9. juni <\/strong>er det h\u00f8ytid: Pinse<\/p>\n<p><strong>3) Sakramentstilbedelse i Jubel\u00e5ret<br \/>\n<\/strong>Det er sakramentstilbedelse fredag 06.06. fra kl. 17.00 til kl. 17.45.&nbsp; Under tilbedelsen er det skriftem\u00e5l fra kl. 17.00 til kl. 17.30. Alle oppmuntres til \u00e5 delta i tilbedelse og Den hellige messe og oppn\u00e5r p\u00e5 den m\u00e5ten avlat.<\/p>\n<p><strong>&nbsp;<\/strong><strong>4) L\u00f8rdag 7. juni er det felles katekeseavslutning for 1. \u2013 9. trinn<\/strong><\/p>\n<p>Kl. 10.00 \u2013 13.00: Katekeseavslutning for 1. \u2013 4. trinn<\/p>\n<p>Kl. 13.00 \u2013 14.00: Katekesemesse for 1. \u2013 9. trinn<\/p>\n<p>Kl. 14.00 \u2013 17.00: Katekeseavslutning for 5. \u2013 9. trinn<\/p>\n<p><strong>5) S\u00f8ndag 08.06: Internasjonal dag i menigheten<\/strong><\/p>\n<p>S\u00f8ndag 8. juni er det h\u00f8ytid- pinsedag. Samtidig feirer vi i menigheten internasjonal dag. Det er messe kl. 11.00 og kl. 18.00. Alle er invitert til dagen for \u00e5 takke Gud som samler oss fra alle folkeslag til ett folk i Jesus Kristus. Etter messen kl. 11.00 er det mat og underholdning ute. Vi synger, vi danser, og vi har forskjellig underholdning og internasjonal mat. Alle er velkomne.<\/p>\n<p><strong>6) Onsdag 4. juni<\/strong> er det bibelgruppe etter kveldsmessen.<\/p>\n<p><strong>7) Torsdag 5. juni<\/strong> er det troskurs etter kveldsmessen.<\/p>\n<p><strong>8)Valfart til St. Olav Domkirke 9. juni 2025\/Domkirke St. Olav i Oslo, 09. juni 2025<\/strong><\/p>\n<p>I forbindelsen med Jubel\u00e5ret 2025 reiser en pilgrimsgruppe p\u00e5 ca. 100 personer fra St. Ansgar menighet til St. Olav Domkirke 9. juni. Programmet for pilegrimsreisen er:<\/p>\n<p>Kl. 07.00: avreise fra St. Ansgar kirke<\/p>\n<p>Kl. 12.45: g\u00e5 gjennom Den hellige D\u00f8r<\/p>\n<p>Kl. 13.15: Den hellige Messe.<\/p>\n<p>Kl. 15.30: avreise fra St. Olav domkirke<\/p>\n<p><strong>9)<\/strong> <strong>En ekstrakollekt til Caritas sitt arbeid i Ukraina&nbsp;i dag <u>s\u00f8ndag 1. juni 2025<\/u><\/strong><\/p>\n<p>Etter oppfordring fra De katolske biskopene i de nordiske landene \u00f8nsker v\u00e5r menighet \u00e5 st\u00f8tte Caritas&#8217; innsats i Ukraina. Vi inviterer derfor alle medlemmer \u00e5 st\u00f8tte prosjektet <strong>felles nordisk innsamling til Ukraina. <\/strong>I dag kan du vise solidaritet ved \u00e5 vipse p\u00e5 nummer 91337 eller sende penger p\u00e5 kontonummer 8200.01.52869. NB! Vennligst merk innbetalingen med&nbsp;<strong>felles nordisk innsamling til Ukraina<\/strong>.&nbsp;Det er ogs\u00e5 mulig \u00e5 sette kontant i boksen i inngangshallen. De innsamlede midlene skal g\u00e5 til et nytt humanit\u00e6rt prosjekt i regi av Caritas i Ukraina, som har som m\u00e5l \u00e5 hjelpe over 5000 mennesker med kontanter til grunnleggende behov, hygieneartikler og st\u00f8tte til oppvarming n\u00e5r vinteren kommer.&nbsp;&nbsp;<\/p>\n<p><strong>10) Innmelding i katekesen for katekese\u00e5ret 2025\/2026<\/strong><\/p>\n<p>Dere kan melde inn barn i katekesen for katekese\u00e5ret 2025\/2026 fra s\u00f8ndag 1. juni. Brev til foreldre om katekeseoppstart finner dere p\u00e5 menighetens hovednettside. Brevene til 1., 3., 7, 8. trinn blir sendt til foreldre per brev i neste uke. Og brevene til 2., 4., 5., 6, og 9. trinn blir sendt p\u00e5 e-post til foreldre i neste uke.<\/p>\n<p><strong>11)<\/strong> &nbsp;I dag er juni-nummeret av St. Ansgar Nytt klart, det er bare \u00e5 forsynes seg &#8211; de ligger i inngangshallen og i kirka<\/p>\n<p>&nbsp;<\/p>\n<p style=\"text-align: center;\"><strong>Alle er hjertelig velkommen til kirkekaffe. \u00d8nsker dere riktig god s\u00f8ndag!<\/strong><\/p>\n","protected":false},"excerpt":{"rendered":"<p>&nbsp; &nbsp;&nbsp;&nbsp;&nbsp; KUNNGJ\u00d8RINGER S\u00d8NDAG 1. JUNI 2025 Tirsdag 03.06. Minnedag: Den hellige Karl Lwanga og hans ledsagere &nbsp; kl. 18.00 Messe &#8211; etterfulgt av sakramentstilbedelse Onsdag 04.06. kl. 18.00 Messe Torsdag 05.06. Minnedag: Den hellige Bonifatius &nbsp; 05.06. kl. &nbsp;&#8230;<br \/><a class=\"read-more-button\" href=\"https:\/\/stansgar.katolsk.no\/?p=22201\">Read more<\/a><\/p>\n","protected":false},"author":5,"featured_media":0,"comment_status":"closed","ping_status":"open","sticky":false,"template":"","format":"standard","meta":{"footnotes":""},"categories":[482],"tags":[],"class_list":["post-22201","post","type-post","status-publish","format-standard","hentry","category-kunngjoringer"],"_links":{"self":[{"href":"https:\/\/stansgar.katolsk.no\/index.php?rest_route=\/wp\/v2\/posts\/22201","targetHints":{"allow":["GET"]}}],"collection":[{"href":"https:\/\/stansgar.katolsk.no\/index.php?rest_route=\/wp\/v2\/posts"}],"about":[{"href":"https:\/\/stansgar.katolsk.no\/index.php?rest_route=\/wp\/v2\/types\/post"}],"author":[{"embeddable":true,"href":"https:\/\/stansgar.katolsk.no\/index.php?rest_route=\/wp\/v2\/users\/5"}],"replies":[{"embeddable":true,"href":"https:\/\/stansgar.katolsk.no\/index.php?rest_route=%2Fwp%2Fv2%2Fcomments&post=22201"}],"version-history":[{"count":2,"href":"https:\/\/stansgar.katolsk.no\/index.php?rest_route=\/wp\/v2\/posts\/22201\/revisions"}],"predecessor-version":[{"id":22208,"href":"https:\/\/stansgar.katolsk.no\/index.php?rest_route=\/wp\/v2\/posts\/22201\/revisions\/22208"}],"wp:attachment":[{"href":"https:\/\/stansgar.katolsk.no\/index.php?rest_route=%2Fwp%2Fv2%2Fmedia&parent=22201"}],"wp:term":[{"taxonomy":"category","embeddable":true,"href":"https:\/\/stansgar.katolsk.no\/index.php?rest_route=%2Fwp%2Fv2%2Fcategories&post=22201"},{"taxonomy":"post_tag","embeddable":true,"href":"https:\/\/stansgar.katolsk.no\/index.php?rest_route=%2Fwp%2Fv2%2Ftags&post=22201"}],"curies":[{"name":"wp","href":"https:\/\/api.w.org\/{rel}","templated":true}]}}