{"id":22167,"date":"2025-05-11T10:01:57","date_gmt":"2025-05-11T08:01:57","guid":{"rendered":"https:\/\/stansgar.katolsk.no\/?p=22167"},"modified":"2025-05-09T13:56:37","modified_gmt":"2025-05-09T11:56:37","slug":"kunngjoringer-sondag-11-mai-2025","status":"publish","type":"post","link":"https:\/\/stansgar.katolsk.no\/?p=22167","title":{"rendered":"KUNNGJ\u00d8RINGER S\u00d8NDAG 11. MAI 2025"},"content":{"rendered":"<p style=\"text-align: center;\"><strong>KUNNGJ\u00d8RINGER S\u00d8NDAG 11. MAI 2025<\/strong><\/p>\n<table style=\"width: 697.094px;\">\n<tbody>\n<tr>\n<td style=\"width: 103px;\">Tirsdag<\/td>\n<td style=\"width: 49px;\">13.05<strong>.<\/strong><\/td>\n<td style=\"width: 30px;\">kl.<\/p>\n<p>kl.<\/td>\n<td style=\"width: 40px;\">17.30<\/p>\n<p>18.00<\/td>\n<td style=\"width: 382.094px;\">Rosenkransandakt p\u00e5 spansk<\/p>\n<p>Messe &#8211; etterfulgt av sakramentstilbedelse<\/td>\n<\/tr>\n<tr>\n<td style=\"width: 103px;\" rowspan=\"2\">Onsdag<\/td>\n<td style=\"width: 49px;\" rowspan=\"2\">14.05<strong>.<\/strong><\/td>\n<td style=\"width: 452.094px;\" colspan=\"3\">Fest: Apostelen Mattias<\/td>\n<\/tr>\n<tr>\n<td style=\"width: 30px;\">kl.<\/p>\n<p>kl.<\/td>\n<td style=\"width: 40px;\">17.30<\/p>\n<p>18.00<\/td>\n<td style=\"width: 382.094px;\">Rosenkransandakt p\u00e5 vietnamesisk<\/p>\n<p>Messe<\/td>\n<\/tr>\n<tr>\n<td style=\"width: 103px;\">Torsdag<\/td>\n<td style=\"width: 49px;\">15.05<strong>.<\/strong><\/td>\n<td style=\"width: 30px;\">kl.<\/p>\n<p>kl.<\/p>\n<p>kl.<\/td>\n<td style=\"width: 40px;\">11.00<\/p>\n<p>17.30<\/p>\n<p>18.00<\/td>\n<td style=\"width: 382.094px;\">Messe &#8211; etterfulgt av felles lunsj i Kiga.<\/p>\n<p>Rosenkransandakt p\u00e5 engelsk<\/p>\n<p>Messe<\/td>\n<\/tr>\n<tr>\n<td style=\"width: 103px;\">Fredag<\/td>\n<td style=\"width: 49px;\">16.05.<\/td>\n<td style=\"width: 30px;\">kl.<\/p>\n<p>&nbsp;<\/p>\n<p>kl.<\/td>\n<td style=\"width: 40px;\">17.00<\/p>\n<p>&nbsp;<\/p>\n<p>18.00<\/td>\n<td style=\"width: 382.094px;\">Sakramentstilbedelse &#8211;<\/p>\n<p>Skriftem\u00e5l (kl. 17.00 -17.30) under tilbedelsen<\/p>\n<p>Messe<\/td>\n<\/tr>\n<tr>\n<td style=\"width: 103px;\" rowspan=\"2\">L\u00f8rdag<\/td>\n<td style=\"width: 49px;\" rowspan=\"2\">17.05.<\/td>\n<td style=\"width: 452.094px;\" colspan=\"3\"><strong>NORGES NASJONALDAG<\/strong><\/td>\n<\/tr>\n<tr>\n<td style=\"width: 30px;\">kl.<\/p>\n<p>kl.<\/p>\n<p>kl.<\/p>\n<p>kl.<\/td>\n<td style=\"width: 40px;\">12.30<\/p>\n<p>13.00<\/p>\n<p>14.00<\/p>\n<p>18.00<\/td>\n<td style=\"width: 382.094px;\">Rosenkransandakt p\u00e5 norsk<\/p>\n<p>Messe. Vi ber for landet v\u00e5rt<\/p>\n<p>Messe p\u00e5 spansk<\/p>\n<p>Messe p\u00e5 polsk<\/td>\n<\/tr>\n<tr>\n<td style=\"width: 103px;\">S\u00f8ndag<\/td>\n<td style=\"width: 49px;\">18.05<strong>.<\/strong><\/td>\n<td style=\"width: 452.094px;\" colspan=\"3\"><strong>5. S\u00d8NDAG I P\u00c5SKETIDEN<\/strong><\/td>\n<\/tr>\n<tr>\n<td style=\"width: 103px;\">&nbsp;<\/td>\n<td style=\"width: 49px;\">&nbsp;<\/td>\n<td style=\"width: 30px;\">kl.<\/p>\n<p>kl.<\/p>\n<p>kl.<\/p>\n<p>kl.<\/td>\n<td style=\"width: 40px;\">09.00<\/p>\n<p>10.30<\/p>\n<p>11.00<\/p>\n<p>13.00<\/td>\n<td style=\"width: 382.094px;\">Messe p\u00e5 polsk<\/p>\n<p>Rosenkransandakt p\u00e5 norsk<\/p>\n<p>H\u00f8ymesse<\/p>\n<p>Messe p\u00e5 vietnamesisk<\/td>\n<\/tr>\n<\/tbody>\n<\/table>\n<p><strong>Annet: <\/strong><\/p>\n<p><strong>1) Andre messer i tillegg til ordin\u00e6re messer denne uken:<\/strong><\/p>\n<p>&nbsp;<\/p>\n<p><strong>-L\u00f8rdag 17.05: NORGES NASJONALDAG, kl. 13.00: Messe i St. Ansgar kirke. <\/strong><strong>Vi ber for landet v\u00e5rt.<br \/>\n&#8211; L\u00f8rdag 17.05. er det messe p\u00e5 spansk kl. 14.00<\/strong><\/p>\n<p><strong>&nbsp;<\/strong><strong><br \/>\n<\/strong><\/p>\n<p><strong>2) Fester og h\u00f8ytider denne uken<br \/>\nOnsdag 14. mai <\/strong>er det festen for Apostelen Mattias.<\/p>\n<p><strong>3) Sakramentstilbedelse i Jubel\u00e5ret<\/strong><\/p>\n<p>Det er sakramentstilbedelse fredag 16.05. fra kl. 17.00 til kl. 17.45.&nbsp; Under tilbedelsen er det skriftem\u00e5l fra kl. 17.00 til kl. 17.30. Alle oppmuntres til \u00e5 delta i tilbedelse og Den hellige messe og oppn\u00e5r p\u00e5 den m\u00e5ten avlat.<\/p>\n<p>&nbsp;<\/p>\n<p><strong>4) Katekesekunngj\u00f8ring<\/strong><\/p>\n<p>S\u00f8ndag 18. mai er det katekese for 3. trinn kl. 10.15 \u2013 10.45.<\/p>\n<p>&nbsp;<\/p>\n<p><strong>5) St. Ansgar QUIZ mesterskap<\/strong><\/p>\n<p>&nbsp;<\/p>\n<p>Torsdag 15.5 etter kveldsmessen arrangerer Caritas St. Ansgar quiz-kveld i Kiga.<\/p>\n<p>Vi oppfordrer ALLE menighetens ulike grupper (SAUL, spr\u00e5kgrupper, prestene, kateketgruppen, Unge Voksne, troskurset m.fl.) til \u00e5 delta.<\/p>\n<p>Diplom og vandrepokal til laget som vinner, og som etter mesterskapet kan kalle seg St. Ansgar QUIZ mester.<\/p>\n<p>Salg av kaffe, te og vafler.<\/p>\n<p>Alle er hjertelig velkomne.<\/p>\n<p>&nbsp;<\/p>\n<p><strong>6) Mai-nummeret<\/strong> av St. Ansgar Nytt er klart, man kan forsyne seg fra <strong><u>stativet<\/u><\/strong> i inngangshallen.<\/p>\n<p><strong>7) Selja 2025<\/strong><\/p>\n<p>\u00c5rets Seljumannamesse feires som en nasjonal valfart, og som en del av jubel\u00e5ret 2025 og de p\u00e5g\u00e5ende forberedelser til Olavsjubileet i 2030. Selja er av Norsk Katolsk Bisper\u00e5d utnevnt til valfartssted i jubel\u00e5ret og pilegrimer til dette hellige stedet kan motta avlat.<\/p>\n<p>P\u00e5melding til nasjonal valfart til Selja 2025: l\u00f8rdag 5. juli, mandag 7. juli og tirsdag 8. juli.<\/p>\n<p><a href=\"https:\/\/www.katolsk.no\/nyheter\/2025\/05\/selja-2025\">https:\/\/www.katolsk.no\/nyheter\/2025\/05\/selja-2025<\/a><\/p>\n<p>&nbsp;<\/p>\n<p><strong>8) I dag<\/strong> feirer vi Den gode hyrde \u2013 s\u00f8ndag. Dagens kollet skal til St. Eystein Presteseminar.<\/p>\n<p><strong>&nbsp;<\/strong><\/p>\n<p><strong>&nbsp;<\/strong><\/p>\n<p style=\"text-align: center;\"><strong>Alle er hjertelig velkommen til kirkekaffe. \u00d8nsker dere riktig god s\u00f8ndag!<\/strong><\/p>\n","protected":false},"excerpt":{"rendered":"<p>KUNNGJ\u00d8RINGER S\u00d8NDAG 11. MAI 2025 Tirsdag 13.05. kl. kl. 17.30 18.00 Rosenkransandakt p\u00e5 spansk Messe &#8211; etterfulgt av sakramentstilbedelse Onsdag 14.05. Fest: Apostelen Mattias kl. kl. 17.30 18.00 Rosenkransandakt p\u00e5 vietnamesisk Messe Torsdag 15.05. kl. kl. kl. 11.00 17.30 18.00&#8230;<br \/><a class=\"read-more-button\" href=\"https:\/\/stansgar.katolsk.no\/?p=22167\">Read more<\/a><\/p>\n","protected":false},"author":5,"featured_media":0,"comment_status":"closed","ping_status":"open","sticky":false,"template":"","format":"standard","meta":{"footnotes":""},"categories":[482],"tags":[],"class_list":["post-22167","post","type-post","status-publish","format-standard","hentry","category-kunngjoringer"],"_links":{"self":[{"href":"https:\/\/stansgar.katolsk.no\/index.php?rest_route=\/wp\/v2\/posts\/22167","targetHints":{"allow":["GET"]}}],"collection":[{"href":"https:\/\/stansgar.katolsk.no\/index.php?rest_route=\/wp\/v2\/posts"}],"about":[{"href":"https:\/\/stansgar.katolsk.no\/index.php?rest_route=\/wp\/v2\/types\/post"}],"author":[{"embeddable":true,"href":"https:\/\/stansgar.katolsk.no\/index.php?rest_route=\/wp\/v2\/users\/5"}],"replies":[{"embeddable":true,"href":"https:\/\/stansgar.katolsk.no\/index.php?rest_route=%2Fwp%2Fv2%2Fcomments&post=22167"}],"version-history":[{"count":3,"href":"https:\/\/stansgar.katolsk.no\/index.php?rest_route=\/wp\/v2\/posts\/22167\/revisions"}],"predecessor-version":[{"id":22173,"href":"https:\/\/stansgar.katolsk.no\/index.php?rest_route=\/wp\/v2\/posts\/22167\/revisions\/22173"}],"wp:attachment":[{"href":"https:\/\/stansgar.katolsk.no\/index.php?rest_route=%2Fwp%2Fv2%2Fmedia&parent=22167"}],"wp:term":[{"taxonomy":"category","embeddable":true,"href":"https:\/\/stansgar.katolsk.no\/index.php?rest_route=%2Fwp%2Fv2%2Fcategories&post=22167"},{"taxonomy":"post_tag","embeddable":true,"href":"https:\/\/stansgar.katolsk.no\/index.php?rest_route=%2Fwp%2Fv2%2Ftags&post=22167"}],"curies":[{"name":"wp","href":"https:\/\/api.w.org\/{rel}","templated":true}]}}