{"id":22142,"date":"2025-04-27T10:01:37","date_gmt":"2025-04-27T08:01:37","guid":{"rendered":"https:\/\/stansgar.katolsk.no\/?p=22142"},"modified":"2025-04-25T14:28:29","modified_gmt":"2025-04-25T12:28:29","slug":"kunngjoringer-sondag-27-april-2025","status":"publish","type":"post","link":"https:\/\/stansgar.katolsk.no\/?p=22142","title":{"rendered":"KUNNGJ\u00d8RINGER S\u00d8NDAG 27. APRIL 2025"},"content":{"rendered":"<p style=\"text-align: center;\"><strong>KUNNGJ\u00d8RINGER S\u00d8NDAG 27. APRIL 2025<\/strong><\/p>\n<table style=\"width: 653.938px;\">\n<tbody>\n<tr>\n<td style=\"width: 64px;\" rowspan=\"2\">Tirsdag<\/td>\n<td style=\"width: 60px;\" rowspan=\"2\">29.04<\/td>\n<td style=\"width: 436.938px;\" colspan=\"3\">Fest: Den hellige Katarina av Siena \u2013 vernehelgen for Europa<\/td>\n<\/tr>\n<tr>\n<td style=\"width: 41px;\">kl.<\/p>\n<p>kl.<\/td>\n<td style=\"width: 50px;\">17.30<\/p>\n<p>18.00<\/td>\n<td style=\"width: 345.938px;\">Vesper<\/p>\n<p><strong>Requiemmesse for pave Frans.<\/strong><\/td>\n<\/tr>\n<tr>\n<td style=\"width: 64px;\">Onsdag<\/td>\n<td style=\"width: 60px;\">30.04<strong>.<\/strong><\/td>\n<td style=\"width: 41px;\">kl.<\/td>\n<td style=\"width: 50px;\">18.00<\/td>\n<td style=\"width: 345.938px;\">Messe<\/td>\n<\/tr>\n<tr>\n<td style=\"width: 64px;\" rowspan=\"2\">Torsdag<\/td>\n<td style=\"width: 60px;\" rowspan=\"2\">01.05<strong>.<\/strong><\/td>\n<td style=\"width: 436.938px;\" colspan=\"3\">Minne: Den hellige Josef h\u00e5ndverkeren<\/td>\n<\/tr>\n<tr>\n<td style=\"width: 41px;\">kl.<\/p>\n<p>kl.<\/p>\n<p>kl.<\/td>\n<td style=\"width: 50px;\">11.00<\/p>\n<p>13.00<\/p>\n<p>18.00<\/td>\n<td style=\"width: 345.938px;\">Messe<\/p>\n<p>Messe p\u00e5 vietnamesisk. Feiringen av vernhelgen<\/p>\n<p>Messe er avlyst<\/td>\n<\/tr>\n<tr>\n<td style=\"width: 64px;\">Fredag<\/td>\n<td style=\"width: 60px;\">02.05<strong>.<\/strong><\/td>\n<td style=\"width: 41px;\">kl.<\/p>\n<p>&nbsp;<\/p>\n<p>kl.<\/td>\n<td style=\"width: 50px;\">17.00<\/p>\n<p>&nbsp;<\/p>\n<p>18.00<\/td>\n<td style=\"width: 345.938px;\">Sakramentstilbedelse &#8211;<\/p>\n<p>Skriftem\u00e5l (kl. 17.00 -17.30) under tilbedelsen<\/p>\n<p>Messe<\/td>\n<\/tr>\n<tr>\n<td style=\"width: 64px;\" rowspan=\"2\">L\u00f8rdag<\/td>\n<td style=\"width: 60px;\" rowspan=\"2\">03.05<strong>.<\/strong><\/td>\n<td style=\"width: 436.938px;\" colspan=\"3\">Fest: De hellige apostler Filip og Jakob<\/td>\n<\/tr>\n<tr>\n<td style=\"width: 41px;\">kl.<\/p>\n<p>kl.<\/p>\n<p>kl.<\/p>\n<p>kl.<\/td>\n<td style=\"width: 50px;\">12.30<\/p>\n<p>13.00<\/p>\n<p>15.00<\/p>\n<p>18.00<\/td>\n<td style=\"width: 345.938px;\">Rosenkrans p\u00e5 norsk<\/p>\n<p>Katekesemesse<\/p>\n<p>Messe p\u00e5 kaldeisk<\/p>\n<p>Messe p\u00e5 polsk<\/td>\n<\/tr>\n<tr>\n<td style=\"width: 64px;\">S\u00f8ndag<\/td>\n<td style=\"width: 60px;\">04.05<strong>.<\/strong><\/td>\n<td style=\"width: 436.938px;\" colspan=\"3\"><strong>3. S\u00d8NDAG I P\u00c5SKETIDEN<\/strong><\/td>\n<\/tr>\n<tr>\n<td style=\"width: 64px;\">&nbsp;<\/p>\n<p>&nbsp;<\/p>\n<p>&nbsp;<\/p>\n<p>&nbsp;<\/p>\n<p>Andre steder:<\/td>\n<td style=\"width: 60px;\">&nbsp;<\/td>\n<td style=\"width: 41px;\">kl.<\/p>\n<p>kl.<\/p>\n<p>kl.<\/p>\n<p>kl.<\/p>\n<p>&nbsp;<\/p>\n<p>kl.<\/td>\n<td style=\"width: 50px;\">08.25<\/p>\n<p>09.00<\/p>\n<p>11.00<\/p>\n<p>13.00<\/p>\n<p>&nbsp;<\/p>\n<p>14.00<\/td>\n<td style=\"width: 345.938px;\">Rosenkrans p\u00e5 polsk<\/p>\n<p>Messe p\u00e5 polsk<\/p>\n<p>H\u00f8ymesse<\/p>\n<p>Messe p\u00e5 vietnamesisk<\/p>\n<p>&nbsp;<\/p>\n<p>Messe p\u00e5 engelsk i Lyngdal med p. Boie<\/td>\n<\/tr>\n<\/tbody>\n<\/table>\n<p><strong>Annet: <\/strong><\/p>\n<ol>\n<li><strong>Andre messer i tillegg til ordin\u00e6re messer denne uken:<br \/>\nMesser i St. Ansgar kirke:<br \/>\n-Torsdag 1. mai blir <\/strong>det messe p\u00e5 norsk kl. 11.00 og p\u00e5 vietnamesisk kl. 13.00.<br \/>\nTilbedelse etter messen kl.11.00 og messen kl. 18.00 er avlyst.<\/li>\n<\/ol>\n<p><strong>-L\u00f8rdag 3. mai kl. 15.00 <\/strong>blir det messe p\u00e5 kaldeisk.<\/p>\n<p>&nbsp;<\/p>\n<p><strong>Messer andre steder:<br \/>\n&#8211; S\u00f8ndag 4. mai kl. 14.00 <\/strong>blir det messe p\u00e5 engelsk med p. Boie i Lyngdal.<\/p>\n<p>&nbsp;<\/p>\n<p><strong>2. H\u00f8ytider og fester denne uken:<\/strong><\/p>\n<p><strong>Tirsdag 29. april er det festen for <\/strong>Den hellige Katarina av Siena \u2013 vernehelgen for Europa.<\/p>\n<p><strong>L\u00f8rdag 3. mai er det festen for <\/strong>De hellige apostler Filip og Jakob.<\/p>\n<p>&nbsp;<\/p>\n<p><strong>3. Sakramentstilbedelse i Jubel\u00e5ret<\/strong><\/p>\n<p>Det er sakramentstilbedelse fredag 02.05. fra kl. 17.00 til kl. 17.45.&nbsp; Under tilbedelsen er det skriftem\u00e5l fra kl. 17.00 til kl. 17.30.<br \/>\nAlle oppmuntres til \u00e5 delta i tilbedelse og Den hellige messe og oppn\u00e5r p\u00e5 den m\u00e5ten avlat.<\/p>\n<p>&nbsp;<\/p>\n<p><strong>4. Requiemmesse for pave Frans<\/strong><\/p>\n<p>Requiemmesse for pave Frans i St. Ansgar kirken feires tirsdag 29. april kl. 18.00. Alle er velkommen for \u00e5 be for pave Frans.<\/p>\n<p>&nbsp;<\/p>\n<p><strong>5. Katekesekunngj\u00f8ring<\/strong><\/p>\n<p>L\u00f8rdag 3. mai har 8. og 9. trinn katekese:<\/p>\n<p>Kl. 10.00 &#8211; 13.00: Katekese<\/p>\n<p>Kl. 13.00 &#8211; 14.00: Katekesemesse<\/p>\n<p>&nbsp;<\/p>\n<p><strong>6. Mai m\u00e5ned:<\/strong> Mai m\u00e5ned er if\u00f8lge tradisjonen i Den katolske kirke viet til Jomfru Maria, Jesu mor og v\u00e5r Mor.<br \/>\nRosenkransen er en b\u00f8nn spesielt for \u00e5 \u00e6re Jomfru Maria. I denne m\u00e5neden la oss be rosenkransen i familiene og i menigheten.<\/p>\n<p><strong>I mai har vi rosenkransandakt:<\/strong><\/p>\n<p>&#8211; f\u00f8r messene kl. 17.30:<\/p>\n<ul>\n<li>tirsdager p\u00e5 spansk<\/li>\n<li>onsdager p\u00e5 vietnamesisk<\/li>\n<li>torsdager p\u00e5 engelsk<\/li>\n<\/ul>\n<p>&#8211; l\u00f8rdager p\u00e5 norsk kl. 12.30<\/p>\n<p>&#8211; s\u00f8ndager p\u00e5 polsk kl. 08.25<\/p>\n<p><strong>7)<\/strong> <strong>Valfart til Oslo<\/strong><\/p>\n<p>I det hellige jubel\u00e5ret 2025 arrangerer v\u00e5r menighet en pilegrimstur til St. Olav kirke i Oslo. Domkirken er utpekt som jubel\u00e5rets kirke i Norge. Pilegrimsturen til Oslo er mandag 9. juni. <strong>P\u00e5meldingsfristen er 30. april<\/strong>.<\/p>\n<p>P\u00e5melding er mulig via online skjema eller p\u00e5 ei liste p\u00e5 oppslagstavla i inngangspartiet.<\/p>\n<p>Egenandel for turen er 200,00 per person og 400,00 kr per familie. All informasjon finnes p\u00e5 plakater i inngangspartiet i KIGA, p\u00e5 nettsiden og Facebook. \u00d8nsker du \u00e5 v\u00e6re med p\u00e5 turen, men har ikke r\u00e5d?<\/p>\n<p>Ta kontakt med menighetssekret\u00e6ren p\u00e5 tlf. 97494787 eller e-post: kristiansand@katolsk.no.<\/p>\n<p>&nbsp;<\/p>\n<p style=\"text-align: center;\"><strong>Alle er hjertelig velkommen til kirkekaffe. \u00d8nsker dere riktig god s\u00f8ndag!<\/strong><\/p>\n","protected":false},"excerpt":{"rendered":"<p>KUNNGJ\u00d8RINGER S\u00d8NDAG 27. APRIL 2025 Tirsdag 29.04 Fest: Den hellige Katarina av Siena \u2013 vernehelgen for Europa kl. kl. 17.30 18.00 Vesper Requiemmesse for pave Frans. Onsdag 30.04. kl. 18.00 Messe Torsdag 01.05. Minne: Den hellige Josef h\u00e5ndverkeren kl. kl&#8230;.<br \/><a class=\"read-more-button\" href=\"https:\/\/stansgar.katolsk.no\/?p=22142\">Read more<\/a><\/p>\n","protected":false},"author":5,"featured_media":0,"comment_status":"closed","ping_status":"open","sticky":false,"template":"","format":"standard","meta":{"footnotes":""},"categories":[482],"tags":[],"class_list":["post-22142","post","type-post","status-publish","format-standard","hentry","category-kunngjoringer"],"_links":{"self":[{"href":"https:\/\/stansgar.katolsk.no\/index.php?rest_route=\/wp\/v2\/posts\/22142","targetHints":{"allow":["GET"]}}],"collection":[{"href":"https:\/\/stansgar.katolsk.no\/index.php?rest_route=\/wp\/v2\/posts"}],"about":[{"href":"https:\/\/stansgar.katolsk.no\/index.php?rest_route=\/wp\/v2\/types\/post"}],"author":[{"embeddable":true,"href":"https:\/\/stansgar.katolsk.no\/index.php?rest_route=\/wp\/v2\/users\/5"}],"replies":[{"embeddable":true,"href":"https:\/\/stansgar.katolsk.no\/index.php?rest_route=%2Fwp%2Fv2%2Fcomments&post=22142"}],"version-history":[{"count":2,"href":"https:\/\/stansgar.katolsk.no\/index.php?rest_route=\/wp\/v2\/posts\/22142\/revisions"}],"predecessor-version":[{"id":22150,"href":"https:\/\/stansgar.katolsk.no\/index.php?rest_route=\/wp\/v2\/posts\/22142\/revisions\/22150"}],"wp:attachment":[{"href":"https:\/\/stansgar.katolsk.no\/index.php?rest_route=%2Fwp%2Fv2%2Fmedia&parent=22142"}],"wp:term":[{"taxonomy":"category","embeddable":true,"href":"https:\/\/stansgar.katolsk.no\/index.php?rest_route=%2Fwp%2Fv2%2Fcategories&post=22142"},{"taxonomy":"post_tag","embeddable":true,"href":"https:\/\/stansgar.katolsk.no\/index.php?rest_route=%2Fwp%2Fv2%2Ftags&post=22142"}],"curies":[{"name":"wp","href":"https:\/\/api.w.org\/{rel}","templated":true}]}}