{"id":22047,"date":"2025-03-02T11:01:05","date_gmt":"2025-03-02T10:01:05","guid":{"rendered":"https:\/\/stansgar.katolsk.no\/?p=22047"},"modified":"2025-03-04T10:10:58","modified_gmt":"2025-03-04T09:10:58","slug":"kunngjoringer-sondag-2-mars-2025","status":"publish","type":"post","link":"https:\/\/stansgar.katolsk.no\/?p=22047","title":{"rendered":"KUNNGJ\u00d8RINGER S\u00d8NDAG 2. MARS 2025"},"content":{"rendered":"<p style=\"text-align: center;\"><strong>KUNNGJ\u00d8RINGER S\u00d8NDAG 2. MARS 2025<\/strong><\/p>\n<table style=\"width: 693.031px;\">\n<tbody>\n<tr>\n<td style=\"width: 70px;\">Tirsdag<\/td>\n<td style=\"width: 66px;\">04.03<strong>.<\/strong><\/td>\n<td style=\"width: 26px;\">kl.<\/p>\n<p>kl.<\/td>\n<td style=\"width: 44px;\">17.30<\/p>\n<p>18.00<\/td>\n<td style=\"width: 395.031px;\">Vesper<\/p>\n<p>Messe &#8211; etterfulgt av sakramentstilbedelse<\/td>\n<\/tr>\n<tr>\n<td style=\"width: 70px;\" rowspan=\"2\">Onsdag<\/td>\n<td style=\"width: 66px;\" rowspan=\"2\">05.03<strong>.<\/strong><\/td>\n<td style=\"width: 465.031px;\" colspan=\"3\"><strong>Askeonsdag \u2013 faste og abstinens<\/strong><\/td>\n<\/tr>\n<tr>\n<td style=\"width: 26px;\">kl.<\/p>\n<p>kl.<\/td>\n<td style=\"width: 44px;\">18.00<\/p>\n<p>20.00<\/td>\n<td style=\"width: 395.031px;\">Messe &#8211; med utdeling av askekors<\/p>\n<p>Messe p\u00e5 polsk &#8211; med utdeling av askekors<\/td>\n<\/tr>\n<tr>\n<td style=\"width: 70px;\">Torsdag<\/td>\n<td style=\"width: 66px;\">06.03<strong>.<\/strong><\/td>\n<td style=\"width: 26px;\">kl.<\/p>\n<p>&nbsp;<\/p>\n<p>&nbsp;<\/p>\n<p>&nbsp;<\/p>\n<p>kl.<\/td>\n<td style=\"width: 44px;\">11.00<\/p>\n<p>&nbsp;<\/p>\n<p>&nbsp;<\/p>\n<p>&nbsp;<\/p>\n<p>18.00<\/td>\n<td style=\"width: 395.031px;\">Messe &#8211; etterfulgt av felles lunsj i Kiga.<\/p>\n<p>Etter messen er det stille tilbedelse fram til kl. 17.45.<\/p>\n<p>Vi ber spesielt for kall til ordenslivet og presteskapet.<\/p>\n<p>&nbsp;<\/p>\n<p>Messe &#8211; etterfulgt av korsveiandakt p\u00e5 engelsk<\/td>\n<\/tr>\n<tr>\n<td style=\"width: 70px;\">Fredag<\/td>\n<td style=\"width: 66px;\">07.03<strong>.<\/strong><\/td>\n<td style=\"width: 26px;\">kl.<\/p>\n<p>&nbsp;<\/p>\n<p>kl.<\/td>\n<td style=\"width: 44px;\">17.00<\/p>\n<p>&nbsp;<\/p>\n<p>18.00<\/td>\n<td style=\"width: 395.031px;\">Sakramentstilbedelse &#8211;<\/p>\n<p>Skriftem\u00e5l (kl. 17.00 -17.30) under tilbedelsen<\/p>\n<p>Messe &#8211; etterfulgt av korsveiandakt p\u00e5 norsk<\/td>\n<\/tr>\n<tr>\n<td style=\"width: 70px;\">L\u00f8rdag<\/td>\n<td style=\"width: 66px;\">08.03<strong>.<\/strong><\/td>\n<td style=\"width: 26px;\">kl.<\/p>\n<p>kl.<\/td>\n<td style=\"width: 44px;\">13.00<\/p>\n<p>18.00<\/td>\n<td style=\"width: 395.031px;\">Katekesemesse<\/p>\n<p>Messe p\u00e5 polsk &#8211; etterfulgt av korsveiandakt p\u00e5 polsk<\/td>\n<\/tr>\n<tr>\n<td style=\"width: 70px;\">S\u00f8ndag<\/td>\n<td style=\"width: 66px;\">09.03<strong>.<\/strong><\/td>\n<td style=\"width: 465.031px;\" colspan=\"3\"><strong>1. S\u00d8NDAG I FASTEN<\/strong><\/td>\n<\/tr>\n<tr>\n<td style=\"width: 70px;\">&nbsp;<\/p>\n<p>&nbsp;<\/p>\n<p>&nbsp;<\/p>\n<p>Andre steder:<\/td>\n<td style=\"width: 66px;\">&nbsp;<\/td>\n<td style=\"width: 26px;\">kl.<\/p>\n<p>kl.<\/p>\n<p>kl.<\/p>\n<p>&nbsp;<\/p>\n<p>kl.<\/td>\n<td style=\"width: 44px;\">09.00<\/p>\n<p>11.00<\/p>\n<p>13.00<\/p>\n<p>&nbsp;<\/p>\n<p>17.00<\/td>\n<td style=\"width: 395.031px;\">Messe p\u00e5 polsk<\/p>\n<p>H\u00f8ymesse<\/p>\n<p>Messe p\u00e5 vietnamesisk<\/p>\n<p>&nbsp;<\/p>\n<p>Messe p\u00e5 Stella Maris i Mandal<\/td>\n<\/tr>\n<\/tbody>\n<\/table>\n<p><strong>Annet: <\/strong><\/p>\n<ol>\n<li><strong><strong>Andre messer i tillegg til ordin\u00e6re messer denne uken:<br \/>\nMesser andre steder:<br \/>\n&#8211; kl. 17.00 messe i Stella Maris<\/strong><\/strong>&nbsp;<\/li>\n<li><strong>Onsdag 05. mars er det askeonsdag &#8211; faste- og abstinensdag. <\/strong><br \/>\nP\u00e5 askeonsdag blir det messe p\u00e5 norsk kl. 18.00 og p\u00e5 polsk kl. 20.00.<\/li>\n<\/ol>\n<p>&#8211; \u00c5 faste betyr at man kun spiser seg mett en gang i l\u00f8pet av dagen. Man kan spise 1 \u2013 2 mindre m\u00e5ltider i tillegg i l\u00f8pet av dagen hvis det er n\u00f8dvendig. Dette gjelder fra man er 18 \u00e5r til fylte 60 \u00e5r. Abstinens betyr at man avst\u00e5r fra en bestemt mat (oftest kj\u00f8tt), drikke eller forn\u00f8yelse. Dette gjelder for alle over 14 \u00e5r.<\/p>\n<p>&#8211; I fastetiden er det korsveiandakt p\u00e5 forskjellige spr\u00e5k:<\/p>\n<p>F\u00f8r messen: tirsdager p\u00e5 spansk, kl. 17.30;<\/p>\n<p>Etter messene: onsdager p\u00e5 vietnamesisk, torsdager p\u00e5 engelsk, fredager p\u00e5 norsk og l\u00f8rdager p\u00e5 polsk.<\/p>\n<p><strong>3) Sakramentstilbedelse i Jubel\u00e5ret<\/strong><\/p>\n<p>Det er sakramentstilbedelse fredag 07.03. fra kl. 17.00 til kl. 17.45.&nbsp; Under tilbedelsen er det skriftem\u00e5l fra kl. 17.00 til kl. 17.30. Alle oppmuntres til \u00e5 delta i tilbedelse og Den hellige messe og oppn\u00e5r p\u00e5 den m\u00e5ten avlat.<\/p>\n<p><strong>4) Katekeses kunngj\u00f8ringer<\/strong><\/p>\n<p><strong>Katekese for 1. og 7. trinn l\u00f8rdag 11. januar<\/strong><br \/>\n&#8211; Kl. 10.00 \u2013 13.00: Katekese for 1. \u2013 4. trinn<br \/>\n&#8211; Kl. 13.00 \u2013 14.00: Katekesemesse for 1. \u2013 7. trinn<\/p>\n<p>&#8211; Kl. 14.00 \u2013 17.00: Katekese for 5. \u2013 7. trinn<\/p>\n<p>Det er skriftem\u00e5l for 4. \u2013 7. trinn.<\/p>\n<p>&nbsp;<\/p>\n<p><strong>5) Onsdag 5. mars<\/strong> er det bibelgruppe etter kveldsmesse.<\/p>\n<p><strong>6) Torsdag 6. mars<\/strong> 18.45 er det troskurs i KIGA.<\/p>\n<p><strong>7) Ungdomsgruppe SAUL<\/strong> inviterer til MasterChef fredag 14. mars kl. 18.00- 21.00 i KIGA. P\u00e5melding til Helen (mob. 48270833) t.o.m. onsdag 5. mars.<\/p>\n<p>&nbsp;<\/p>\n<p><strong>8) <\/strong><strong>Onsdag 5. mars<\/strong> er det Katolsk forum i menighetssalen&nbsp;rett etter kveldsmessen. Kjell Arild Pollestad kommer for \u00e5 snakke om sitt store oversettelsesarbeid av hele Bibelen. Mer utfyllende program finner dere p\u00e5 tavla i gangen, eller p\u00e5 menighetens nettsider og Facebook. Alle er hjertelig velkommen!<\/p>\n<p><strong>9)&nbsp; I dag er mars<\/strong> -nummeret av St. Ansgar Nytt klart, det er bare \u00e5 forsynes seg &#8211; de ligger<br \/>\ni inngangshallen og i kirka.<\/p>\n<p>&nbsp;<\/p>\n<p style=\"text-align: center;\"><strong>Alle er hjertelig velkommen til kirkekaffe. \u00d8nsker dere riktig god s\u00f8ndag!<\/strong><\/p>\n","protected":false},"excerpt":{"rendered":"<p>KUNNGJ\u00d8RINGER S\u00d8NDAG 2. MARS 2025 Tirsdag 04.03. kl. kl. 17.30 18.00 Vesper Messe &#8211; etterfulgt av sakramentstilbedelse Onsdag 05.03. Askeonsdag \u2013 faste og abstinens kl. kl. 18.00 20.00 Messe &#8211; med utdeling av askekors Messe p\u00e5 polsk &#8211; med utdeling&#8230;<br \/><a class=\"read-more-button\" href=\"https:\/\/stansgar.katolsk.no\/?p=22047\">Read more<\/a><\/p>\n","protected":false},"author":5,"featured_media":0,"comment_status":"closed","ping_status":"open","sticky":false,"template":"","format":"standard","meta":{"footnotes":""},"categories":[482],"tags":[],"class_list":["post-22047","post","type-post","status-publish","format-standard","hentry","category-kunngjoringer"],"_links":{"self":[{"href":"https:\/\/stansgar.katolsk.no\/index.php?rest_route=\/wp\/v2\/posts\/22047","targetHints":{"allow":["GET"]}}],"collection":[{"href":"https:\/\/stansgar.katolsk.no\/index.php?rest_route=\/wp\/v2\/posts"}],"about":[{"href":"https:\/\/stansgar.katolsk.no\/index.php?rest_route=\/wp\/v2\/types\/post"}],"author":[{"embeddable":true,"href":"https:\/\/stansgar.katolsk.no\/index.php?rest_route=\/wp\/v2\/users\/5"}],"replies":[{"embeddable":true,"href":"https:\/\/stansgar.katolsk.no\/index.php?rest_route=%2Fwp%2Fv2%2Fcomments&post=22047"}],"version-history":[{"count":2,"href":"https:\/\/stansgar.katolsk.no\/index.php?rest_route=\/wp\/v2\/posts\/22047\/revisions"}],"predecessor-version":[{"id":22057,"href":"https:\/\/stansgar.katolsk.no\/index.php?rest_route=\/wp\/v2\/posts\/22047\/revisions\/22057"}],"wp:attachment":[{"href":"https:\/\/stansgar.katolsk.no\/index.php?rest_route=%2Fwp%2Fv2%2Fmedia&parent=22047"}],"wp:term":[{"taxonomy":"category","embeddable":true,"href":"https:\/\/stansgar.katolsk.no\/index.php?rest_route=%2Fwp%2Fv2%2Fcategories&post=22047"},{"taxonomy":"post_tag","embeddable":true,"href":"https:\/\/stansgar.katolsk.no\/index.php?rest_route=%2Fwp%2Fv2%2Ftags&post=22047"}],"curies":[{"name":"wp","href":"https:\/\/api.w.org\/{rel}","templated":true}]}}