{"id":22030,"date":"2025-02-16T11:00:41","date_gmt":"2025-02-16T10:00:41","guid":{"rendered":"https:\/\/stansgar.katolsk.no\/?p=22030"},"modified":"2025-02-14T13:06:02","modified_gmt":"2025-02-14T12:06:02","slug":"kunngjoringer-sondag-16-febuar-2025","status":"publish","type":"post","link":"https:\/\/stansgar.katolsk.no\/?p=22030","title":{"rendered":"KUNNGJ\u00d8RINGER S\u00d8NDAG 16. FEBUAR 2025"},"content":{"rendered":"<p style=\"text-align: center;\"><strong>KUNNGJ\u00d8RINGER S\u00d8NDAG 16. FEBUAR 2025<\/strong><\/p>\n<table style=\"width: 617.891px;\">\n<tbody>\n<tr>\n<td style=\"width: 65px;\">Tirsdag<\/td>\n<td style=\"width: 39px;\">18.02.<\/td>\n<td style=\"width: 29px;\">kl.<\/p>\n<p>kl.<\/td>\n<td style=\"width: 44px;\">17.30<\/p>\n<p>18.00<\/td>\n<td style=\"width: 342.891px;\">Vesper<\/p>\n<p>Messe &#8211; etterfulgt av sakramentstilbedelse<\/td>\n<\/tr>\n<tr>\n<td style=\"width: 65px;\">Onsdag<\/td>\n<td style=\"width: 39px;\">19.02.<\/td>\n<td style=\"width: 29px;\">kl.<\/td>\n<td style=\"width: 44px;\">18.00<\/td>\n<td style=\"width: 342.891px;\">Messe<\/td>\n<\/tr>\n<tr>\n<td style=\"width: 65px;\">Torsdag<\/td>\n<td style=\"width: 39px;\">20.02.<\/td>\n<td style=\"width: 29px;\">kl.<\/p>\n<p>kl.<\/td>\n<td style=\"width: 44px;\">11.00<\/p>\n<p>18.00<\/td>\n<td style=\"width: 342.891px;\">Messe<\/p>\n<p>Messe<\/td>\n<\/tr>\n<tr>\n<td style=\"width: 65px;\">Fredag<\/td>\n<td style=\"width: 39px;\">21.02.<\/td>\n<td style=\"width: 29px;\">kl.<\/p>\n<p>&nbsp;<\/p>\n<p>kl.<\/td>\n<td style=\"width: 44px;\">17.00<\/p>\n<p>&nbsp;<\/p>\n<p>18.00<\/td>\n<td style=\"width: 342.891px;\">Sakramentstilbedelse &#8211;<\/p>\n<p>Skriftem\u00e5l (kl. 17.00 -17.30) under tilbedelsen<\/p>\n<p>Messe<\/td>\n<\/tr>\n<\/tbody>\n<\/table>\n<table style=\"width: 619.156px;\">\n<tbody>\n<tr>\n<td style=\"width: 65px;\" rowspan=\"2\">L\u00f8rdag<\/p>\n<p>&nbsp;<\/p>\n<p>&nbsp;<\/p>\n<p>&nbsp;<\/p>\n<p>&nbsp;<\/p>\n<p>&nbsp;<\/p>\n<p>&nbsp;<\/p>\n<p>Andre steder:<\/td>\n<td style=\"width: 40px;\" rowspan=\"2\">22.02.<\/td>\n<td style=\"width: 420.156px;\" colspan=\"3\">Fest: Apostelen Peters stol<\/td>\n<\/tr>\n<tr>\n<td style=\"width: 30px;\">kl.<\/p>\n<p>kl.<\/p>\n<p>kl.<\/p>\n<p>kl.<\/p>\n<p>kl.<\/p>\n<p>&nbsp;<\/p>\n<p>kl.<\/p>\n<p>kl.<\/td>\n<td style=\"width: 39px;\">13.00<\/p>\n<p>11.00<\/p>\n<p>14.00<\/p>\n<p>16.00<\/p>\n<p>18.00<\/p>\n<p>&nbsp;<\/p>\n<p>14.00<\/p>\n<p>17.00<\/td>\n<td style=\"width: 351.156px;\">Messe<\/p>\n<p>Messe p\u00e5 kroatisk<\/p>\n<p>Messe p\u00e5 tagalog<\/p>\n<p>Messe p\u00e5 fransk<\/p>\n<p>Messe p\u00e5 polsk<\/p>\n<p>&nbsp;<\/p>\n<p>Messe i Lyngdal<\/p>\n<p>Messe i Flekkefjord<\/td>\n<\/tr>\n<\/tbody>\n<\/table>\n<table style=\"width: 622.609px;\">\n<tbody>\n<tr>\n<td style=\"width: 65px;\">S\u00f8ndag<\/td>\n<td style=\"width: 40px;\">23.02<strong>.<\/strong><\/td>\n<td style=\"width: 422.609px;\" colspan=\"3\"><strong>7. s\u00f8ndag i det alminnelige kirke\u00e5r<\/strong><\/td>\n<\/tr>\n<tr>\n<td style=\"width: 65px;\">&nbsp;<\/p>\n<p>&nbsp;<\/td>\n<td style=\"width: 40px;\">&nbsp;<\/td>\n<td style=\"width: 30px;\">kl.<\/p>\n<p>kl.<\/p>\n<p>kl.<\/p>\n<p>kl.<\/td>\n<td style=\"width: 28px;\">09.00<\/p>\n<p>11.00<\/p>\n<p>13.00<\/p>\n<p>15.00<\/td>\n<td style=\"width: 364.609px;\">Messe p\u00e5 polsk<\/p>\n<p>H\u00f8ymesse<\/p>\n<p>Messe p\u00e5 vietnamesisk<\/p>\n<p>Messe p\u00e5 engelsk<\/td>\n<\/tr>\n<\/tbody>\n<\/table>\n<p><strong>Annet:&nbsp;<\/strong>&nbsp;<\/p>\n<p><strong>1) Andre messer i tillegg til ordin\u00e6re messer denne uken:<\/strong>&nbsp;<\/p>\n<p>-i St. Ansgar kirke:<\/p>\n<p><strong>L\u00f8rdag 22. februar<\/strong> er det messe p\u00e5 kroatisk kl. 11.00, p\u00e5 tagalog kl. 14.00 og p\u00e5 fransk kl. 16.00.<\/p>\n<p><strong>S\u00f8ndag 23. februar<\/strong> er det messe p\u00e5 engelsk kl. 15.00.<\/p>\n<p>&#8211; andre steder:<\/p>\n<p><strong>L\u00f8rdag 22. februar<\/strong> er det messe i Lyngdal kl. 14.00 og i Flekkefjord kl. 17.00.<\/p>\n<p><strong>2) Fester og h\u00f8ytider denne uken<\/strong>:<\/p>\n<p>L\u00f8rdag 22. februar er det festen for Apostelen Peters stol.<\/p>\n<p>&nbsp;<\/p>\n<p><strong>3) Sakramentstilbedelse i Jubel\u00e5ret<\/strong><\/p>\n<p>Det er sakramentstilbedelse fredag 21.02. fra kl. 17.00 til kl. 17.45.&nbsp; Under tilbedelsen er det skriftem\u00e5l fra kl. 17.00 til kl. 17.30. Alle oppmuntres til \u00e5 delta i tilbedelse og Den hellige messe og oppn\u00e5r p\u00e5 den m\u00e5ten avlat.<\/p>\n<p>&nbsp;<\/p>\n<p><strong>4) Juniorklubbm\u00f8te fredag 21.02.<br \/>\n<\/strong>Juniorklubben har filmkveld i Kiga fredag 21.02. kl. 18.30-20.45.<br \/>\nP\u00e5melding innen 19.02. til Dung tlf 418 44&nbsp;223.<\/p>\n<p>&nbsp;<\/p>\n<p><strong>5) Torsdag 20. februar<\/strong> kl. 18.45 er det troskurs.<\/p>\n<p>&nbsp;<\/p>\n<p><strong>6) Retrett i fastetiden:<\/strong><\/p>\n<p>Pater Trym Andreas Hellevig holder retrett 28. februar &#8211; 1. mars i St. Ansgar menighet. Temaet er:<\/p>\n<p>Det Siste M\u00e5ltid og Messeofferet\u00bb.<\/p>\n<p>Retrettprogrammet finner dere p\u00e5 oppslagstavla i kirkens inngangsparti og p\u00e5 menighetens<\/p>\n<p>nettside og facebook. Ta gjerne med et retrettprogram som ligger i kirkens inngangsparti.<\/p>\n<p>Alle er invitert til retretten for \u00e5 fordype fellesskapet med Gud og forberede seg til p\u00e5sken.<\/p>\n<p><strong>&nbsp;<\/strong><strong>&nbsp;<\/strong><\/p>\n<p style=\"text-align: center;\"><strong>Alle er hjertelig velkommen til kirkekaffe. \u00d8nsker dere riktig god s\u00f8ndag!<\/strong><\/p>\n<p>&nbsp;<\/p>\n","protected":false},"excerpt":{"rendered":"<p>KUNNGJ\u00d8RINGER S\u00d8NDAG 16. FEBUAR 2025 Tirsdag 18.02. kl. kl. 17.30 18.00 Vesper Messe &#8211; etterfulgt av sakramentstilbedelse Onsdag 19.02. kl. 18.00 Messe Torsdag 20.02. kl. kl. 11.00 18.00 Messe Messe Fredag 21.02. kl. &nbsp; kl. 17.00 &nbsp; 18.00 Sakramentstilbedelse &#8211;&#8230;<br \/><a class=\"read-more-button\" href=\"https:\/\/stansgar.katolsk.no\/?p=22030\">Read more<\/a><\/p>\n","protected":false},"author":1,"featured_media":0,"comment_status":"closed","ping_status":"open","sticky":false,"template":"","format":"standard","meta":{"footnotes":""},"categories":[482],"tags":[],"class_list":["post-22030","post","type-post","status-publish","format-standard","hentry","category-kunngjoringer"],"_links":{"self":[{"href":"https:\/\/stansgar.katolsk.no\/index.php?rest_route=\/wp\/v2\/posts\/22030","targetHints":{"allow":["GET"]}}],"collection":[{"href":"https:\/\/stansgar.katolsk.no\/index.php?rest_route=\/wp\/v2\/posts"}],"about":[{"href":"https:\/\/stansgar.katolsk.no\/index.php?rest_route=\/wp\/v2\/types\/post"}],"author":[{"embeddable":true,"href":"https:\/\/stansgar.katolsk.no\/index.php?rest_route=\/wp\/v2\/users\/1"}],"replies":[{"embeddable":true,"href":"https:\/\/stansgar.katolsk.no\/index.php?rest_route=%2Fwp%2Fv2%2Fcomments&post=22030"}],"version-history":[{"count":1,"href":"https:\/\/stansgar.katolsk.no\/index.php?rest_route=\/wp\/v2\/posts\/22030\/revisions"}],"predecessor-version":[{"id":22031,"href":"https:\/\/stansgar.katolsk.no\/index.php?rest_route=\/wp\/v2\/posts\/22030\/revisions\/22031"}],"wp:attachment":[{"href":"https:\/\/stansgar.katolsk.no\/index.php?rest_route=%2Fwp%2Fv2%2Fmedia&parent=22030"}],"wp:term":[{"taxonomy":"category","embeddable":true,"href":"https:\/\/stansgar.katolsk.no\/index.php?rest_route=%2Fwp%2Fv2%2Fcategories&post=22030"},{"taxonomy":"post_tag","embeddable":true,"href":"https:\/\/stansgar.katolsk.no\/index.php?rest_route=%2Fwp%2Fv2%2Ftags&post=22030"}],"curies":[{"name":"wp","href":"https:\/\/api.w.org\/{rel}","templated":true}]}}