{"id":22018,"date":"2025-02-09T11:00:08","date_gmt":"2025-02-09T10:00:08","guid":{"rendered":"https:\/\/stansgar.katolsk.no\/?p=22018"},"modified":"2025-02-07T13:16:29","modified_gmt":"2025-02-07T12:16:29","slug":"kunngjoringer-sondag-9-febuar-2025","status":"publish","type":"post","link":"https:\/\/stansgar.katolsk.no\/?p=22018","title":{"rendered":"KUNNGJ\u00d8RINGER S\u00d8NDAG 9. FEBUAR 2025"},"content":{"rendered":"<p style=\"text-align: center;\"><strong>KUNNGJ\u00d8RINGER S\u00d8NDAG 9. FEBUAR 2025<\/strong><\/p>\n<table style=\"width: 691px;\">\n<tbody>\n<tr>\n<td style=\"width: 67px;\">Tirsdag<\/td>\n<td style=\"width: 46px;\">11.02.<\/td>\n<td style=\"width: 17px;\">kl.<\/p>\n<p>kl.<\/td>\n<td style=\"width: 49.6562px;\">17.30<\/p>\n<p>18.00<\/td>\n<td style=\"width: 417.344px;\">Vesper<\/p>\n<p>Messe &#8211; etterfulgt av sakramentstilbedelse<\/td>\n<\/tr>\n<tr>\n<td style=\"width: 67px;\">Onsdag<\/td>\n<td style=\"width: 46px;\">12.02.<\/td>\n<td style=\"width: 17px;\">kl.<\/td>\n<td style=\"width: 49.6562px;\">18.00<\/td>\n<td style=\"width: 417.344px;\">Messe<\/td>\n<\/tr>\n<tr>\n<td style=\"width: 67px;\">Torsdag<\/td>\n<td style=\"width: 46px;\">13.02.<\/td>\n<td style=\"width: 17px;\">kl.<\/p>\n<p>kl.<\/td>\n<td style=\"width: 49.6562px;\">11.00<\/p>\n<p>18.00<\/td>\n<td style=\"width: 417.344px;\">Messe &#8211; etterfulgt av felles lunsj i Kiga.<\/p>\n<p>Messe<\/td>\n<\/tr>\n<tr>\n<td style=\"width: 67px;\" rowspan=\"2\">Fredag<\/td>\n<td style=\"width: 46px;\" rowspan=\"2\">14.02.<\/td>\n<td style=\"width: 484px;\" colspan=\"3\">Fest: De hellige Kyrillos og Methodios \u2013 vernehelgener for Europa<\/td>\n<\/tr>\n<tr>\n<td style=\"width: 17px;\">kl.<\/p>\n<p>&nbsp;<\/p>\n<p>kl.<\/td>\n<td style=\"width: 49.6562px;\">17.00<\/p>\n<p>&nbsp;<\/p>\n<p>18.00<\/td>\n<td style=\"width: 417.344px;\">Sakramentstilbedelse &#8211;<\/p>\n<p>Skriftem\u00e5l (kl. 17.00 -17.30) under tilbedelsen<\/p>\n<p>Messe<\/td>\n<\/tr>\n<tr>\n<td style=\"width: 67px;\">L\u00f8rdag<\/td>\n<td style=\"width: 46px;\">15.02.<\/td>\n<td style=\"width: 17px;\">kl.<\/p>\n<p>kl.<\/p>\n<p>kl.<\/td>\n<td style=\"width: 49.6562px;\">13.00<\/p>\n<p>14.00<\/p>\n<p>18.00<\/td>\n<td style=\"width: 417.344px;\">Messe<\/p>\n<p>Messe p\u00e5 spansk<\/p>\n<p>Messe p\u00e5 polsk<\/td>\n<\/tr>\n<tr>\n<td style=\"width: 67px;\">S\u00f8ndag<\/td>\n<td style=\"width: 46px;\">16.02<strong>.<\/strong><\/td>\n<td style=\"width: 484px;\" colspan=\"3\"><strong>6. s\u00f8ndag i det alminnelige kirke\u00e5r<\/strong><\/td>\n<\/tr>\n<tr>\n<td style=\"width: 67px;\">&nbsp;<\/p>\n<p>&nbsp;<\/td>\n<td style=\"width: 46px;\">&nbsp;<\/td>\n<td style=\"width: 17px;\">kl.<\/p>\n<p>kl.<\/p>\n<p>kl.<\/td>\n<td style=\"width: 49.6562px;\">09.00<\/p>\n<p>11.00<\/p>\n<p>13.00<\/td>\n<td style=\"width: 417.344px;\">Messe p\u00e5 polsk<\/p>\n<p>H\u00f8ymesse<\/p>\n<p>Messe p\u00e5 vietnamesisk<\/td>\n<\/tr>\n<\/tbody>\n<\/table>\n<p><strong>Annet:&nbsp;<\/strong>&nbsp;<\/p>\n<p><strong>1)<\/strong><strong> Andre messer i tillegg til ordin\u00e6re messer denne uken:<\/strong>&nbsp;<\/p>\n<p>&#8211; i St. Ansgar kirke<\/p>\n<p>L\u00f8rdag 15. februar er det messe p\u00e5 spansk kl. 14.00<\/p>\n<p><strong>2) Fester og h\u00f8ytider denne uken: <\/strong><\/p>\n<p>Fredag 14. februar er det festen for De hellige Kyrillos og Methodios &#8211; vernehelgener for Europa. &nbsp;<\/p>\n<p>&nbsp;<\/p>\n<p><strong>3) Sakramentstilbedelse i Jubel\u00e5ret<\/strong><\/p>\n<p>Det er sakramentstilbedelse fredag 14.02. fra kl. 17.00 til kl. 17.45.&nbsp; Under tilbedelsen er det skriftem\u00e5l fra kl. 17.00 til kl. 17.30. Alle oppmuntres til \u00e5 delta i tilbedelse og Den hellige messe og oppn\u00e5r p\u00e5 den m\u00e5ten avlat.<\/p>\n<p>&nbsp;<\/p>\n<p><strong>4) Caritas St. Ansgar inviterer alle til sine aktiviteter:<\/strong><\/p>\n<p>&#8211; Onsdag 12. februar treffes h\u00e5ndarbeidsgruppe i KIGA fra kl.14.00 -18.00.<\/p>\n<p>&#8211; Torsdag 13. februar er det vaffelkveld i KIGA etter kveldsmessen.<\/p>\n<p><strong>&nbsp;<\/strong><\/p>\n<p style=\"text-align: center;\"><strong>Alle er hjertelig velkommen til kirkekaffe. \u00d8nsker dere riktig god s\u00f8ndag!<\/strong><\/p>\n","protected":false},"excerpt":{"rendered":"<p>KUNNGJ\u00d8RINGER S\u00d8NDAG 9. FEBUAR 2025 Tirsdag 11.02. kl. kl. 17.30 18.00 Vesper Messe &#8211; etterfulgt av sakramentstilbedelse Onsdag 12.02. kl. 18.00 Messe Torsdag 13.02. kl. kl. 11.00 18.00 Messe &#8211; etterfulgt av felles lunsj i Kiga. Messe Fredag 14.02. Fest:&#8230;<br \/><a class=\"read-more-button\" href=\"https:\/\/stansgar.katolsk.no\/?p=22018\">Read more<\/a><\/p>\n","protected":false},"author":1,"featured_media":0,"comment_status":"closed","ping_status":"open","sticky":false,"template":"","format":"standard","meta":{"footnotes":""},"categories":[482],"tags":[],"class_list":["post-22018","post","type-post","status-publish","format-standard","hentry","category-kunngjoringer"],"_links":{"self":[{"href":"https:\/\/stansgar.katolsk.no\/index.php?rest_route=\/wp\/v2\/posts\/22018","targetHints":{"allow":["GET"]}}],"collection":[{"href":"https:\/\/stansgar.katolsk.no\/index.php?rest_route=\/wp\/v2\/posts"}],"about":[{"href":"https:\/\/stansgar.katolsk.no\/index.php?rest_route=\/wp\/v2\/types\/post"}],"author":[{"embeddable":true,"href":"https:\/\/stansgar.katolsk.no\/index.php?rest_route=\/wp\/v2\/users\/1"}],"replies":[{"embeddable":true,"href":"https:\/\/stansgar.katolsk.no\/index.php?rest_route=%2Fwp%2Fv2%2Fcomments&post=22018"}],"version-history":[{"count":1,"href":"https:\/\/stansgar.katolsk.no\/index.php?rest_route=\/wp\/v2\/posts\/22018\/revisions"}],"predecessor-version":[{"id":22019,"href":"https:\/\/stansgar.katolsk.no\/index.php?rest_route=\/wp\/v2\/posts\/22018\/revisions\/22019"}],"wp:attachment":[{"href":"https:\/\/stansgar.katolsk.no\/index.php?rest_route=%2Fwp%2Fv2%2Fmedia&parent=22018"}],"wp:term":[{"taxonomy":"category","embeddable":true,"href":"https:\/\/stansgar.katolsk.no\/index.php?rest_route=%2Fwp%2Fv2%2Fcategories&post=22018"},{"taxonomy":"post_tag","embeddable":true,"href":"https:\/\/stansgar.katolsk.no\/index.php?rest_route=%2Fwp%2Fv2%2Ftags&post=22018"}],"curies":[{"name":"wp","href":"https:\/\/api.w.org\/{rel}","templated":true}]}}