{"id":21977,"date":"2025-02-02T10:01:20","date_gmt":"2025-02-02T09:01:20","guid":{"rendered":"https:\/\/stansgar.katolsk.no\/?p=21977"},"modified":"2025-01-31T11:01:51","modified_gmt":"2025-01-31T10:01:51","slug":"kunngjoringer-sondag-2-febuar-2025","status":"publish","type":"post","link":"https:\/\/stansgar.katolsk.no\/?p=21977","title":{"rendered":"KUNNGJ\u00d8RINGER S\u00d8NDAG 2. FEBUAR 2025"},"content":{"rendered":"<p style=\"text-align: center;\"><strong>KUNNGJ\u00d8RINGER S\u00d8NDAG 2. FEBUAR 2025<\/strong><\/p>\n<table style=\"width: 664.391px;\">\n<tbody>\n<tr>\n<td style=\"width: 67px;\">Tirsdag<\/td>\n<td style=\"width: 73px;\">04.02.<\/td>\n<td style=\"width: 45px;\">kl.<\/p>\n<p>kl.<\/td>\n<td style=\"width: 166.359px;\" colspan=\"2\">17.30<\/p>\n<p>18.00<\/td>\n<td style=\"width: 367.391px;\">Vesper<\/p>\n<p>Messe &#8211; etterfulgt av sakramentstilbedelse<\/td>\n<\/tr>\n<tr>\n<td style=\"width: 67px;\" rowspan=\"2\">Onsdag<\/td>\n<td style=\"width: 73px;\" rowspan=\"2\">05.02.<\/td>\n<td style=\"width: 578.75px;\" colspan=\"4\">Minnedag: Den hellige Agathe<\/td>\n<\/tr>\n<tr>\n<td style=\"width: 45px;\">kl.<\/td>\n<td style=\"width: 166.359px;\" colspan=\"2\">18.00<\/td>\n<td style=\"width: 367.391px;\">Messe<\/td>\n<\/tr>\n<tr>\n<td style=\"width: 67px;\" rowspan=\"2\">Torsdag<\/td>\n<td style=\"width: 73px;\" rowspan=\"2\">06.02.<\/td>\n<td style=\"width: 578.75px;\" colspan=\"4\">Minnedag: Den hellige Paul Miki og hans ledsagere<\/td>\n<\/tr>\n<tr>\n<td style=\"width: 45px;\">kl.<\/p>\n<p>&nbsp;<\/p>\n<p>&nbsp;<\/p>\n<p>kl.<\/td>\n<td style=\"width: 166.359px;\" colspan=\"2\">11.00<\/p>\n<p>&nbsp;<\/p>\n<p>&nbsp;<\/p>\n<p>18.00<\/td>\n<td style=\"width: 367.391px;\">Messe &#8211; etterfulgt av felles lunsj i Kiga.<\/p>\n<p>Etter messen er det stille tilbedelse fram til kl. 17.45.<\/p>\n<p>Vi ber spesielt for kall til ordenslivet og presteskapet.<\/p>\n<p>Messe<\/td>\n<\/tr>\n<tr>\n<td style=\"width: 67px;\">Fredag<\/td>\n<td style=\"width: 73px;\">07.02.<\/td>\n<td style=\"width: 45px;\">kl.<\/p>\n<p>&nbsp;<\/p>\n<p>kl.<\/td>\n<td style=\"width: 166.359px;\" colspan=\"2\">17.00<\/p>\n<p>&nbsp;<\/p>\n<p>18.00<\/td>\n<td style=\"width: 367.391px;\">Sakramentstilbedelse &#8211;<\/p>\n<p>Skriftem\u00e5l (kl. 17.00 -17.30) under tilbedelsen<\/p>\n<p>Messe<\/td>\n<\/tr>\n<tr>\n<td style=\"width: 67px;\">L\u00f8rdag<\/td>\n<td style=\"width: 73px;\">08.02.<\/td>\n<td style=\"width: 45px;\">kl.<\/p>\n<p>kl.<\/td>\n<td style=\"width: 76px;\">13.00<\/p>\n<p>18.00<\/td>\n<td style=\"width: 457.75px;\" colspan=\"2\">Katekesemesse<\/p>\n<p>Messe p\u00e5 polsk<\/td>\n<\/tr>\n<tr>\n<td style=\"width: 67px;\">S\u00f8ndag<\/td>\n<td style=\"width: 73px;\">09.02<strong>.<\/strong><\/td>\n<td style=\"width: 578.75px;\" colspan=\"4\"><strong>5. s\u00f8ndag i det alminnelige kirke\u00e5r<\/strong><\/td>\n<\/tr>\n<tr>\n<td style=\"width: 67px;\">&nbsp;<\/p>\n<p>&nbsp;<\/p>\n<p>&nbsp;<\/p>\n<p>&nbsp;<\/p>\n<p>Andre steder:<\/p>\n<p>&nbsp;<\/td>\n<td style=\"width: 73px;\">&nbsp;<\/td>\n<td style=\"width: 45px;\">kl.<\/p>\n<p>kl.<\/p>\n<p>kl.<\/p>\n<p>&nbsp;<\/p>\n<p>kl.<\/p>\n<p>&nbsp;<\/td>\n<td style=\"width: 166.359px;\" colspan=\"2\">09.00<\/p>\n<p>11.00<\/p>\n<p>13.00<\/p>\n<p>&nbsp;<\/p>\n<p>17.00<\/td>\n<td style=\"width: 367.391px;\">Messe p\u00e5 polsk<\/p>\n<p>H\u00f8ymesse<\/p>\n<p>Messe p\u00e5 vietnamesisk<\/p>\n<p>&nbsp;<\/p>\n<p>Messe p\u00e5 Stella Maris i Mandal<\/td>\n<\/tr>\n<\/tbody>\n<\/table>\n<p><strong>Annet:&nbsp;<\/strong>&nbsp;<\/p>\n<p><strong>1) Andre messer i tillegg til ordin\u00e6re messer denne uken:<\/strong>&nbsp;<br \/>\n&#8211; andre steder:<br \/>\nS\u00f8ndag 9. februar kl. 17.00 er det messe p\u00e5 Stella Maris i Mandal.<\/p>\n<p>&nbsp;<\/p>\n<p><strong>2) Sakramentstilbedelse i Jubel\u00e5ret<\/strong><\/p>\n<p>Det er sakramentstilbedelse fredag 07.02. fra kl. 17.00 til kl. 17.45.&nbsp; Under tilbedelsen er det skriftem\u00e5l fra kl. 17.00 til kl. 17.30. Alle oppmuntres til \u00e5 delta i tilbedelse og Den hellige messe og oppn\u00e5r p\u00e5 den m\u00e5ten avlat.<\/p>\n<p><strong>&nbsp;<\/strong><\/p>\n<p><strong>3) Katekesekunngj\u00f8ring:<\/strong><\/p>\n<p><strong>Katekese for 1. &#8211; 7. trinn l\u00f8rdag 8. februar<br \/>\n<\/strong>&#8211; Kl. 10.00 \u2013 13.00: Katekese for 1. &#8211; 4. trinn<br \/>\n&#8211; Kl. 13.00 \u2013 14.00: Katekesemesse for 1. &#8211; 7. trinn<br \/>\n&#8211; Kl. 14.00 \u2013 17.00: Katekese for 5. &#8211; 7. trinn<\/p>\n<p><strong>&nbsp;<\/strong><\/p>\n<p><strong>4) Onsdag 5. februar<\/strong> kl. 18.45 er det bibelgruppe.<\/p>\n<p>&nbsp;<\/p>\n<p><strong>5) Torsdag 6. februar<\/strong> kl. 18.45 er det troskurs.<\/p>\n<p>&nbsp;<\/p>\n<p><strong>6) Fredag 7. februar<\/strong> inviterer SAUL til spillekveld fra kl. 18.00. P\u00e5meldingsfrist 5. februar. For mer informasjon sjekk plakat i inngangspartiet eller p\u00e5 v\u00e5r nettside. &nbsp;<\/p>\n<p>&nbsp;<\/p>\n<p><strong>7)<\/strong> I dag er februar-nummeret av St. Ansgar Nytt klart, det er bare \u00e5 forsynes seg &#8211; de ligger<br \/>\ni inngangshallen og i kirka.<\/p>\n<p>&nbsp;<\/p>\n<p style=\"text-align: center;\"><strong>&nbsp;<\/strong><strong>Alle er hjertelig velkommen til kirkekaffe. \u00d8nsker dere riktig god s\u00f8ndag!<\/strong><\/p>\n","protected":false},"excerpt":{"rendered":"<p>KUNNGJ\u00d8RINGER S\u00d8NDAG 2. FEBUAR 2025 Tirsdag 04.02. kl. kl. 17.30 18.00 Vesper Messe &#8211; etterfulgt av sakramentstilbedelse Onsdag 05.02. Minnedag: Den hellige Agathe kl. 18.00 Messe Torsdag 06.02. Minnedag: Den hellige Paul Miki og hans ledsagere kl. &nbsp; &nbsp; kl&#8230;.<br \/><a class=\"read-more-button\" href=\"https:\/\/stansgar.katolsk.no\/?p=21977\">Read more<\/a><\/p>\n","protected":false},"author":1,"featured_media":0,"comment_status":"closed","ping_status":"open","sticky":false,"template":"","format":"standard","meta":{"footnotes":""},"categories":[482],"tags":[],"class_list":["post-21977","post","type-post","status-publish","format-standard","hentry","category-kunngjoringer"],"_links":{"self":[{"href":"https:\/\/stansgar.katolsk.no\/index.php?rest_route=\/wp\/v2\/posts\/21977","targetHints":{"allow":["GET"]}}],"collection":[{"href":"https:\/\/stansgar.katolsk.no\/index.php?rest_route=\/wp\/v2\/posts"}],"about":[{"href":"https:\/\/stansgar.katolsk.no\/index.php?rest_route=\/wp\/v2\/types\/post"}],"author":[{"embeddable":true,"href":"https:\/\/stansgar.katolsk.no\/index.php?rest_route=\/wp\/v2\/users\/1"}],"replies":[{"embeddable":true,"href":"https:\/\/stansgar.katolsk.no\/index.php?rest_route=%2Fwp%2Fv2%2Fcomments&post=21977"}],"version-history":[{"count":1,"href":"https:\/\/stansgar.katolsk.no\/index.php?rest_route=\/wp\/v2\/posts\/21977\/revisions"}],"predecessor-version":[{"id":21978,"href":"https:\/\/stansgar.katolsk.no\/index.php?rest_route=\/wp\/v2\/posts\/21977\/revisions\/21978"}],"wp:attachment":[{"href":"https:\/\/stansgar.katolsk.no\/index.php?rest_route=%2Fwp%2Fv2%2Fmedia&parent=21977"}],"wp:term":[{"taxonomy":"category","embeddable":true,"href":"https:\/\/stansgar.katolsk.no\/index.php?rest_route=%2Fwp%2Fv2%2Fcategories&post=21977"},{"taxonomy":"post_tag","embeddable":true,"href":"https:\/\/stansgar.katolsk.no\/index.php?rest_route=%2Fwp%2Fv2%2Ftags&post=21977"}],"curies":[{"name":"wp","href":"https:\/\/api.w.org\/{rel}","templated":true}]}}