{"id":21831,"date":"2024-12-01T11:01:43","date_gmt":"2024-12-01T10:01:43","guid":{"rendered":"https:\/\/stansgar.katolsk.no\/?p=21831"},"modified":"2024-11-29T12:38:10","modified_gmt":"2024-11-29T11:38:10","slug":"kunngjoringer-sondag-1-desember","status":"publish","type":"post","link":"https:\/\/stansgar.katolsk.no\/?p=21831","title":{"rendered":"KUNNGJ\u00d8RINGER S\u00d8NDAG 1. DESEMBER"},"content":{"rendered":"<p style=\"text-align: center;\"><strong>KUNNGJ\u00d8RINGER S\u00d8NDAG 1. DESEMBER <\/strong><\/p>\n<table style=\"width: 707.094px;\">\n<tbody>\n<tr>\n<td style=\"width: 73px;\" rowspan=\"2\">Tirsdag<\/td>\n<td style=\"width: 75px;\" rowspan=\"2\">03.12.<\/td>\n<td style=\"width: 467.094px;\" colspan=\"3\">Minnedag: Den hellige Frans Xavier<\/td>\n<\/tr>\n<tr>\n<td style=\"width: 33px;\">kl.<\/p>\n<p>kl.<\/td>\n<td style=\"width: 52px;\">17.30<\/p>\n<p>18.00<\/td>\n<td style=\"width: 382.094px;\">Vesper<\/p>\n<p>Messe &#8211; etterfulgt av sakramentstilbedelse<\/td>\n<\/tr>\n<tr>\n<td style=\"width: 73px;\">Onsdag<\/td>\n<td style=\"width: 75px;\">04.12.<\/td>\n<td style=\"width: 33px;\">kl.<\/td>\n<td style=\"width: 52px;\">06.30<\/p>\n<p>18.00<\/td>\n<td style=\"width: 382.094px;\">Roratemesse<\/p>\n<p>Messe<\/td>\n<\/tr>\n<tr>\n<td style=\"width: 73px;\">Torsdag<\/td>\n<td style=\"width: 75px;\">05.12.<\/td>\n<td style=\"width: 33px;\">kl.<\/p>\n<p>&nbsp;<\/p>\n<p>&nbsp;<\/p>\n<p>kl.<\/td>\n<td style=\"width: 52px;\">11.00<\/p>\n<p>&nbsp;<\/p>\n<p>&nbsp;<\/p>\n<p>18.00<\/td>\n<td style=\"width: 382.094px;\">Messe \u2013 etterfulgt av felles lunsj i Kiga.&nbsp;<\/p>\n<p>Etter messen er det stille tilbedelse fram til kl. 17.45.<\/p>\n<p>Vi ber spesielt for kall til ordenslivet og presteskapet.<\/p>\n<p>Messe<\/td>\n<\/tr>\n<tr>\n<td style=\"width: 73px;\">Fredag<\/td>\n<td style=\"width: 75px;\">06.12.<\/td>\n<td style=\"width: 33px;\">kl.<\/p>\n<p>kl.<\/td>\n<td style=\"width: 52px;\">17.00<\/p>\n<p>18.00<\/td>\n<td style=\"width: 382.094px;\">Sakramentstilbedelse &#8211; kl. 17.30: vesper p\u00e5 norsk<\/p>\n<p>Messe<\/td>\n<\/tr>\n<tr>\n<td style=\"width: 73px;\" rowspan=\"2\">L\u00f8rdag<\/p>\n<p>&nbsp;<\/td>\n<td style=\"width: 75px;\" rowspan=\"2\">07.12.<\/td>\n<td style=\"width: 467.094px;\" colspan=\"3\">Minnedag: Den hellige Ambrosius<\/td>\n<\/tr>\n<tr>\n<td style=\"width: 33px;\">kl.<\/p>\n<p>kl.<\/td>\n<td style=\"width: 52px;\">13.00<\/p>\n<p>18.00<\/td>\n<td style=\"width: 382.094px;\">Katekesemesse<\/p>\n<p>Messe p\u00e5 polsk<\/td>\n<\/tr>\n<tr>\n<td style=\"width: 73px;\">S\u00f8ndag<\/td>\n<td style=\"width: 75px;\">08.12.<\/td>\n<td style=\"width: 467.094px;\" colspan=\"3\"><strong>2. S\u00d8NDAG I ADVENT<\/strong><\/td>\n<\/tr>\n<tr>\n<td style=\"width: 73px;\">&nbsp;<\/p>\n<p>&nbsp;<\/p>\n<p>&nbsp;<\/p>\n<p>&nbsp;<\/p>\n<p>Andre steder<\/td>\n<td style=\"width: 75px;\">&nbsp;<\/td>\n<td style=\"width: 33px;\">kl.<\/p>\n<p>kl.<\/p>\n<p>kl.<\/p>\n<p>&nbsp;<\/p>\n<p>kl.<\/td>\n<td style=\"width: 52px;\">09.00<\/p>\n<p>11.00<\/p>\n<p>13.00<\/p>\n<p>&nbsp;<\/p>\n<p>17.00<\/td>\n<td style=\"width: 382.094px;\">Messe p\u00e5 polsk<\/p>\n<p>H\u00f8ymesse messe p\u00e5 norsk<\/p>\n<p>Messe p\u00e5 vietnamesisk<\/p>\n<p>&nbsp;<\/p>\n<p>Messe p\u00e5 Stella Maris i Mandal<\/td>\n<\/tr>\n<tr>\n<td style=\"width: 73px;\" rowspan=\"2\">Mandag<\/td>\n<td style=\"width: 75px;\" rowspan=\"2\">09.12<\/td>\n<td style=\"width: 467.094px;\" colspan=\"3\"><strong>H\u00f8ytid: Jomfru Marias uplettede unnfangelse<\/strong><\/td>\n<\/tr>\n<tr>\n<td style=\"width: 33px;\">kl.<\/td>\n<td style=\"width: 52px;\">18.00<\/td>\n<td style=\"width: 382.094px;\">Messe<\/td>\n<\/tr>\n<\/tbody>\n<\/table>\n<p><strong>Annet: <\/strong><\/p>\n<p><strong>1) Andre messer i tillegg til ordin\u00e6re messer denne uken:<\/strong><\/p>\n<p>&#8211; i St. Ansgar kirke:<br \/>\n<strong>Mandag 9. desember <\/strong>er det h\u00f8ytid for Jomfru Marias uplettede unnfangelse, messe kl. 18.00.<\/p>\n<p>&#8211; Andre steder:<\/p>\n<p>S\u00f8ndag 8. desember er det messe p\u00e5 Stella Maris i Mandal, kl.17.00.<\/p>\n<p><strong>&nbsp;<\/strong><\/p>\n<p><strong>2) Om Det hellige jubel\u00e5ret 2025<br \/>\n<\/strong>\u00abMed den 1. s\u00f8ndagen i adventstiden begynner vi det nye liturgiske \u00e5ret. Det hellige jubel\u00e5ret 2025 begynner 24. desember 2024 med at Paven \u00e5pner Den hellige d\u00f8ren i St. Peters kirken.<\/p>\n<p>Mens vi venter p\u00e5 Det hellige jubel\u00e5ret 2025 fortsetter vi i b\u00f8nnens \u00e5r med \u00e5 be \u00abB\u00f8nn for jubel\u00e5ret av pave Frans\u00bb og \u00e5 ha tilbedelse hver fredag kl. 17.00-18.00 inntil 4. s\u00f8ndag i adventstiden.<\/p>\n<p>Og et hefte om Det hellige jubel\u00e5ret 2025 kommer ut p\u00e5 forskjellige spr\u00e5k i adventstiden for \u00e5 hjelpe oss til \u00e5 forst\u00e5 og leve Det hellige jubel\u00e5ret 2025.\u00bb<\/p>\n<p><strong>&nbsp;<\/strong><\/p>\n<p><strong>3) Roratemesse: <\/strong>I adventstiden er det roratemesse hver onsdag, kl. 06.30.<\/p>\n<p><strong>&nbsp;<\/strong><\/p>\n<p><strong>4) Sakramentstilbedelse fredag 29. november<\/strong>. Alle oppmuntres til \u00e5 delta i vesper og tilbedelse av Det hellige Sakrament i l\u00f8pet av uka.<\/p>\n<p><strong>&nbsp;<\/strong><\/p>\n<p><strong>5) Katekesekunngj\u00f8ringer<\/strong><\/p>\n<p><strong>L\u00f8rdag 7. desember katekese for 8. og 9. trinn<\/strong><\/p>\n<p>10.00 \u2013 13.00: Katekese og skriftem\u00e5l<br \/>\n13.00 \u2013 14.00: Katekesemesse<\/p>\n<p><strong>6)<\/strong> <strong>Torsdag 5. desember<\/strong> kl. 18.45 er det troskurs.<\/p>\n<p><strong>7)<\/strong> <strong>Onsdag 4. desember<\/strong> inviterer Caritas St.Ansgar til h\u00e5ndarbeidsgruppe m\u00f8te fra kl. 14.00 til 18.00 i KIGA.<\/p>\n<p><strong>8)<\/strong> <strong>Onsdag 4. desember<\/strong> er det bibelgruppe etter kveldsmessen. &nbsp;<\/p>\n<p><strong>9)<\/strong> I dag er desember-nummeret av St. Ansgar Nytt klart, det er bare \u00e5 forsynes seg &#8211; de ligger<br \/>\ni inngangshallen og i kirka.<\/p>\n<p>&nbsp;<\/p>\n<p style=\"text-align: center;\"><strong>Alle er hjertelig velkommen til kirkekaffe. \u00d8nsker dere riktig god s\u00f8ndag!<\/strong><\/p>\n","protected":false},"excerpt":{"rendered":"<p>KUNNGJ\u00d8RINGER S\u00d8NDAG 1. DESEMBER Tirsdag 03.12. Minnedag: Den hellige Frans Xavier kl. kl. 17.30 18.00 Vesper Messe &#8211; etterfulgt av sakramentstilbedelse Onsdag 04.12. kl. 06.30 18.00 Roratemesse Messe Torsdag 05.12. kl. &nbsp; &nbsp; kl. 11.00 &nbsp; &nbsp; 18.00 Messe \u2013&#8230;<br \/><a class=\"read-more-button\" href=\"https:\/\/stansgar.katolsk.no\/?p=21831\">Read more<\/a><\/p>\n","protected":false},"author":1,"featured_media":0,"comment_status":"closed","ping_status":"open","sticky":false,"template":"","format":"standard","meta":{"footnotes":""},"categories":[482],"tags":[],"class_list":["post-21831","post","type-post","status-publish","format-standard","hentry","category-kunngjoringer"],"_links":{"self":[{"href":"https:\/\/stansgar.katolsk.no\/index.php?rest_route=\/wp\/v2\/posts\/21831","targetHints":{"allow":["GET"]}}],"collection":[{"href":"https:\/\/stansgar.katolsk.no\/index.php?rest_route=\/wp\/v2\/posts"}],"about":[{"href":"https:\/\/stansgar.katolsk.no\/index.php?rest_route=\/wp\/v2\/types\/post"}],"author":[{"embeddable":true,"href":"https:\/\/stansgar.katolsk.no\/index.php?rest_route=\/wp\/v2\/users\/1"}],"replies":[{"embeddable":true,"href":"https:\/\/stansgar.katolsk.no\/index.php?rest_route=%2Fwp%2Fv2%2Fcomments&post=21831"}],"version-history":[{"count":1,"href":"https:\/\/stansgar.katolsk.no\/index.php?rest_route=\/wp\/v2\/posts\/21831\/revisions"}],"predecessor-version":[{"id":21832,"href":"https:\/\/stansgar.katolsk.no\/index.php?rest_route=\/wp\/v2\/posts\/21831\/revisions\/21832"}],"wp:attachment":[{"href":"https:\/\/stansgar.katolsk.no\/index.php?rest_route=%2Fwp%2Fv2%2Fmedia&parent=21831"}],"wp:term":[{"taxonomy":"category","embeddable":true,"href":"https:\/\/stansgar.katolsk.no\/index.php?rest_route=%2Fwp%2Fv2%2Fcategories&post=21831"},{"taxonomy":"post_tag","embeddable":true,"href":"https:\/\/stansgar.katolsk.no\/index.php?rest_route=%2Fwp%2Fv2%2Ftags&post=21831"}],"curies":[{"name":"wp","href":"https:\/\/api.w.org\/{rel}","templated":true}]}}