{"id":21780,"date":"2024-11-03T11:05:08","date_gmt":"2024-11-03T10:05:08","guid":{"rendered":"https:\/\/stansgar.katolsk.no\/?p=21780"},"modified":"2024-11-01T13:25:09","modified_gmt":"2024-11-01T12:25:09","slug":"kunngjoringer-sondag-3-november-2024","status":"publish","type":"post","link":"https:\/\/stansgar.katolsk.no\/?p=21780","title":{"rendered":"KUNNGJ\u00d8RINGER S\u00d8NDAG 3. NOVEMBER 2024"},"content":{"rendered":"<p style=\"text-align: center;\"><strong>KUNNGJ\u00d8RINGER S\u00d8NDAG 3. NOVEMBER 2024 <\/strong><\/p>\n<table style=\"width: 703.125px;\">\n<tbody>\n<tr>\n<td style=\"width: 79px;\">Tirsdag<\/td>\n<td style=\"width: 61px;\">05.11.<\/td>\n<td style=\"width: 23px;\">kl.<\/p>\n<p>kl.<\/td>\n<td style=\"width: 74px;\">17.30<\/p>\n<p>18.00<\/td>\n<td style=\"width: 374.125px;\">Vesper<\/p>\n<p>Messe- etterfulgt av sakramentstilbedelse<\/td>\n<\/tr>\n<tr>\n<td style=\"width: 79px;\">Onsdag<\/td>\n<td style=\"width: 61px;\">06.11.<\/td>\n<td style=\"width: 23px;\">kl.<\/td>\n<td style=\"width: 74px;\">18.00<\/td>\n<td style=\"width: 374.125px;\">Messe<\/td>\n<\/tr>\n<tr>\n<td style=\"width: 79px;\">Torsdag<\/td>\n<td style=\"width: 61px;\">07.11.<\/td>\n<td style=\"width: 23px;\">kl.<\/p>\n<p>&nbsp;<\/p>\n<p>&nbsp;<\/p>\n<p>kl.<\/td>\n<td style=\"width: 74px;\">11.00<\/p>\n<p>&nbsp;<\/p>\n<p>&nbsp;<\/p>\n<p>18.00<\/td>\n<td style=\"width: 374.125px;\">Messe \u2013 etterfulgt av felles lunsj i Kiga.&nbsp;<\/p>\n<p>Etter messen er det stille tilbedelse fram til kl. 17.45.<\/p>\n<p>Vi ber spesielt for kall til ordenslivet og presteskapet.<\/p>\n<p>Messe<\/td>\n<\/tr>\n<tr>\n<td style=\"width: 79px;\">Fredag<\/td>\n<td style=\"width: 61px;\">08.11.<\/td>\n<td style=\"width: 23px;\">kl.<\/p>\n<p>kl.<\/td>\n<td style=\"width: 74px;\">17.00<\/p>\n<p>18.00<\/td>\n<td style=\"width: 374.125px;\">Sakramentstilbedelse &#8211; kl. 17.30: vesper p\u00e5 norsk<\/p>\n<p>Requiemmessen for de avd\u00f8de i v\u00e5r menighet<\/td>\n<\/tr>\n<tr>\n<td style=\"width: 79px;\" rowspan=\"2\">L\u00f8rdag<\/p>\n<p>&nbsp;<\/p>\n<p>&nbsp;<\/td>\n<td style=\"width: 61px;\" rowspan=\"2\">09.11.<\/td>\n<td style=\"width: 471.125px;\" colspan=\"3\">Fest: Laterankirkens vigselsfest<\/td>\n<\/tr>\n<tr>\n<td style=\"width: 23px;\">kl.<\/p>\n<p>kl.<\/td>\n<td style=\"width: 74px;\">13.00<\/p>\n<p>18.00<\/td>\n<td style=\"width: 374.125px;\">Katekesemesse<\/p>\n<p>Messe p\u00e5 polsk<\/td>\n<\/tr>\n<tr>\n<td style=\"width: 79px;\">S\u00f8ndag<\/td>\n<td style=\"width: 61px;\">10.11.<\/td>\n<td style=\"width: 471.125px;\" colspan=\"3\"><strong>32. S\u00d8NDAG I DET ALMINNELIGE KIRKE\u00c5R<\/strong><\/td>\n<\/tr>\n<tr>\n<td style=\"width: 79px;\">&nbsp;<\/p>\n<p>&nbsp;<\/p>\n<p>&nbsp;<\/p>\n<p>&nbsp;<\/p>\n<p>Andre steder:<\/td>\n<td style=\"width: 61px;\">&nbsp;<\/td>\n<td style=\"width: 23px;\">kl.<\/p>\n<p>kl.<\/p>\n<p>kl.<\/p>\n<p>&nbsp;<\/p>\n<p>kl.<\/td>\n<td style=\"width: 74px;\">09.00<\/p>\n<p>11.00<\/p>\n<p>13.00<\/p>\n<p>&nbsp;<\/p>\n<p>17.00<\/td>\n<td style=\"width: 374.125px;\">Messe p\u00e5 polsk<\/p>\n<p>H\u00f8ymesse messe p\u00e5 norsk<\/p>\n<p>Messe p\u00e5 vietnamesisk<\/p>\n<p>&nbsp;<\/p>\n<p>Messe p\u00e5 Stella Maris i Mandal<\/td>\n<\/tr>\n<\/tbody>\n<\/table>\n<p><strong>Annet: <\/strong><\/p>\n<p><strong>1) Andre messer i tillegg til ordin\u00e6re messer denne uken:<\/strong><\/p>\n<p>S\u00f8ndag 10. november kl. 17.00 er det messe p\u00e5 Stella Maris i Mandal.<\/p>\n<p>&nbsp;<\/p>\n<p><strong>2) Fester og h\u00f8ytider denne uken:<\/strong><\/p>\n<p><strong>L\u00f8rdag 9. november <\/strong>feirer vi Laterankirkens vigselsfest<strong>. <\/strong><\/p>\n<p>&nbsp;<\/p>\n<p><strong>3) Sakramentstilbedelse fredag 8. november<\/strong>. Alle oppmuntres til \u00e5 delta i vesper og tilbedelse av Det hellige Sakrament i l\u00f8pet av uka.<\/p>\n<p>&nbsp;<\/p>\n<p><strong>4) Katekesekunngj\u00f8ringer:<\/strong><\/p>\n<p><strong>Katekese for 1. \u2013 7. trinn l\u00f8rdag 09.11.<\/strong><\/p>\n<p>Kl. 10.00 \u2013 13.00: Katekese for 1. \u2013 4. trinn<br \/>\nKl. 13.00 \u2013 14.00: Katekesemesse for 1. \u2013 7. trinn<br \/>\nKl. 14.00 \u2013 17.00: Katekese for 5. \u2013 7. trinn<\/p>\n<p>&nbsp;<\/p>\n<p><strong>5) Requiemmessen&nbsp; fredag 08.11.<\/strong><\/p>\n<p>I requiemmessen fredag 08.11. ber vi for alle de avd\u00f8de og s\u00e6rlig for menighetens avd\u00f8de det siste \u00e5ret. I forb\u00f8nnsboken kan alle som vil, skrive navnene p\u00e5 sine kj\u00e6re avd\u00f8de. Messen bes ogs\u00e5 for dem. Etter gammel katolsk tradisjon oppfordres vi til \u00e5 bes\u00f8ke kirkeg\u00e5rden den f\u00f8rste uken<br \/>\ni november og be for de avd\u00f8de der.<\/p>\n<p>&nbsp;<\/p>\n<p><strong>6) Onsdag 6. november <\/strong>etter kveldsmesse er det bibelgruppe.<\/p>\n<p><strong>&nbsp;<\/strong><\/p>\n<p><strong>7) Torsdag 7. november <\/strong>kl. 18.45 er det troskurs.<\/p>\n<p>&nbsp;<\/p>\n<p><strong>8) Fredag 8. november<\/strong> kl.18.00- 21.00 inviterer SAUL til pater prater og spillkveld. i KIGA. P\u00e5meldingsfrist 6. november. Mer informasjon p\u00e5 plakaten &nbsp;i inngangspartiet.<\/p>\n<p>&nbsp;<\/p>\n<p><strong>9)Kunngj\u00f8ring fra Oslo katolske bisped\u00f8mme:<\/strong><\/p>\n<p>Det er en stor glede \u00e5 kunne meddele at mgr. dr. Fredrik Hansen av pave Frans ble utnevnt den 1. november til koadjutorbiskop av Oslo med etterf\u00f8lgelsesrett. Alle er oppfordret til b\u00f8nn b\u00e5de for ham og for v\u00e5r n\u00e5v\u00e6rende biskop Bernt Eidsvig, som skal avslutte sin tjeneste i framtiden.<\/p>\n<p><strong>10)<\/strong> I dag er november-nummeret av St. Ansgar Nytt klart, det er bare \u00e5 forsynes seg &#8211; de ligger<br \/>\ni inngangshallen og i kirka.<\/p>\n<p>&nbsp;<\/p>\n<p style=\"text-align: center;\"><strong>Alle er hjertelig velkommen til kirkekaffe. \u00d8nsker dere riktig god s\u00f8ndag!<\/strong><\/p>\n","protected":false},"excerpt":{"rendered":"<p>KUNNGJ\u00d8RINGER S\u00d8NDAG 3. NOVEMBER 2024 Tirsdag 05.11. kl. kl. 17.30 18.00 Vesper Messe- etterfulgt av sakramentstilbedelse Onsdag 06.11. kl. 18.00 Messe Torsdag 07.11. kl. &nbsp; &nbsp; kl. 11.00 &nbsp; &nbsp; 18.00 Messe \u2013 etterfulgt av felles lunsj i Kiga.&nbsp; Etter&#8230;<br \/><a class=\"read-more-button\" href=\"https:\/\/stansgar.katolsk.no\/?p=21780\">Read more<\/a><\/p>\n","protected":false},"author":1,"featured_media":0,"comment_status":"closed","ping_status":"open","sticky":false,"template":"","format":"standard","meta":{"footnotes":""},"categories":[482],"tags":[],"class_list":["post-21780","post","type-post","status-publish","format-standard","hentry","category-kunngjoringer"],"_links":{"self":[{"href":"https:\/\/stansgar.katolsk.no\/index.php?rest_route=\/wp\/v2\/posts\/21780","targetHints":{"allow":["GET"]}}],"collection":[{"href":"https:\/\/stansgar.katolsk.no\/index.php?rest_route=\/wp\/v2\/posts"}],"about":[{"href":"https:\/\/stansgar.katolsk.no\/index.php?rest_route=\/wp\/v2\/types\/post"}],"author":[{"embeddable":true,"href":"https:\/\/stansgar.katolsk.no\/index.php?rest_route=\/wp\/v2\/users\/1"}],"replies":[{"embeddable":true,"href":"https:\/\/stansgar.katolsk.no\/index.php?rest_route=%2Fwp%2Fv2%2Fcomments&post=21780"}],"version-history":[{"count":3,"href":"https:\/\/stansgar.katolsk.no\/index.php?rest_route=\/wp\/v2\/posts\/21780\/revisions"}],"predecessor-version":[{"id":21788,"href":"https:\/\/stansgar.katolsk.no\/index.php?rest_route=\/wp\/v2\/posts\/21780\/revisions\/21788"}],"wp:attachment":[{"href":"https:\/\/stansgar.katolsk.no\/index.php?rest_route=%2Fwp%2Fv2%2Fmedia&parent=21780"}],"wp:term":[{"taxonomy":"category","embeddable":true,"href":"https:\/\/stansgar.katolsk.no\/index.php?rest_route=%2Fwp%2Fv2%2Fcategories&post=21780"},{"taxonomy":"post_tag","embeddable":true,"href":"https:\/\/stansgar.katolsk.no\/index.php?rest_route=%2Fwp%2Fv2%2Ftags&post=21780"}],"curies":[{"name":"wp","href":"https:\/\/api.w.org\/{rel}","templated":true}]}}