{"id":21749,"date":"2024-10-20T11:05:45","date_gmt":"2024-10-20T09:05:45","guid":{"rendered":"https:\/\/stansgar.katolsk.no\/?p=21749"},"modified":"2024-10-18T14:16:38","modified_gmt":"2024-10-18T12:16:38","slug":"kunngjoringer-sondag-20-oktober-2024","status":"publish","type":"post","link":"https:\/\/stansgar.katolsk.no\/?p=21749","title":{"rendered":"KUNNGJ\u00d8RINGER S\u00d8NDAG 20. OKTOBER 2024"},"content":{"rendered":"<p style=\"text-align: center;\"><strong>KUNNGJ\u00d8RINGER S\u00d8NDAG 20. OKTOBER 2024<\/strong><\/p>\n<table style=\"width: 631.047px;\">\n<tbody>\n<tr>\n<td style=\"width: 57px;\">Tirsdag<\/td>\n<td style=\"width: 49px;\">22.10.<\/td>\n<td style=\"width: 24px;\">kl.<\/p>\n<p>kl.<\/td>\n<td style=\"width: 47px;\">17.30<\/p>\n<p>18.00<\/td>\n<td style=\"width: 362.047px;\">Rosenkransb\u00f8nn p\u00e5 spansk<\/p>\n<p>Messe &#8211; etterfulgt av sakramentstilbedelse<\/td>\n<\/tr>\n<tr>\n<td style=\"width: 57px;\">Onsdag<\/td>\n<td style=\"width: 49px;\">23.10.<\/td>\n<td style=\"width: 24px;\">kl.<\/p>\n<p>kl.<\/td>\n<td style=\"width: 47px;\">17.30<\/p>\n<p>18.00<\/td>\n<td style=\"width: 362.047px;\">Rosenkransb\u00f8nn p\u00e5 vietnamesisk<\/p>\n<p>Messe<\/td>\n<\/tr>\n<tr>\n<td style=\"width: 57px;\">Torsdag<\/td>\n<td style=\"width: 49px;\">24.10.<\/td>\n<td style=\"width: 24px;\">kl.<\/p>\n<p>kl.<\/p>\n<p>kl.<\/td>\n<td style=\"width: 47px;\">11.00<\/p>\n<p>17.30<\/p>\n<p>18.00<\/td>\n<td style=\"width: 362.047px;\">Messe \u2013 etterfulgt av felles lunsj i Kiga.&nbsp;<\/p>\n<p>Rosenkransb\u00f8nn p\u00e5 engelsk<\/p>\n<p>Messe<\/td>\n<\/tr>\n<tr>\n<td style=\"width: 57px;\">Fredag<\/td>\n<td style=\"width: 49px;\">25.10.<\/td>\n<td style=\"width: 24px;\">kl.<\/p>\n<p>kl.<\/td>\n<td style=\"width: 47px;\">17.00<\/p>\n<p>18.00<\/td>\n<td style=\"width: 362.047px;\">Sakramentstilbedelse &#8211; kl. 17.30: vesper p\u00e5 norsk<\/p>\n<p>Messe<\/td>\n<\/tr>\n<tr>\n<td style=\"width: 57px;\">L\u00f8rdag<\/p>\n<p>&nbsp;<\/p>\n<p>&nbsp;<\/p>\n<p>&nbsp;<\/p>\n<p>&nbsp;<\/p>\n<p>&nbsp;<\/p>\n<p>Andre steder:<\/td>\n<td style=\"width: 49px;\">26.10.<\/td>\n<td style=\"width: 24px;\">kl.<\/p>\n<p>kl.<\/p>\n<p>kl.<\/p>\n<p>kl.<\/p>\n<p>kl.<\/p>\n<p>&nbsp;<\/p>\n<p>kl.<\/p>\n<p>kl.<\/td>\n<td style=\"width: 47px;\">11.00<\/p>\n<p>13.00<\/p>\n<p>14.00<\/p>\n<p>16.00<\/p>\n<p>18.00<\/p>\n<p>&nbsp;<\/p>\n<p>14.00<\/p>\n<p>17.00<\/td>\n<td style=\"width: 362.047px;\">Messe p\u00e5 kroatisk- etterfulgt av kirkekaffe i KIGA<\/p>\n<p>Messe p\u00e5 norsk<\/p>\n<p>Messe p\u00e5 tagalog<\/p>\n<p>Messe p\u00e5 fransk<\/p>\n<p>Messe p\u00e5 polsk. &nbsp;Etterfulgt av rosenkransandakt p\u00e5 polsk<\/p>\n<p>&nbsp;<\/p>\n<p>Messe i Lyngdal<\/p>\n<p>Messe i Flekkefjord<\/td>\n<\/tr>\n<tr>\n<td style=\"width: 57px;\">S\u00f8ndag<\/td>\n<td style=\"width: 49px;\">27.10.<\/td>\n<td style=\"width: 433.047px;\" colspan=\"3\"><strong>30. S\u00d8NDAG I DET ALMINNELIGE KIRKE\u00c5R<\/strong><\/td>\n<\/tr>\n<tr>\n<td style=\"width: 57px;\">&nbsp;<\/p>\n<p>&nbsp;<\/td>\n<td style=\"width: 49px;\">&nbsp;<\/td>\n<td style=\"width: 24px;\">kl.<\/p>\n<p>kl.<\/p>\n<p>kl.<\/p>\n<p>kl.<\/p>\n<p>kl.<\/td>\n<td style=\"width: 47px;\">09.00<\/p>\n<p>10.30<\/p>\n<p>11.00<\/p>\n<p>13.00<\/p>\n<p>15.00<\/td>\n<td style=\"width: 362.047px;\">Messe p\u00e5 polsk<\/p>\n<p>Rosenkransb\u00f8nn p\u00e5 norsk<\/p>\n<p>H\u00f8ymesse messe p\u00e5 norsk<\/p>\n<p>Messe p\u00e5 vietnamesisk<\/p>\n<p>&nbsp;Messe p\u00e5 engelsk<\/td>\n<\/tr>\n<\/tbody>\n<\/table>\n<p><strong>Annet: <\/strong><\/p>\n<p><strong>1) Andre messer i tillegg til ordin\u00e6re messer denne uken:<\/strong><\/p>\n<p><strong><u>I St. Ansgar kirke:<\/u><\/strong><strong><br \/>\nL\u00f8rdag 26. oktober <\/strong>er det messe p\u00e5 kroatisk kl. 11.00, messe p\u00e5 tagalog kl.14.00 og messe p\u00e5 fransk kl. 16.00<\/p>\n<p><strong>S\u00f8ndag 27. oktober<\/strong> er det messe p\u00e5 engelsk kl. 15.00.<\/p>\n<p><strong><u>Andre steder:<\/u><\/strong><\/p>\n<p><strong>L\u00f8rdag 26. oktober <\/strong>er det messe i Lyngdal kl. 14.00 og i Flekkefjord kl. 17.00.<\/p>\n<p><strong>2) Sakramentstilbedelse fredag 25. oktober<\/strong>. Alle oppmuntres til \u00e5 delta i vesper og tilbedelse av Det hellige Sakrament i l\u00f8pet av uka.<\/p>\n<p><strong>3)<\/strong> <strong>Fredag 25. oktober<\/strong> er det Juniorklubbm\u00f8te kl. 18.30-20.45 i Kiga.<\/p>\n<p>Vi skal ha bingokveld .&nbsp;P\u00e5meldingsfrist: onsdag 23.10. til&nbsp;Dung 418 44&nbsp;223<\/p>\n<p><strong>4)<\/strong> <strong>Saul<\/strong> inviterer alle ungdommer fra 13 til 18 \u00e5r til trampolineparken Skyland p\u00e5 <strong>fredag<br \/>\n25. oktober fra kl. 17.30 til 20.00<\/strong>. Oppm\u00f8te er ved Skyland p\u00e5 V\u00e5gsbygd. P\u00e5melding m\u00e5 skje innen onsdag 23. oktober til Helen Maty p\u00e5 48270833. Vennligst merk at det er viktig \u00e5 overholde p\u00e5meldingsfristen dersom du \u00f8nsker \u00e5 delta. Mer informasjon st\u00e5r p\u00e5 oppslagstavla.<\/p>\n<p><strong>5)<\/strong> <strong>Torsdag 24. oktober<\/strong> kl. 18.45 er det troskurs.<\/p>\n<p><strong>6)<\/strong> <strong>I dag 20. oktober er det verdens misjonss\u00f8ndag. <\/strong>Dagens kollekt g\u00e5r til Missios virksomheter for verdensmisjonen.<\/p>\n<p><strong>7) Kunngj\u00f8ring fra p. Tien:<\/strong><\/p>\n<p>Tam&nbsp;Van Nguyen&nbsp;vil avslutte sin stilling som vaktmester i november. Tam har v\u00e6rt en uvurderlig ressurs for menigheten siden 2011, og vi \u00f8nsker \u00e5 takke ham hjertelig for alt han har bidratt med. Arkadiusz (Arek) Wesolowski, som opprinnelig er fra Polen, har blitt ansatt som ny vaktmester i en 20%-stilling. Han har bidratt i menighetens frivillige arbeid i mange \u00e5r. Vi \u00f8nsker ham hjertelig velkommen. Tam og Arek vil samarbeide i den kommende m\u00e5neden for \u00e5 sikre en smidig overgang.<\/p>\n<p><strong>8) Kunngj\u00f8ring om requiemessen:<\/strong><\/p>\n<p>P\u00e5 grunn av katekesemessen l\u00f8rdag 2. november er den planlagte requiemessen flyttet til fredag<br \/>\n8. november kl. 18.00. Men l\u00f8rdag 2. november kl. 10.30 er alle hjertelig velkommen til \u00e5 delta i b\u00f8nn sammen med ungdommer, kateketer og prester&nbsp;fra katekesen p\u00e5 Kristiansand kirkeg\u00e5rd ved kapellet, Setesdalsveien 9.<\/p>\n<p>I requiemmessen, fredag 08.11, ber vi for alle de avd\u00f8de, og s\u00e6rlig for menighetens avd\u00f8de det siste \u00e5ret. I forb\u00f8nnsboken kan alle som vil skrive navnene p\u00e5 sine kj\u00e6re avd\u00f8de. Messen bes for dem ogs\u00e5. Etter gammel katolsk tradisjon oppfordres vi til \u00e5 bes\u00f8ke kirkeg\u00e5rden den f\u00f8rste uken i november, og be for de avd\u00f8de der.<\/p>\n<p><strong>&nbsp;<\/strong><\/p>\n<p style=\"text-align: center;\"><strong>Alle er hjertelig velkommen til kirkekaffe. \u00d8nsker dere riktig god s\u00f8ndag!<\/strong><\/p>\n","protected":false},"excerpt":{"rendered":"<p>KUNNGJ\u00d8RINGER S\u00d8NDAG 20. OKTOBER 2024 Tirsdag 22.10. kl. kl. 17.30 18.00 Rosenkransb\u00f8nn p\u00e5 spansk Messe &#8211; etterfulgt av sakramentstilbedelse Onsdag 23.10. kl. kl. 17.30 18.00 Rosenkransb\u00f8nn p\u00e5 vietnamesisk Messe Torsdag 24.10. kl. kl. kl. 11.00 17.30 18.00 Messe \u2013 etterfulgt&#8230;<br \/><a class=\"read-more-button\" href=\"https:\/\/stansgar.katolsk.no\/?p=21749\">Read more<\/a><\/p>\n","protected":false},"author":1,"featured_media":0,"comment_status":"closed","ping_status":"open","sticky":false,"template":"","format":"standard","meta":{"footnotes":""},"categories":[482],"tags":[],"class_list":["post-21749","post","type-post","status-publish","format-standard","hentry","category-kunngjoringer"],"_links":{"self":[{"href":"https:\/\/stansgar.katolsk.no\/index.php?rest_route=\/wp\/v2\/posts\/21749","targetHints":{"allow":["GET"]}}],"collection":[{"href":"https:\/\/stansgar.katolsk.no\/index.php?rest_route=\/wp\/v2\/posts"}],"about":[{"href":"https:\/\/stansgar.katolsk.no\/index.php?rest_route=\/wp\/v2\/types\/post"}],"author":[{"embeddable":true,"href":"https:\/\/stansgar.katolsk.no\/index.php?rest_route=\/wp\/v2\/users\/1"}],"replies":[{"embeddable":true,"href":"https:\/\/stansgar.katolsk.no\/index.php?rest_route=%2Fwp%2Fv2%2Fcomments&post=21749"}],"version-history":[{"count":3,"href":"https:\/\/stansgar.katolsk.no\/index.php?rest_route=\/wp\/v2\/posts\/21749\/revisions"}],"predecessor-version":[{"id":21752,"href":"https:\/\/stansgar.katolsk.no\/index.php?rest_route=\/wp\/v2\/posts\/21749\/revisions\/21752"}],"wp:attachment":[{"href":"https:\/\/stansgar.katolsk.no\/index.php?rest_route=%2Fwp%2Fv2%2Fmedia&parent=21749"}],"wp:term":[{"taxonomy":"category","embeddable":true,"href":"https:\/\/stansgar.katolsk.no\/index.php?rest_route=%2Fwp%2Fv2%2Fcategories&post=21749"},{"taxonomy":"post_tag","embeddable":true,"href":"https:\/\/stansgar.katolsk.no\/index.php?rest_route=%2Fwp%2Fv2%2Ftags&post=21749"}],"curies":[{"name":"wp","href":"https:\/\/api.w.org\/{rel}","templated":true}]}}