{"id":21711,"date":"2024-09-22T11:01:51","date_gmt":"2024-09-22T09:01:51","guid":{"rendered":"https:\/\/stansgar.katolsk.no\/?p=21711"},"modified":"2024-09-25T10:34:36","modified_gmt":"2024-09-25T08:34:36","slug":"kunngjoringer-sondag-22-september-2024","status":"publish","type":"post","link":"https:\/\/stansgar.katolsk.no\/?p=21711","title":{"rendered":"KUNNGJ\u00d8RINGER S\u00d8NDAG 22. SEPTEMBER 2024"},"content":{"rendered":"<p style=\"text-align: center;\"><strong>KUNNGJ\u00d8RINGER S\u00d8NDAG 22. SEPTEMBER 2024 <\/strong><\/p>\n<table style=\"width: 611.719px;\">\n<tbody>\n<tr>\n<td style=\"width: 518.719px;\" colspan=\"5\">23.9 &#8211; 26.9: Prester i Oslo katolske bisped\u00f8mme har m\u00f8te p\u00e5 Mariaholm.<\/p>\n<p>&nbsp;&nbsp;&nbsp;&nbsp;&nbsp;&nbsp;&nbsp;&nbsp;&nbsp;&nbsp;&nbsp;&nbsp;&nbsp;&nbsp;&nbsp;&nbsp;&nbsp;&nbsp;&nbsp; Vi ber for biskopen og prestene. Det er ikke messer p\u00e5 tirsdag, onsdag og torsdag.<\/td>\n<\/tr>\n<tr>\n<td style=\"width: 57px;\" rowspan=\"2\">Fredag<\/td>\n<td style=\"width: 60px;\" rowspan=\"2\">27.09.<\/td>\n<td style=\"width: 401.719px;\" colspan=\"3\">Minnedag: Den hellige Vincent av Paul<\/td>\n<\/tr>\n<tr>\n<td style=\"width: 31px;\">kl.<\/p>\n<p>kl.<\/td>\n<td style=\"width: 61px;\">17.00<\/p>\n<p>18.00<\/td>\n<td style=\"width: 309.719px;\">Sakramentstilbedelse &#8211; kl. 17.30: vesper p\u00e5 norsk<\/p>\n<p>Messe<\/td>\n<\/tr>\n<tr>\n<td style=\"width: 57px;\">L\u00f8rdag<\/p>\n<p>&nbsp;<\/p>\n<p>&nbsp;<\/p>\n<p>&nbsp;<\/p>\n<p>&nbsp;<\/p>\n<p>Andre steder:<\/td>\n<td style=\"width: 60px;\">28.09.<\/td>\n<td style=\"width: 31px;\">kl.<\/p>\n<p>kl.<\/p>\n<p>kl.<\/p>\n<p>kl.<\/p>\n<p>kl.<\/p>\n<p>&nbsp;<\/p>\n<p>kl.<\/p>\n<p>kl.<\/td>\n<td style=\"width: 61px;\">12.30<\/p>\n<p>13.00<\/p>\n<p>14.00<\/p>\n<p>16.00<\/p>\n<p>18.00<\/p>\n<p>&nbsp;<\/p>\n<p>14.00<\/p>\n<p>17.00<\/td>\n<td style=\"width: 309.719px;\">Rosenkransandakt<\/p>\n<p>Messe<\/p>\n<p>Messe p\u00e5 tagalog<\/p>\n<p>Messe p\u00e5 fransk<\/p>\n<p>Messe p\u00e5 polsk<\/p>\n<p>&nbsp;<\/p>\n<p>Messe i Lyngdal<\/p>\n<p>Messe i Flekkefjord<\/td>\n<\/tr>\n<tr>\n<td style=\"width: 57px;\">S\u00f8ndag<\/td>\n<td style=\"width: 60px;\">29.09.<\/td>\n<td style=\"width: 401.719px;\" colspan=\"3\"><strong>26. S\u00d8NDAG I DET ALMINNELIGE KIRKE\u00c5R<\/strong><\/td>\n<\/tr>\n<tr>\n<td style=\"width: 57px;\">&nbsp;<\/td>\n<td style=\"width: 60px;\">&nbsp;<\/td>\n<td style=\"width: 31px;\">kl.<\/p>\n<p>kl.<\/p>\n<p>kl.<\/td>\n<td style=\"width: 61px;\">09.00<\/p>\n<p>11.00<\/p>\n<p>13.00<\/td>\n<td style=\"width: 309.719px;\">Messe p\u00e5 polsk<\/p>\n<p>H\u00f8ymesse Messe p\u00e5 norsk<\/p>\n<p>Messe p\u00e5 vietnamesisk<\/td>\n<\/tr>\n<\/tbody>\n<\/table>\n<p><strong>Annet: <\/strong><\/p>\n<p><strong>1) Andre messer i tillegg til ordin\u00e6re messer denne uken:<\/strong><\/p>\n<p><strong>I St. Ansgar menighet:<\/strong><\/p>\n<ul>\n<li>L\u00f8rdag 28.09. er det messe p\u00e5 tagalog kl. 14.00 og p\u00e5 fransk kl. 16.00.<\/li>\n<\/ul>\n<p><strong>Andre steder:<\/strong><\/p>\n<ul>\n<li>L\u00f8rdag 28.09. er det messe i Lyngdal kl. 14.00 og i Flekkefjord kl. 17.00.<\/li>\n<\/ul>\n<p><strong>&nbsp;<\/strong><\/p>\n<p><strong>2) Sakramentstilbedelse fredag 27. september<\/strong> er lagt til rette av den vietnamesiske gruppen. Alle oppmuntres til \u00e5 delta i vesper og tilbedelse av Det hellige Sakrament i l\u00f8pet av uka.<\/p>\n<p><strong>&nbsp;<\/strong><\/p>\n<p><strong>3) Onsdag 25.9 kl 18:45<\/strong><\/p>\n<p>Caritas St. Ansgar inviterer til \u00e5pent orienteringsm\u00f8te i Kiga kl. 18.45.<\/p>\n<p>Alle som er interessert i \u00e5 bli bedre kjent med Caritas er hjertelig velkommen.<\/p>\n<p>Det vil bli gitt orientering om organisasjonens virke og aktivitet i verden og \u2013 ikke minst \u2013 i menigheten. Medlemmer av menigheten som har lyst \u00e5 bidra som frivillig er spesielt velkommen. Enkel servering med kaffe og vafler.<\/p>\n<p>&nbsp;<\/p>\n<p><strong>4)<\/strong> <strong>Torsdag 26. September<\/strong> kl. 18.45 er det troskurs.&nbsp;<\/p>\n<p>&nbsp;<\/p>\n<p><strong>5) Fredag 27. september<\/strong> inviterer Juniorklubben til aktivitets- og spillekveld kl. 18.30- 20.45. P\u00e5meldingsfrist 25.09. til Dung (tlf. 418 44&nbsp;223).&nbsp;&nbsp;&nbsp;<\/p>\n<p>&nbsp;<\/p>\n<p><strong>6) Ministrantkveld fredag 27. september:<\/strong><\/p>\n<p>Alle ministranter fra og med 3. trinn til og med videreg\u00e5ende og voksne er invitert til ministrantkveld fredag 27. september kl. 18.00 &#8211; kl. 20.30.<\/p>\n<p>Vi ministrerer i messen kl. 18.00, og etter messen har vi m\u00f8te i kirken: vi l\u00e6rer noen praktiske ting<br \/>\ni forbindelse med ministrering.<\/p>\n<p>&nbsp;<\/p>\n<p><strong>7) Stilling ledig som vaktmester!<br \/>\n<\/strong>Er du praktisk anlagt, l\u00f8sningsorientert og opptatt av \u00e5 skape et trygt og velholdt milj\u00f8? Vi s\u00f8ker n\u00e5 en vaktmester som kan bidra med daglig drift, vedlikehold og reparasjoner av v\u00e5re bygg og uteomr\u00e5der. I St. Ansgar menighet i Kristiansand er vi n\u00e5 p\u00e5 jakt etter en vaktmester i 20% stilling til \u00e5 ta del i den daglige driften.<\/p>\n<p>S\u00f8knad sendes til: kristiansand@katolsk.no innen 26. september 2024.<\/p>\n<p>Hele annonsen finnes p\u00e5 nettsiden v\u00e5r og i inngangspartiet.<\/p>\n<p>&nbsp;<\/p>\n<p><strong>8) <\/strong>Menigheten trenger flere som kan v\u00e6re med \u00e5 lage kirkekaffe p\u00e5 s\u00f8ndager. Ta kontakt med Jocelyn Augland telefon 957 23 212.<\/p>\n<p>&nbsp;<\/p>\n<p style=\"text-align: center;\"><strong>Alle er hjertelig velkommen til kirkekaffe. \u00d8nsker dere riktig god s\u00f8ndag!<\/strong><\/p>\n","protected":false},"excerpt":{"rendered":"<p>KUNNGJ\u00d8RINGER S\u00d8NDAG 22. SEPTEMBER 2024 23.9 &#8211; 26.9: Prester i Oslo katolske bisped\u00f8mme har m\u00f8te p\u00e5 Mariaholm. &nbsp;&nbsp;&nbsp;&nbsp;&nbsp;&nbsp;&nbsp;&nbsp;&nbsp;&nbsp;&nbsp;&nbsp;&nbsp;&nbsp;&nbsp;&nbsp;&nbsp;&nbsp;&nbsp; Vi ber for biskopen og prestene. Det er ikke messer p\u00e5 tirsdag, onsdag og torsdag. Fredag 27.09. Minnedag: Den hellige Vincent av&#8230;<br \/><a class=\"read-more-button\" href=\"https:\/\/stansgar.katolsk.no\/?p=21711\">Read more<\/a><\/p>\n","protected":false},"author":1,"featured_media":0,"comment_status":"closed","ping_status":"open","sticky":false,"template":"","format":"standard","meta":{"footnotes":""},"categories":[482],"tags":[],"class_list":["post-21711","post","type-post","status-publish","format-standard","hentry","category-kunngjoringer"],"_links":{"self":[{"href":"https:\/\/stansgar.katolsk.no\/index.php?rest_route=\/wp\/v2\/posts\/21711","targetHints":{"allow":["GET"]}}],"collection":[{"href":"https:\/\/stansgar.katolsk.no\/index.php?rest_route=\/wp\/v2\/posts"}],"about":[{"href":"https:\/\/stansgar.katolsk.no\/index.php?rest_route=\/wp\/v2\/types\/post"}],"author":[{"embeddable":true,"href":"https:\/\/stansgar.katolsk.no\/index.php?rest_route=\/wp\/v2\/users\/1"}],"replies":[{"embeddable":true,"href":"https:\/\/stansgar.katolsk.no\/index.php?rest_route=%2Fwp%2Fv2%2Fcomments&post=21711"}],"version-history":[{"count":2,"href":"https:\/\/stansgar.katolsk.no\/index.php?rest_route=\/wp\/v2\/posts\/21711\/revisions"}],"predecessor-version":[{"id":21714,"href":"https:\/\/stansgar.katolsk.no\/index.php?rest_route=\/wp\/v2\/posts\/21711\/revisions\/21714"}],"wp:attachment":[{"href":"https:\/\/stansgar.katolsk.no\/index.php?rest_route=%2Fwp%2Fv2%2Fmedia&parent=21711"}],"wp:term":[{"taxonomy":"category","embeddable":true,"href":"https:\/\/stansgar.katolsk.no\/index.php?rest_route=%2Fwp%2Fv2%2Fcategories&post=21711"},{"taxonomy":"post_tag","embeddable":true,"href":"https:\/\/stansgar.katolsk.no\/index.php?rest_route=%2Fwp%2Fv2%2Ftags&post=21711"}],"curies":[{"name":"wp","href":"https:\/\/api.w.org\/{rel}","templated":true}]}}