{"id":21675,"date":"2024-09-08T10:00:07","date_gmt":"2024-09-08T08:00:07","guid":{"rendered":"https:\/\/stansgar.katolsk.no\/?p=21675"},"modified":"2024-09-06T12:54:04","modified_gmt":"2024-09-06T10:54:04","slug":"kunngjoringer-sondag-8-september-2024","status":"publish","type":"post","link":"https:\/\/stansgar.katolsk.no\/?p=21675","title":{"rendered":"KUNNGJ\u00d8RINGER S\u00d8NDAG 8. SEPTEMBER 2024"},"content":{"rendered":"<p style=\"text-align: center;\"><strong>KUNNGJ\u00d8RINGER S\u00d8NDAG 8. SEPTEMBER 2024 <\/strong><\/p>\n<table style=\"width: 605.453px;\">\n<tbody>\n<tr>\n<td style=\"width: 71px;\">Tirsdag<\/td>\n<td style=\"width: 75px;\">10.09.<\/td>\n<td style=\"width: 26px;\">kl.<\/p>\n<p>kl.<\/td>\n<td style=\"width: 40px;\">17.30<\/p>\n<p>18.00<\/td>\n<td style=\"width: 299.453px;\">Vesper<\/p>\n<p>Messe &#8211; etterfulgt av sakramentstilbedelse<\/td>\n<\/tr>\n<tr>\n<td style=\"width: 71px;\">Onsdag<\/td>\n<td style=\"width: 75px;\">11.09.<\/td>\n<td style=\"width: 26px;\">kl.<\/td>\n<td style=\"width: 40px;\">18.00<\/td>\n<td style=\"width: 299.453px;\">Messe<\/td>\n<\/tr>\n<tr>\n<td style=\"width: 71px;\">Torsdag<\/td>\n<td style=\"width: 75px;\">12.09.<\/td>\n<td style=\"width: 26px;\">kl.<\/p>\n<p>kl.<\/td>\n<td style=\"width: 40px;\">11.00<\/p>\n<p>18.00<\/td>\n<td style=\"width: 299.453px;\">Messe \u2013 etterfulgt av felleslunsj i KIGA<\/p>\n<p>Messe<\/td>\n<\/tr>\n<tr>\n<td style=\"width: 71px;\">Fredag<\/td>\n<td style=\"width: 75px;\">13.09.<\/td>\n<td style=\"width: 26px;\">kl.<\/p>\n<p>kl.<\/td>\n<td style=\"width: 40px;\">17.00<\/p>\n<p>18.00<\/td>\n<td style=\"width: 299.453px;\">Sakramentstilbedelse &#8211; kl. 17.30: vesper p\u00e5 norsk<\/p>\n<p>Messe<\/td>\n<\/tr>\n<tr>\n<td style=\"width: 71px;\" rowspan=\"2\">L\u00f8rdag<\/p>\n<p>&nbsp;<\/p>\n<p>&nbsp;<\/p>\n<p>Andre steder:<\/td>\n<td style=\"width: 75px;\" rowspan=\"2\">14.09.<\/td>\n<td style=\"width: 365.453px;\" colspan=\"3\">Fest: Korsets opph\u00f8yelse<\/td>\n<\/tr>\n<tr>\n<td style=\"width: 26px;\">kl.<\/p>\n<p>kl.<\/p>\n<p>&nbsp;<\/p>\n<p>kl.<\/td>\n<td style=\"width: 40px;\">13.00<\/p>\n<p>18.00<\/p>\n<p>&nbsp;<\/p>\n<p>12.00<\/td>\n<td style=\"width: 299.453px;\">Katekesemesse<\/p>\n<p>Messe p\u00e5 polsk<\/p>\n<p>&nbsp;<\/p>\n<p>Messe p\u00e5 Stella Maris<\/td>\n<\/tr>\n<tr>\n<td style=\"width: 71px;\">S\u00f8ndag<\/td>\n<td style=\"width: 75px;\">15.09.<\/td>\n<td style=\"width: 365.453px;\" colspan=\"3\"><strong>24. S\u00d8NDAG I DET ALMINNELIGE KIRKE\u00c5R<\/strong><\/td>\n<\/tr>\n<tr>\n<td style=\"width: 71px;\">&nbsp;<\/p>\n<p>&nbsp;<\/p>\n<p>&nbsp;<\/p>\n<p>&nbsp;<\/p>\n<p>Andre steder:<\/td>\n<td style=\"width: 75px;\">&nbsp;<\/td>\n<td style=\"width: 26px;\">kl.<\/p>\n<p>kl.<\/p>\n<p>kl.<\/p>\n<p>&nbsp;<\/p>\n<p>kl.<\/td>\n<td style=\"width: 40px;\">09.00<\/p>\n<p>11.00<\/p>\n<p>13.00<\/p>\n<p>&nbsp;<\/p>\n<p>10.00<\/td>\n<td style=\"width: 299.453px;\">Messe p\u00e5 polsk<\/p>\n<p>H\u00f8ymesse Messe p\u00e5 norsk<\/p>\n<p>Messe p\u00e5 vietnamesisk<\/p>\n<p>&nbsp;<\/p>\n<p>Messe p\u00e5 Stella Maris<\/td>\n<\/tr>\n<\/tbody>\n<\/table>\n<p><strong>Annet: <\/strong><\/p>\n<p><strong>1) Andre messer i tillegg til ordin\u00e6re messer denne uken:<\/strong><\/p>\n<p><strong>Andre steder:<\/strong><\/p>\n<p><strong>&#8211; <\/strong>L\u00f8rdag 14. september kl. 12.00 er det messe p\u00e5 Stella Maris i Mandal.<br \/>\n&#8211; S\u00f8ndag 15. september kl. 10.00 er det messe p\u00e5 Stella Maris i Mandal.<\/p>\n<p><strong>2) Fester og h\u00f8ytider denne uken:<\/strong><\/p>\n<p>L\u00f8rdag 14. september er det festen for Korsets opph\u00f8yelse.<\/p>\n<p>&nbsp;<\/p>\n<p><strong>3) Sakramentstilbedelse fredag 13. september<\/strong> er lagt til rette av den polske gruppen. Alle oppmuntres til \u00e5 delta i vesper og tilbedelse av Det hellige Sakrament i l\u00f8pet av uka.<\/p>\n<p>&nbsp;<\/p>\n<p><strong>4) Torsdag 12<\/strong>. september kl. 18.45 er det troskurs.<\/p>\n<p><strong>5) Katekeseoppstart for 1. \u2013 7. trinn l\u00f8rdag 14.09.<\/strong><\/p>\n<p>Kl. 10.00 \u2013 10.30: Velkomstm\u00f8te i kirka med foreldre og barn p\u00e5 1.- 4. trinn<\/p>\n<p>Kl. 10.30 \u2013 13.00: Katekese for 1.-4. trinn<\/p>\n<p>Kl. 13.00 \u2013 14.00: Katekesemesse for 1.-7. trinn<\/p>\n<p>Kl. 14.00 \u2013 14.30: Velkomstm\u00f8te i kirka med foreldre og barn p\u00e5 5.-7. trinn<\/p>\n<p>Kl. 14.30 \u2013 17.00: Katekese for 5.-7. trinn<\/p>\n<p>S\u00f8ndag 15.09. har F\u00f8rste Hellige Kommunionsbarn katekese fra kl. 10.15-10.45<\/p>\n<p><strong>Siste frist for \u00e5 melde barn inn i f\u00f8rstekommunionskatekesen p\u00e5 3. trinn er<br \/>\n14. september. <\/strong><\/p>\n<p>Etter 14. september tar vi ikke imot nye barn i f\u00f8rstekommunionskatekesen. Det betyr at barnet m\u00e5 vente til september 2025 for \u00e5 begynne i f\u00f8rstekommunionskatekesen.<\/p>\n<p><strong>Innmelding av barn i katekesen p\u00e5 1.-2. trinn og 4.-7. trinn<\/strong><\/p>\n<p>Vi oppfordrer foreldre p\u00e5 det sterkeste \u00e5 melde inn barna i katekesen f\u00f8r 9. september, for da har kateketene tid til \u00e5 gj\u00f8re forberedelser for \u00e5 ta imot riktig antall barn i hver klasse. Og damene som forbereder lunsjene m\u00e5 ogs\u00e5 vite hvor mye mat de skal kj\u00f8pe inn for \u00e5 stelle i stand lunsj til barna.<\/p>\n<p>&nbsp;<\/p>\n<p><strong>6) SAUL<\/strong> inviterer til sportsmesterkamp og grilling l\u00f8rdag 21. september kl. 13.00 \u2013 16.00 p\u00e5 UiA. P\u00e5meldingsfrist 11. september. For mer informasjon sjekk tavla i inngangspartiet eller nettsiden v\u00e5r.<\/p>\n<p><strong>&nbsp;<\/strong><\/p>\n<p style=\"text-align: center;\"><strong>Alle er hjertelig velkommen til kirkekaffe. \u00d8nsker dere riktig god s\u00f8ndag!<\/strong><\/p>\n","protected":false},"excerpt":{"rendered":"<p>KUNNGJ\u00d8RINGER S\u00d8NDAG 8. SEPTEMBER 2024 Tirsdag 10.09. kl. kl. 17.30 18.00 Vesper Messe &#8211; etterfulgt av sakramentstilbedelse Onsdag 11.09. kl. 18.00 Messe Torsdag 12.09. kl. kl. 11.00 18.00 Messe \u2013 etterfulgt av felleslunsj i KIGA Messe Fredag 13.09. kl. kl&#8230;.<br \/><a class=\"read-more-button\" href=\"https:\/\/stansgar.katolsk.no\/?p=21675\">Read more<\/a><\/p>\n","protected":false},"author":1,"featured_media":0,"comment_status":"closed","ping_status":"open","sticky":false,"template":"","format":"standard","meta":{"footnotes":""},"categories":[482],"tags":[],"class_list":["post-21675","post","type-post","status-publish","format-standard","hentry","category-kunngjoringer"],"_links":{"self":[{"href":"https:\/\/stansgar.katolsk.no\/index.php?rest_route=\/wp\/v2\/posts\/21675","targetHints":{"allow":["GET"]}}],"collection":[{"href":"https:\/\/stansgar.katolsk.no\/index.php?rest_route=\/wp\/v2\/posts"}],"about":[{"href":"https:\/\/stansgar.katolsk.no\/index.php?rest_route=\/wp\/v2\/types\/post"}],"author":[{"embeddable":true,"href":"https:\/\/stansgar.katolsk.no\/index.php?rest_route=\/wp\/v2\/users\/1"}],"replies":[{"embeddable":true,"href":"https:\/\/stansgar.katolsk.no\/index.php?rest_route=%2Fwp%2Fv2%2Fcomments&post=21675"}],"version-history":[{"count":1,"href":"https:\/\/stansgar.katolsk.no\/index.php?rest_route=\/wp\/v2\/posts\/21675\/revisions"}],"predecessor-version":[{"id":21676,"href":"https:\/\/stansgar.katolsk.no\/index.php?rest_route=\/wp\/v2\/posts\/21675\/revisions\/21676"}],"wp:attachment":[{"href":"https:\/\/stansgar.katolsk.no\/index.php?rest_route=%2Fwp%2Fv2%2Fmedia&parent=21675"}],"wp:term":[{"taxonomy":"category","embeddable":true,"href":"https:\/\/stansgar.katolsk.no\/index.php?rest_route=%2Fwp%2Fv2%2Fcategories&post=21675"},{"taxonomy":"post_tag","embeddable":true,"href":"https:\/\/stansgar.katolsk.no\/index.php?rest_route=%2Fwp%2Fv2%2Ftags&post=21675"}],"curies":[{"name":"wp","href":"https:\/\/api.w.org\/{rel}","templated":true}]}}