{"id":21646,"date":"2024-09-01T11:00:16","date_gmt":"2024-09-01T09:00:16","guid":{"rendered":"https:\/\/stansgar.katolsk.no\/?p=21646"},"modified":"2024-08-30T13:29:23","modified_gmt":"2024-08-30T11:29:23","slug":"kunngjoringer-sondag-1-september-2024","status":"publish","type":"post","link":"https:\/\/stansgar.katolsk.no\/?p=21646","title":{"rendered":"KUNNGJ\u00d8RINGER S\u00d8NDAG 1. SEPTEMBER 2024"},"content":{"rendered":"<p style=\"text-align: center;\"><strong><br \/>\n&nbsp;&nbsp;&nbsp;&nbsp;&nbsp;&nbsp;&nbsp;&nbsp; &nbsp;&nbsp;&nbsp;&nbsp;KUNNGJ\u00d8RINGER S\u00d8NDAG 1. SEPTEMBER 2024 <\/strong><\/p>\n<table style=\"width: 881.719px;\">\n<tbody>\n<tr>\n<td style=\"width: 76px;\" rowspan=\"2\">Tirsdag<\/td>\n<td style=\"width: 48px;\" rowspan=\"2\">03.09.<\/td>\n<td style=\"width: 661.719px;\" colspan=\"3\">Minnedag: Den hellige Gregor den Store<\/td>\n<\/tr>\n<tr>\n<td style=\"width: 26px;\">kl.<\/p>\n<p>kl.<\/td>\n<td style=\"width: 56px;\">17.30<\/p>\n<p>18.00<\/td>\n<td style=\"width: 579.719px;\">Vesper<\/p>\n<p>Messe &#8211; etterfulgt av sakramentstilbedelse<\/td>\n<\/tr>\n<tr>\n<td style=\"width: 76px;\">Onsdag<\/td>\n<td style=\"width: 48px;\">04.09.<\/td>\n<td style=\"width: 26px;\">kl.<\/td>\n<td style=\"width: 56px;\">18.00<\/td>\n<td style=\"width: 579.719px;\">Messe<\/td>\n<\/tr>\n<tr>\n<td style=\"width: 76px;\">Torsdag<\/td>\n<td style=\"width: 48px;\">05.09.<\/td>\n<td style=\"width: 26px;\">kl.<\/p>\n<p>&nbsp;<\/p>\n<p>kl.<\/td>\n<td style=\"width: 56px;\">11.00<\/p>\n<p>&nbsp;<\/p>\n<p>18.00<\/td>\n<td style=\"width: 579.719px;\">Messe &#8211; Etter messen er det stille tilbedelse fram til kl. 17.45. Vi ber spesielt for kall til ordenslivet og presteskapet.<\/p>\n<p>Messe<\/td>\n<\/tr>\n<tr>\n<td style=\"width: 76px;\">Fredag<\/td>\n<td style=\"width: 48px;\">06.09.<\/td>\n<td style=\"width: 26px;\">kl.<\/p>\n<p>kl.<\/td>\n<td style=\"width: 56px;\">17.00<\/p>\n<p>18.00<\/td>\n<td style=\"width: 579.719px;\">Sakramentstilbedelse \u2013 Skriftem\u00e5l under tilbedelsen<\/p>\n<p>Messe<\/td>\n<\/tr>\n<tr>\n<td style=\"width: 76px;\">L\u00f8rdag<\/td>\n<td style=\"width: 48px;\">07.09.<\/td>\n<td style=\"width: 26px;\">kl.<\/p>\n<p>kl.<\/p>\n<p>kl.<\/td>\n<td style=\"width: 56px;\">13.00<\/p>\n<p>14.30<\/p>\n<p>18.00<\/td>\n<td style=\"width: 579.719px;\">Katekesemesse<\/p>\n<p>Messe for besteforeldre og eldre i menigheten<\/p>\n<p>Messe p\u00e5 polsk<\/td>\n<\/tr>\n<tr>\n<td style=\"width: 76px;\">S\u00f8ndag<\/td>\n<td style=\"width: 48px;\">08.09.<\/td>\n<td style=\"width: 661.719px;\" colspan=\"3\"><strong>23. S\u00d8NDAG I DET ALMINNELIGE KIRKE\u00c5R<\/strong><\/td>\n<\/tr>\n<tr>\n<td style=\"width: 76px;\">&nbsp;<\/td>\n<td style=\"width: 48px;\">&nbsp;<\/td>\n<td style=\"width: 26px;\">kl.<\/p>\n<p>kl.<\/p>\n<p>kl.<\/td>\n<td style=\"width: 56px;\">09.00<\/p>\n<p>11.00<\/p>\n<p>13.00<\/td>\n<td style=\"width: 579.719px;\">Messe p\u00e5 polsk<\/p>\n<p>H\u00f8ymesse Messe p\u00e5 norsk<\/p>\n<p>Messe p\u00e5 vietnamesisk<\/td>\n<\/tr>\n<\/tbody>\n<\/table>\n<p><strong>Annet: <\/strong><\/p>\n<p><strong>1) Andre messer i tillegg til ordin\u00e6re messer denne uken:<\/strong><\/p>\n<p><strong>I St. Ansgar kirke:<\/strong><br \/>\n&#8211; L\u00f8rdag 7. september kl. 14.30 er det messe for besteforeldre og eldre i menigheten<\/p>\n<p><strong>&nbsp;<\/strong><\/p>\n<p><strong>2) Sakramentstilbedelse fredag 6. september<\/strong>. Alle oppmuntres til \u00e5 delta i vesper og tilbedelse av Det hellige Sakrament i l\u00f8pet av uka.<\/p>\n<p><strong>&nbsp;<\/strong><\/p>\n<p><strong>3) Onsdag 4. september <\/strong>etter kvelds messe er det bibelgruppe.<\/p>\n<p><strong>&nbsp;<\/strong><\/p>\n<p><strong>4) Menighetsdagen for besteforeldre og eldre i St. Ansgar menighet<\/strong><\/p>\n<p>Menigheten inviterer alle besteforeldre og eldre fra sytti \u00e5r og oppover \u00abMenighetsdagen for besteforeldre og eldre\u00bb. I dag s\u00f8ndag 1. september er p\u00e5meldingsfrist. P\u00e5melding hos menighetens sekret\u00e6r Elzbieta Klamrowska: telefon 975 94 787 eller 380 24 225.<\/p>\n<p><strong>5) Katekeseoppstart<\/strong><\/p>\n<p>Katekeseoppstart for 8. og 9. trinn l\u00f8rdag 7. september:<\/p>\n<p>Kl. 10.00 \u2013 10.30: Velkomstm\u00f8te for ungdommer og foreldre<\/p>\n<p>Kl. 10.30 \u2013 13.00: Katekese<\/p>\n<p>Kl. 13.00 \u2013 14.00: Katekesemesse<\/p>\n<p><strong>Siste frist for innmelding til forberedelse til konfirmasjonens sakrament p\u00e5 8. og 9. trinn:<\/strong><\/p>\n<p>Siste frist for \u00e5 melde seg p\u00e5 kurset til f\u00f8rste\u00e5rs- og andre\u00e5rskonfirmanter (8. og 9. trinn) er<br \/>\n7. september<strong>. <\/strong><\/p>\n<p>Etter 7. september tar vi ikke imot nye konfirmantkandidater. Det betyr at kandidaten m\u00e5 vente til september 2025 for \u00e5 begynne p\u00e5 konfirmantkurset for f\u00f8rste\u00e5rskonfirmanter.<\/p>\n<p>I Den katolske kirke varer konfirmasjonsforberedelsen i to \u00e5r, fra 8. trinn. Ungdommer som g\u00e5r p\u00e5 9. og 10. trinn p\u00e5 grunnskolen eller videreg\u00e5ende, som vil motta konfirmasjonens sakrament, m\u00e5 ogs\u00e5 begynne p\u00e5 konfirmantkurs for f\u00f8rste\u00e5rskonfirmanter.<\/p>\n<p><strong>6)<\/strong> I dag er september-nummeret av St. Ansgar Nytt klart, det er bare \u00e5 forsynes seg &#8211; de ligger i inngangshallen og i kirka.<\/p>\n<p>&nbsp;<\/p>\n<p style=\"text-align: center;\"><strong>Alle er hjertelig velkommen til kirkekaffe. \u00d8nsker dere riktig god s\u00f8ndag!<\/strong><\/p>\n","protected":false},"excerpt":{"rendered":"<p>&nbsp;&nbsp;&nbsp;&nbsp;&nbsp;&nbsp;&nbsp;&nbsp; &nbsp;&nbsp;&nbsp;&nbsp;KUNNGJ\u00d8RINGER S\u00d8NDAG 1. SEPTEMBER 2024 Tirsdag 03.09. Minnedag: Den hellige Gregor den Store kl. kl. 17.30 18.00 Vesper Messe &#8211; etterfulgt av sakramentstilbedelse Onsdag 04.09. kl. 18.00 Messe Torsdag 05.09. kl. &nbsp; kl. 11.00 &nbsp; 18.00 Messe &#8211; Etter&#8230;<br \/><a class=\"read-more-button\" href=\"https:\/\/stansgar.katolsk.no\/?p=21646\">Read more<\/a><\/p>\n","protected":false},"author":1,"featured_media":0,"comment_status":"open","ping_status":"open","sticky":false,"template":"","format":"standard","meta":{"footnotes":""},"categories":[482],"tags":[],"class_list":["post-21646","post","type-post","status-publish","format-standard","hentry","category-kunngjoringer"],"_links":{"self":[{"href":"https:\/\/stansgar.katolsk.no\/index.php?rest_route=\/wp\/v2\/posts\/21646","targetHints":{"allow":["GET"]}}],"collection":[{"href":"https:\/\/stansgar.katolsk.no\/index.php?rest_route=\/wp\/v2\/posts"}],"about":[{"href":"https:\/\/stansgar.katolsk.no\/index.php?rest_route=\/wp\/v2\/types\/post"}],"author":[{"embeddable":true,"href":"https:\/\/stansgar.katolsk.no\/index.php?rest_route=\/wp\/v2\/users\/1"}],"replies":[{"embeddable":true,"href":"https:\/\/stansgar.katolsk.no\/index.php?rest_route=%2Fwp%2Fv2%2Fcomments&post=21646"}],"version-history":[{"count":1,"href":"https:\/\/stansgar.katolsk.no\/index.php?rest_route=\/wp\/v2\/posts\/21646\/revisions"}],"predecessor-version":[{"id":21647,"href":"https:\/\/stansgar.katolsk.no\/index.php?rest_route=\/wp\/v2\/posts\/21646\/revisions\/21647"}],"wp:attachment":[{"href":"https:\/\/stansgar.katolsk.no\/index.php?rest_route=%2Fwp%2Fv2%2Fmedia&parent=21646"}],"wp:term":[{"taxonomy":"category","embeddable":true,"href":"https:\/\/stansgar.katolsk.no\/index.php?rest_route=%2Fwp%2Fv2%2Fcategories&post=21646"},{"taxonomy":"post_tag","embeddable":true,"href":"https:\/\/stansgar.katolsk.no\/index.php?rest_route=%2Fwp%2Fv2%2Ftags&post=21646"}],"curies":[{"name":"wp","href":"https:\/\/api.w.org\/{rel}","templated":true}]}}