{"id":21623,"date":"2024-08-25T10:01:48","date_gmt":"2024-08-25T08:01:48","guid":{"rendered":"https:\/\/stansgar.katolsk.no\/?p=21623"},"modified":"2024-08-23T09:50:26","modified_gmt":"2024-08-23T07:50:26","slug":"kunngjoringer-sondag-25-august-2024","status":"publish","type":"post","link":"https:\/\/stansgar.katolsk.no\/?p=21623","title":{"rendered":"KUNNGJ\u00d8RINGER S\u00d8NDAG 25. AUGUST 2024"},"content":{"rendered":"<p style=\"text-align: center;\"><strong>KUNNGJ\u00d8RINGER S\u00d8NDAG 25. AUGUST 2024<\/strong><\/p>\n<table style=\"width: 629.703px;\">\n<tbody>\n<tr>\n<td style=\"width: 75px;\" rowspan=\"2\">Tirsdag<\/td>\n<td style=\"width: 56px;\" rowspan=\"2\">27.08.<\/td>\n<td style=\"width: 405.703px;\" colspan=\"3\">Minnedag: Den hellige Monika<\/td>\n<\/tr>\n<tr>\n<td style=\"width: 17px;\">kl.<\/p>\n<p>kl.<\/td>\n<td style=\"width: 56px;\">17.30<\/p>\n<p>18.00<\/td>\n<td style=\"width: 332.703px;\">Vesper<\/p>\n<p>Messe &#8211; etterfulgt av sakramentstilbedelse<\/td>\n<\/tr>\n<tr>\n<td style=\"width: 75px;\" rowspan=\"2\">Onsdag<\/td>\n<td style=\"width: 56px;\" rowspan=\"2\">28.08.<\/td>\n<td style=\"width: 405.703px;\" colspan=\"3\">Minnedag: Den hellige Augustin<\/td>\n<\/tr>\n<tr>\n<td style=\"width: 17px;\">kl.<\/td>\n<td style=\"width: 56px;\">18.00<\/td>\n<td style=\"width: 332.703px;\">Messe<\/td>\n<\/tr>\n<tr>\n<td style=\"width: 75px;\" rowspan=\"2\">Torsdag<\/td>\n<td style=\"width: 56px;\" rowspan=\"2\">29.08.<\/td>\n<td style=\"width: 405.703px;\" colspan=\"3\">Minnedag: Johannes D\u00f8perens martyrd\u00f8d<\/td>\n<\/tr>\n<tr>\n<td style=\"width: 17px;\">kl.<\/td>\n<td style=\"width: 56px;\">18.00<\/td>\n<td style=\"width: 332.703px;\">Messe<\/td>\n<\/tr>\n<tr>\n<td style=\"width: 75px;\">Fredag<\/td>\n<td style=\"width: 56px;\">30.08.<\/td>\n<td style=\"width: 17px;\">kl.<\/td>\n<td style=\"width: 56px;\">18.00<\/td>\n<td style=\"width: 332.703px;\">Messe<\/td>\n<\/tr>\n<tr>\n<td style=\"width: 75px;\">L\u00f8rdag<\/td>\n<td style=\"width: 56px;\">31.08.<\/td>\n<td style=\"width: 17px;\">kl.<\/p>\n<p>kl.<\/td>\n<td style=\"width: 56px;\">11.00<\/p>\n<p>18.00<\/td>\n<td style=\"width: 332.703px;\"><strong>Konfirmasjonsmesse i Lund kirke<\/strong><\/p>\n<p>Messe p\u00e5 polsk<\/td>\n<\/tr>\n<tr>\n<td style=\"width: 75px;\">S\u00f8ndag<\/td>\n<td style=\"width: 56px;\">01.09.<\/td>\n<td style=\"width: 405.703px;\" colspan=\"3\"><strong>22. S\u00d8NDAG I DET ALMINNELIGE KIRKE\u00c5R<\/strong><\/td>\n<\/tr>\n<tr>\n<td style=\"width: 75px;\">&nbsp;<\/p>\n<p>&nbsp;<\/p>\n<p>&nbsp;<\/p>\n<p>&nbsp;<\/p>\n<p>&nbsp;<\/p>\n<p>Andre steder:<\/td>\n<td style=\"width: 56px;\">&nbsp;<\/td>\n<td style=\"width: 17px;\">kl.<\/p>\n<p>kl.<\/p>\n<p>kl.<\/p>\n<p>kl.<\/p>\n<p>&nbsp;<\/p>\n<p>kl.<\/td>\n<td style=\"width: 56px;\">09.00<\/p>\n<p>11.00<\/p>\n<p>13.00<\/p>\n<p>15.00<\/p>\n<p>&nbsp;<\/p>\n<p>14.00<\/td>\n<td style=\"width: 332.703px;\">Messe p\u00e5 polsk<\/p>\n<p>H\u00f8ymesse<\/p>\n<p>Messe p\u00e5 vietnamesisk<\/p>\n<p>Messe p\u00e5 kaldeisk<\/p>\n<p>Messe p\u00e5 engelsk med p. Boie p\u00e5 Stella Maris i Mandal<\/td>\n<\/tr>\n<\/tbody>\n<\/table>\n<p><strong>Annet: <\/strong><\/p>\n<p><strong>1) Andre messer i tillegg til ordin\u00e6re messer denne uken:<br \/>\nI St. Ansgar menighet:<br \/>\n<\/strong>S\u00f8ndag 1.september kl. 15.00 er det messe p\u00e5 kaldeisk.<\/p>\n<p><strong>Andre steder:<br \/>\n<\/strong>S\u00f8ndag 1. september er det messe p\u00e5 engelsk med p. Boie p\u00e5 Stella Maris i Mandal<\/p>\n<p>&nbsp;<\/p>\n<p><strong>2) Forberedelse til konfirmasjonens sakrament onsdag 28. august kl. 16.30. <\/strong><\/p>\n<p>Program for konfirmantene:<\/p>\n<ul>\n<li>Kl. 16.30 &#8211; 17.45: \u00c5ndelig forberedelse og skriftem\u00e5l for konfirmantene, foreldre og faddere.<\/li>\n<\/ul>\n<ul>\n<li>Kl. 18.00 &#8211; 18.45: Messe &#8211; Alle konfirmantkandidatene m\u00e5 delta i messen.<\/li>\n<\/ul>\n<ul>\n<li>Kl. 18.45 &#8211; \u00d8velse til konfirmasjonen med faddere.<\/li>\n<\/ul>\n<p><strong>&nbsp;<\/strong><\/p>\n<p><strong>3) Konfirmasjonsmesse<\/strong><\/p>\n<p>L\u00f8rdag 31. september er det Konfirmasjonsmesse i Lund kirke kl. 11.00 for \u00e5 meddele konfirmasjonens sakrament til 33 konfirmanter. Alle er velkomne til messen. Be for v\u00e5re konfirmanter!<\/p>\n<p>&#8211; L\u00f8rdag 31. september er messe kl. 13.00 i St. Ansgar kirke er avlyst.<\/p>\n<p><strong>&nbsp;<\/strong><\/p>\n<p><strong>4) Torsdag 29. august<\/strong> kl. 18.45 er det troskurs.<\/p>\n<p>&nbsp;<\/p>\n<p><strong>5)<\/strong> <strong>Menighetsdagen for besteforeldre og eldre i St. Ansgar menighet<\/strong><\/p>\n<p>Pave Frans innstiftet Verdensdagen for besteforeldre og eldre 31. januar 2021. Denne dagen feires den fjerde s\u00f8ndagen i juli hvert \u00e5r. Dagen for feiringen finner sted i forbindelse med feiringen av Jesu besteforeldre. Den 26. juli minnes vi Jomfru Marias foreldre, De hellige Joakim og Anna. Pave Frans har inspirert oss til \u00e5 feire \u00abMenighetens dag for besteforeldre og eldre\u00bb i St. Ansgar menighet l\u00f8rdag 7. september.<\/p>\n<p>Program for dagen:<\/p>\n<ul>\n<li>14.30: Messe for besteforeldre og eldre, etterfulgt av sykesalvingens sakrament.<\/li>\n<li>Etterp\u00e5 er det servering av mat i Kiga.<\/li>\n<\/ul>\n<p>P\u00e5melding hos menighetens sekret\u00e6r Elzbieta Klamrowska: telefon 975 94 787 eller<br \/>\n380 24 225. P\u00e5meldingsfrist: s\u00f8ndag 1. september.<\/p>\n<p>&nbsp;<\/p>\n<p>Ved behov for transport til og fra kirka, gi beskjed til menighetens sekret\u00e6r. <span style=\"text-decoration: line-through;\">&nbsp;<\/span><\/p>\n<p>Menigheten \u00f8nsker besteforeldre og eldre over 70 \u00e5r hjertelig velkommen.<\/p>\n<p>&nbsp;<\/p>\n<p style=\"text-align: center;\"><strong>Alle er hjertelig velkommen til kirkekaffe. \u00d8nsker dere riktig god s\u00f8ndag!<\/strong><\/p>\n","protected":false},"excerpt":{"rendered":"<p>KUNNGJ\u00d8RINGER S\u00d8NDAG 25. AUGUST 2024 Tirsdag 27.08. Minnedag: Den hellige Monika kl. kl. 17.30 18.00 Vesper Messe &#8211; etterfulgt av sakramentstilbedelse Onsdag 28.08. Minnedag: Den hellige Augustin kl. 18.00 Messe Torsdag 29.08. Minnedag: Johannes D\u00f8perens martyrd\u00f8d kl. 18.00 Messe Fredag&#8230;<br \/><a class=\"read-more-button\" href=\"https:\/\/stansgar.katolsk.no\/?p=21623\">Read more<\/a><\/p>\n","protected":false},"author":1,"featured_media":0,"comment_status":"open","ping_status":"open","sticky":false,"template":"","format":"standard","meta":{"footnotes":""},"categories":[482],"tags":[],"class_list":["post-21623","post","type-post","status-publish","format-standard","hentry","category-kunngjoringer"],"_links":{"self":[{"href":"https:\/\/stansgar.katolsk.no\/index.php?rest_route=\/wp\/v2\/posts\/21623","targetHints":{"allow":["GET"]}}],"collection":[{"href":"https:\/\/stansgar.katolsk.no\/index.php?rest_route=\/wp\/v2\/posts"}],"about":[{"href":"https:\/\/stansgar.katolsk.no\/index.php?rest_route=\/wp\/v2\/types\/post"}],"author":[{"embeddable":true,"href":"https:\/\/stansgar.katolsk.no\/index.php?rest_route=\/wp\/v2\/users\/1"}],"replies":[{"embeddable":true,"href":"https:\/\/stansgar.katolsk.no\/index.php?rest_route=%2Fwp%2Fv2%2Fcomments&post=21623"}],"version-history":[{"count":1,"href":"https:\/\/stansgar.katolsk.no\/index.php?rest_route=\/wp\/v2\/posts\/21623\/revisions"}],"predecessor-version":[{"id":21624,"href":"https:\/\/stansgar.katolsk.no\/index.php?rest_route=\/wp\/v2\/posts\/21623\/revisions\/21624"}],"wp:attachment":[{"href":"https:\/\/stansgar.katolsk.no\/index.php?rest_route=%2Fwp%2Fv2%2Fmedia&parent=21623"}],"wp:term":[{"taxonomy":"category","embeddable":true,"href":"https:\/\/stansgar.katolsk.no\/index.php?rest_route=%2Fwp%2Fv2%2Fcategories&post=21623"},{"taxonomy":"post_tag","embeddable":true,"href":"https:\/\/stansgar.katolsk.no\/index.php?rest_route=%2Fwp%2Fv2%2Ftags&post=21623"}],"curies":[{"name":"wp","href":"https:\/\/api.w.org\/{rel}","templated":true}]}}