{"id":21606,"date":"2024-08-18T10:01:51","date_gmt":"2024-08-18T08:01:51","guid":{"rendered":"https:\/\/stansgar.katolsk.no\/?p=21606"},"modified":"2024-08-16T11:06:21","modified_gmt":"2024-08-16T09:06:21","slug":"kunngjoringer-sondag-18-august-2024","status":"publish","type":"post","link":"https:\/\/stansgar.katolsk.no\/?p=21606","title":{"rendered":"KUNNGJ\u00d8RINGER S\u00d8NDAG 18. AUGUST 2024"},"content":{"rendered":"<p style=\"text-align: center;\"><strong><br \/>\n&nbsp;&nbsp;&nbsp;&nbsp;&nbsp;&nbsp;&nbsp;&nbsp; &nbsp;&nbsp;&nbsp;&nbsp;KUNNGJ\u00d8RINGER S\u00d8NDAG 18. AUGUST 2024<\/strong><\/p>\n<table style=\"width: 615.812px;\">\n<tbody>\n<tr style=\"height: 39px;\">\n<td style=\"width: 65px; height: 117px;\" rowspan=\"2\">Tirsdag<\/td>\n<td style=\"width: 58px; height: 117px;\" rowspan=\"2\">20.08.<\/td>\n<td style=\"width: 399.812px; height: 39px;\" colspan=\"3\">Minnedag: Den hellige Bernhard av Clairvaux<\/td>\n<\/tr>\n<tr style=\"height: 78px;\">\n<td style=\"width: 40px; height: 78px;\">kl.<\/p>\n<p>kl.<\/td>\n<td style=\"width: 61px; height: 78px;\">17.30<\/p>\n<p>18.00<\/td>\n<td style=\"width: 298.812px; height: 78px;\">Vesper<\/p>\n<p>Messe &#8211; etterfulgt av sakramentstilbedelse<\/td>\n<\/tr>\n<tr style=\"height: 39px;\">\n<td style=\"width: 65px; height: 78px;\" rowspan=\"2\">Onsdag<\/td>\n<td style=\"width: 58px; height: 78px;\" rowspan=\"2\">21.08.<\/td>\n<td style=\"width: 399.812px; height: 39px;\" colspan=\"3\">Minnedag: Den hellige Pius X<\/td>\n<\/tr>\n<tr style=\"height: 39px;\">\n<td style=\"width: 40px; height: 39px;\">kl.<\/td>\n<td style=\"width: 61px; height: 39px;\">18.00<\/td>\n<td style=\"width: 298.812px; height: 39px;\">Messe<\/td>\n<\/tr>\n<tr style=\"height: 39px;\">\n<td style=\"width: 65px; height: 78px;\" rowspan=\"2\">Torsdag<\/td>\n<td style=\"width: 58px; height: 78px;\" rowspan=\"2\">22.08.<\/td>\n<td style=\"width: 399.812px; height: 39px;\" colspan=\"3\">Minnedag: Jomfru Marias dronningverdighet<\/td>\n<\/tr>\n<tr style=\"height: 39px;\">\n<td style=\"width: 40px; height: 39px;\">kl.<\/td>\n<td style=\"width: 61px; height: 39px;\">18.00<\/td>\n<td style=\"width: 298.812px; height: 39px;\">Messe<\/td>\n<\/tr>\n<tr style=\"height: 39px;\">\n<td style=\"width: 65px; height: 39px;\">Fredag<\/td>\n<td style=\"width: 58px; height: 39px;\">23.08.<\/td>\n<td style=\"width: 40px; height: 39px;\">kl.<\/td>\n<td style=\"width: 61px; height: 39px;\">18.00<\/td>\n<td style=\"width: 298.812px; height: 39px;\">Messe<\/td>\n<\/tr>\n<tr style=\"height: 39px;\">\n<td style=\"width: 65px; height: 156px;\" rowspan=\"2\">L\u00f8rdag<\/td>\n<td style=\"width: 58px; height: 156px;\" rowspan=\"2\">24.08.<\/td>\n<td style=\"width: 399.812px; height: 39px;\" colspan=\"3\">Fest: Den hellige Bartolomeus \u2013 Apostel<\/td>\n<\/tr>\n<tr style=\"height: 117px;\">\n<td style=\"width: 40px; height: 117px;\">kl.<\/p>\n<p>kl.<\/p>\n<p>kl.<\/td>\n<td style=\"width: 61px; height: 117px;\">13.00<\/p>\n<p>16.00<\/p>\n<p>18.00<\/td>\n<td style=\"width: 298.812px; height: 117px;\">Messe<\/p>\n<p>Messe p\u00e5 fransk<\/p>\n<p>Messe p\u00e5 polsk p\u00e5 Stella Maris i Mandal<\/td>\n<\/tr>\n<tr style=\"height: 39px;\">\n<td style=\"width: 65px; height: 39px;\">S\u00f8ndag<\/td>\n<td style=\"width: 58px; height: 39px;\">25.08.<\/td>\n<td style=\"width: 399.812px; height: 39px;\" colspan=\"3\"><strong>21. S\u00d8NDAG I DET ALMINNELIGE KIRKE\u00c5R<\/strong><\/td>\n<\/tr>\n<tr style=\"height: 160.5px;\">\n<td style=\"width: 65px; height: 160.5px;\">&nbsp;<\/td>\n<td style=\"width: 58px; height: 160.5px;\">&nbsp;<\/td>\n<td style=\"width: 40px; height: 160.5px;\">kl.<\/p>\n<p>kl.<\/p>\n<p>kl.<\/p>\n<p>kl.<\/p>\n<p>&nbsp;<\/td>\n<td style=\"width: 61px; height: 160.5px;\">09.00<\/p>\n<p>11.00<\/p>\n<p>13.00<\/p>\n<p>15.00<\/td>\n<td style=\"width: 298.812px; height: 160.5px;\">Messe p\u00e5 polsk<\/p>\n<p>H\u00f8ymesse<\/p>\n<p>Messe p\u00e5 vietnamesisk<\/p>\n<p>Messe p\u00e5 engelsk<\/td>\n<\/tr>\n<\/tbody>\n<\/table>\n<p><strong>Annet: &nbsp;&nbsp;&nbsp;&nbsp;&nbsp;&nbsp;&nbsp;&nbsp;&nbsp;&nbsp; <\/strong><\/p>\n<ol>\n<li><strong> Andre messer i tillegg til ordin\u00e6re messer denne uken: <\/strong><\/li>\n<\/ol>\n<p><strong>&nbsp; &nbsp;I St. Ansgar menighet:<br \/>\n&nbsp; &nbsp;L\u00f8rdag 24. august <\/strong>kl. 16.00 er det messe p\u00e5 fransk.<\/p>\n<p><strong>&nbsp; &nbsp;S\u00f8ndag 25. august <\/strong>kl. 15.00 er det messe p\u00e5 engelsk.<br \/>\n&nbsp;<\/p>\n<ol start=\"2\">\n<li>Fester og h\u00f8ytider denne uken:<br \/>\n<strong>L\u00f8rdag 24. august<\/strong> er det festen for den hellige Bartolomeus- apostel.<\/li>\n<li><strong>INNMELDING I KATEKESEN HAR N\u00c5 \u00c5PNET FOR KATEKESE\u00c5RET 2024 &#8211; 2025<\/strong><\/li>\n<\/ol>\n<p><strong>&nbsp; &nbsp; Innmelding i katekesen for barn p\u00e5 1. -7. trinn<\/strong><\/p>\n<p>&nbsp; &nbsp; For at vi skal kunne organisere katekesen p\u00e5 best mulig m\u00e5te, oppfordrer vi foreldre p\u00e5 det sterkeste til \u00e5 melde inn barna innen <strong>18.08.2024.<\/strong><\/p>\n<p><strong>&nbsp; &nbsp; Men siste frist for \u00e5 melde barn inn i f\u00f8rstekommunionskatekesen p\u00e5 3. trinn er 14. september. <\/strong><\/p>\n<p>&nbsp; &nbsp; Etter 14. september tar vi ikke imot nye barn i f\u00f8rstekommunionskatekesen. Det betyr at barnet m\u00e5 vente til september 2025 for \u00e5 begynne i f\u00f8rstekommunionskatekesen.<\/p>\n<p><strong>&nbsp; &nbsp;Innmelding til forberedelse til konfirmasjonens sakrament p\u00e5 8. og 9. trinn:<\/strong><\/p>\n<p>&nbsp; &nbsp;I Den katolske kirke varer konfirmasjonsforberedelsen i to \u00e5r, fra 8. trinn. Ungdommer som g\u00e5r p\u00e5 9. og 10. trinn p\u00e5 grunnskolen eller videreg\u00e5ende, som vil motta konfirmasjonens&nbsp; &nbsp; &nbsp; &nbsp;sakrament, m\u00e5 ogs\u00e5 begynne p\u00e5 konfirmantkurs for f\u00f8rste\u00e5rskonfirmanter.<\/p>\n<p>&nbsp; For at vi skal kunne organisere katekesen p\u00e5 best mulig m\u00e5te, oppfordrer vi foreldre innstendig om \u00e5 melde inn konfirmantkandidatene innen 18.08.2024. Men siste frist for \u00e5 melde seg p\u00e5 kurset til f\u00f8rste\u00e5rs- og andre\u00e5rskonfirmanter (8. og 9. trinn) er 7. september<strong>. <\/strong><\/p>\n<p>&nbsp; Etter 7. september tar vi ikke imot nye konfirmantkandidater. Det betyr at kandidaten m\u00e5 vente til september 2025 for \u00e5 begynne p\u00e5 konfirmantkurset for f\u00f8rste\u00e5rskonfirmanter.<\/p>\n<p>&nbsp;<\/p>\n<ol start=\"4\">\n<li><strong>Menighetens dag for<\/strong><strong> besteforeldre og eldre i St. Ansgar menighet<\/strong><\/li>\n<\/ol>\n<p>&nbsp; Pave Frans innstiftet Verdensdagen for besteforeldre og eldre som feires den fjerde s\u00f8ndagen i juli hvert \u00e5r. Pave Frans har inspirert oss til \u00e5 feire \u00abMenighetens dag for besteforeldre og eldre\u00bb i St. Ansgar menighet l\u00f8rdag 7. september.<\/p>\n<p>Program for dagen:<\/p>\n<ul>\n<li>14.30: Messe for besteforeldre og eldre, etterfulgt av sykesalvingens sakrament.<\/li>\n<li>Etterp\u00e5 er det servering av mat i Kiga.<\/li>\n<\/ul>\n<p>Vi h\u00e5per at alle <em>besteforeldre og eldre fra sytti \u00e5r og oppover kommer<\/em>. Dere kan melde dere p\u00e5 hos menighetens sekret\u00e6r Elzbieta Klamrowska: telefon 975 94 787 eller 380 24 225.<br \/>\nP\u00e5meldingsfrist: s\u00f8ndag 1. september.<\/p>\n<p>Om dere \u00f8nsker at noen skal hente dere og kj\u00f8re dere til menigheten og hjem igjen, kan dere ogs\u00e5 gi beskjed til menighetens sekret\u00e6r om det.<\/p>\n<p>Vi gleder oss til \u00e5 treffe dere og \u00e5 gj\u00f8re alt vi kan for dere.<\/p>\n<p>&nbsp;<\/p>\n<p style=\"text-align: center;\"><strong>Alle er hjertelig velkommen til kirkekaffe. \u00d8nsker dere riktig god s\u00f8ndag!<\/strong><\/p>\n","protected":false},"excerpt":{"rendered":"<p>&nbsp;&nbsp;&nbsp;&nbsp;&nbsp;&nbsp;&nbsp;&nbsp; &nbsp;&nbsp;&nbsp;&nbsp;KUNNGJ\u00d8RINGER S\u00d8NDAG 18. AUGUST 2024 Tirsdag 20.08. Minnedag: Den hellige Bernhard av Clairvaux kl. kl. 17.30 18.00 Vesper Messe &#8211; etterfulgt av sakramentstilbedelse Onsdag 21.08. Minnedag: Den hellige Pius X kl. 18.00 Messe Torsdag 22.08. Minnedag: Jomfru Marias dronningverdighet&#8230;<br \/><a class=\"read-more-button\" href=\"https:\/\/stansgar.katolsk.no\/?p=21606\">Read more<\/a><\/p>\n","protected":false},"author":1,"featured_media":0,"comment_status":"open","ping_status":"open","sticky":false,"template":"","format":"standard","meta":{"footnotes":""},"categories":[482],"tags":[],"class_list":["post-21606","post","type-post","status-publish","format-standard","hentry","category-kunngjoringer"],"_links":{"self":[{"href":"https:\/\/stansgar.katolsk.no\/index.php?rest_route=\/wp\/v2\/posts\/21606","targetHints":{"allow":["GET"]}}],"collection":[{"href":"https:\/\/stansgar.katolsk.no\/index.php?rest_route=\/wp\/v2\/posts"}],"about":[{"href":"https:\/\/stansgar.katolsk.no\/index.php?rest_route=\/wp\/v2\/types\/post"}],"author":[{"embeddable":true,"href":"https:\/\/stansgar.katolsk.no\/index.php?rest_route=\/wp\/v2\/users\/1"}],"replies":[{"embeddable":true,"href":"https:\/\/stansgar.katolsk.no\/index.php?rest_route=%2Fwp%2Fv2%2Fcomments&post=21606"}],"version-history":[{"count":1,"href":"https:\/\/stansgar.katolsk.no\/index.php?rest_route=\/wp\/v2\/posts\/21606\/revisions"}],"predecessor-version":[{"id":21607,"href":"https:\/\/stansgar.katolsk.no\/index.php?rest_route=\/wp\/v2\/posts\/21606\/revisions\/21607"}],"wp:attachment":[{"href":"https:\/\/stansgar.katolsk.no\/index.php?rest_route=%2Fwp%2Fv2%2Fmedia&parent=21606"}],"wp:term":[{"taxonomy":"category","embeddable":true,"href":"https:\/\/stansgar.katolsk.no\/index.php?rest_route=%2Fwp%2Fv2%2Fcategories&post=21606"},{"taxonomy":"post_tag","embeddable":true,"href":"https:\/\/stansgar.katolsk.no\/index.php?rest_route=%2Fwp%2Fv2%2Ftags&post=21606"}],"curies":[{"name":"wp","href":"https:\/\/api.w.org\/{rel}","templated":true}]}}