{"id":21529,"date":"2024-08-11T10:01:11","date_gmt":"2024-08-11T08:01:11","guid":{"rendered":"https:\/\/stansgar.katolsk.no\/?p=21529"},"modified":"2024-08-09T10:15:25","modified_gmt":"2024-08-09T08:15:25","slug":"kunngjoringer-sondag-11-august-2024","status":"publish","type":"post","link":"https:\/\/stansgar.katolsk.no\/?p=21529","title":{"rendered":"KUNNGJ\u00d8RINGER S\u00d8NDAG 11. AUGUST 2024"},"content":{"rendered":"<p style=\"text-align: center;\"><strong>KUNNGJ\u00d8RINGER S\u00d8NDAG 11. AUGUST 2024 <\/strong><\/p>\n<table style=\"width: 560.75px;\">\n<tbody>\n<tr>\n<td style=\"width: 72px;\">Tirsdag<\/td>\n<td style=\"width: 53px;\">13.08.<\/td>\n<td style=\"width: 20px;\">kl.<\/p>\n<p>kl.<\/td>\n<td style=\"width: 66px;\">17.30<\/p>\n<p>18.00<\/td>\n<td style=\"width: 256.75px;\">Vesper<\/p>\n<p>Messe &#8211; etterfulgt av sakramentstilbedelse<\/td>\n<\/tr>\n<tr>\n<td style=\"width: 72px;\" rowspan=\"2\">Onsdag<\/td>\n<td style=\"width: 53px;\" rowspan=\"2\">14.08.<\/td>\n<td style=\"width: 342.75px;\" colspan=\"3\">Minnedag: Den hellige Maximilian Kolbe, prest og martyr<\/td>\n<\/tr>\n<tr>\n<td style=\"width: 20px;\">kl.<\/td>\n<td style=\"width: 66px;\">18.00<\/td>\n<td style=\"width: 256.75px;\">Messe<\/td>\n<\/tr>\n<tr>\n<td style=\"width: 72px;\" rowspan=\"2\">Torsdag<\/td>\n<td style=\"width: 53px;\" rowspan=\"2\">15.08.<\/td>\n<td style=\"width: 342.75px;\" colspan=\"3\">H\u00f8ytid: Jomfru Marias opptagelse i himmelen<\/td>\n<\/tr>\n<tr>\n<td style=\"width: 20px;\">kl.<\/td>\n<td style=\"width: 66px;\">18.00<\/td>\n<td style=\"width: 256.75px;\">Messe<\/td>\n<\/tr>\n<tr>\n<td style=\"width: 72px;\">Fredag<\/td>\n<td style=\"width: 53px;\">16.08.<\/td>\n<td style=\"width: 20px;\">kl.<\/td>\n<td style=\"width: 66px;\">18.00<\/td>\n<td style=\"width: 256.75px;\">Messe<\/td>\n<\/tr>\n<tr>\n<td style=\"width: 72px;\">L\u00f8rdag<\/td>\n<td style=\"width: 53px;\">17.08.<\/td>\n<td style=\"width: 20px;\">kl.<\/p>\n<p>kl.<\/td>\n<td style=\"width: 66px;\">13.00<\/p>\n<p>18.00<\/td>\n<td style=\"width: 256.75px;\">Messe<\/p>\n<p>Messe p\u00e5 polsk<\/td>\n<\/tr>\n<tr>\n<td style=\"width: 72px;\">S\u00f8ndag<\/td>\n<td style=\"width: 53px;\">18.08.<\/td>\n<td style=\"width: 342.75px;\" colspan=\"3\"><strong>20. S\u00d8NDAG I DET ALMINNELIGE KIRKE\u00c5R<\/strong><\/td>\n<\/tr>\n<tr>\n<td style=\"width: 72px;\">&nbsp;<\/td>\n<td style=\"width: 53px;\">&nbsp;<\/td>\n<td style=\"width: 20px;\">kl.<\/p>\n<p>kl.<\/p>\n<p>kl.<\/td>\n<td style=\"width: 66px;\">09.00<\/p>\n<p>11.00<\/p>\n<p>13.00<\/td>\n<td style=\"width: 256.75px;\">Messe p\u00e5 polsk<\/p>\n<p>H\u00f8ymesse<\/p>\n<p>Messe p\u00e5 vietnamesisk<\/td>\n<\/tr>\n<\/tbody>\n<\/table>\n<p><strong>Annet: <\/strong><\/p>\n<ol>\n<li><strong>H\u00f8ytider og fester denne uken:<br \/>\nTorsdag 15. august <\/strong>er det h\u00f8ytiden: Jomfru Marias opptakelse i himmelen.&nbsp;<\/li>\n<li><strong><strong>Katekesekunngj\u00f8ring<br \/>\n<\/strong><\/strong><strong>INNMELDING I KATEKESEN HAR N\u00c5 \u00c5PNET FOR KATEKESE\u00c5RET 2024 &#8211; 2025<\/strong><strong>Innmelding for 3., 8. og 9. trinn <\/strong><\/p>\n<p>For at vi kan organisere katekesen for kommende katekese\u00e5r p\u00e5 best mulig m\u00e5te for alle barn og ungdommer, ber vi foreldre om \u00e5 melde inn i katekesen F\u00f8rste Hellige Kommunionsbarn (3. trinn) og f\u00f8rste- og andre\u00e5rskonfirmanter (8. og 9. trinn) <strong><u>innen 18.08.<\/u><\/strong> ved \u00e5 bruke f\u00f8lgende lenker:<\/p>\n<ul>\n<li>F\u00f8rste Hellige Kommunion (3. trinn): <a href=\"https:\/\/forms.office.com\/r\/jwk3HqubwX\">https:\/\/forms.office.com\/r\/jwk3HqubwX<\/a><\/li>\n<li>F\u00f8rste- og andre\u00e5rskonfirmanter (8. og 9. trinn): <a href=\"https:\/\/forms.office.com\/r\/GiHCCRxM3N\">https:\/\/forms.office.com\/r\/GiHCCRxM3N<\/a><\/li>\n<\/ul>\n<p>&nbsp;<\/p>\n<p><strong>VIKTIG:<\/strong><br \/>\nFor f\u00f8rste- og andre\u00e5rskonfirmanter er siste frist for melde seg inn og \u00e5 begynne i katekesen <strong><u>l\u00f8rdag 07.09.<br \/>\n<\/u><\/strong>For 1. Hellige Kommunionsbarn er siste frist for \u00e5 melde seg inn og \u00e5 begynne i katekesen <strong><u>l\u00f8rdag 14.09.<br \/>\n<\/u><\/strong><br \/>\n<strong>Innmelding for 1., 2, 4., 5., 6. og 7. trinn<\/strong><\/p>\n<p>For at vi kan organisere katekesen for kommende katekese\u00e5r p\u00e5 best mulig m\u00e5te for alle barna, oppfordrer vi foreldre til \u00e5 melde inn alle barna i katekesen <strong><u>innen 18.08.<\/u><\/strong> ved \u00e5 bruke f\u00f8lgende lenke:<\/p>\n<ul>\n<li>1., 2., 4., 5., 6., 7. trinn: <a href=\"https:\/\/forms.office.com\/r\/eLtgQhkcRe\">https:\/\/forms.office.com\/r\/eLtgQhkcRe<\/a><\/li>\n<\/ul>\n<p>&nbsp;<\/li>\n<\/ol>\n<p><strong>3.&nbsp;&nbsp;<\/strong> <strong>Bibelgruppe<\/strong><\/p>\n<p>&nbsp; &nbsp; &nbsp; Onsdag 14. august etter kveldsmesse er det bibelgruppe p\u00e5 biblioteket.<\/p>\n<p><strong>&nbsp;<\/strong><\/p>\n<ol start=\"4\">\n<li><strong>Troskurs<br \/>\n<\/strong>Torsdag 15. august kl. 18.45 er det troskurs.<\/li>\n<\/ol>\n<p><strong><br \/>\n&nbsp;5. <\/strong><strong>Ministrant-NM 2024<\/strong><\/p>\n<p>Ministrant-NM arrangeres igjen i St. Svithun menighet, Stavanger, fra 16. august til<br \/>\n18. august. Ministranter fra hele landet skal m\u00f8tes for \u00e5 bli bedre kjent med liturgien og hverandre. V\u00e5r menighet sender&nbsp; to lag: et p\u00e5 senior niv\u00e5 og et p\u00e5 junior niv\u00e5. Total er det 11 ministranter. &nbsp;Vi ber om Guds velsignelse over alle ministrantene.<\/p>\n<ol start=\"6\">\n<li><strong>Kateketretrett<\/strong><\/li>\n<\/ol>\n<p>Kateketene skal ha stille retrett p\u00e5 Stella Maris i Mandal 16.08. &#8211; 18.08.<\/p>\n<p><strong>&nbsp;<\/strong><strong>&nbsp;<\/strong><\/p>\n<p style=\"text-align: center;\"><strong>\u00d8nsker dere en riktig god s\u00f8ndag!<\/strong><\/p>\n","protected":false},"excerpt":{"rendered":"<p>KUNNGJ\u00d8RINGER S\u00d8NDAG 11. AUGUST 2024 Tirsdag 13.08. kl. kl. 17.30 18.00 Vesper Messe &#8211; etterfulgt av sakramentstilbedelse Onsdag 14.08. Minnedag: Den hellige Maximilian Kolbe, prest og martyr kl. 18.00 Messe Torsdag 15.08. H\u00f8ytid: Jomfru Marias opptagelse i himmelen kl. 18.00&#8230;<br \/><a class=\"read-more-button\" href=\"https:\/\/stansgar.katolsk.no\/?p=21529\">Read more<\/a><\/p>\n","protected":false},"author":1,"featured_media":0,"comment_status":"open","ping_status":"open","sticky":false,"template":"","format":"standard","meta":{"footnotes":""},"categories":[482],"tags":[],"class_list":["post-21529","post","type-post","status-publish","format-standard","hentry","category-kunngjoringer"],"_links":{"self":[{"href":"https:\/\/stansgar.katolsk.no\/index.php?rest_route=\/wp\/v2\/posts\/21529","targetHints":{"allow":["GET"]}}],"collection":[{"href":"https:\/\/stansgar.katolsk.no\/index.php?rest_route=\/wp\/v2\/posts"}],"about":[{"href":"https:\/\/stansgar.katolsk.no\/index.php?rest_route=\/wp\/v2\/types\/post"}],"author":[{"embeddable":true,"href":"https:\/\/stansgar.katolsk.no\/index.php?rest_route=\/wp\/v2\/users\/1"}],"replies":[{"embeddable":true,"href":"https:\/\/stansgar.katolsk.no\/index.php?rest_route=%2Fwp%2Fv2%2Fcomments&post=21529"}],"version-history":[{"count":2,"href":"https:\/\/stansgar.katolsk.no\/index.php?rest_route=\/wp\/v2\/posts\/21529\/revisions"}],"predecessor-version":[{"id":21531,"href":"https:\/\/stansgar.katolsk.no\/index.php?rest_route=\/wp\/v2\/posts\/21529\/revisions\/21531"}],"wp:attachment":[{"href":"https:\/\/stansgar.katolsk.no\/index.php?rest_route=%2Fwp%2Fv2%2Fmedia&parent=21529"}],"wp:term":[{"taxonomy":"category","embeddable":true,"href":"https:\/\/stansgar.katolsk.no\/index.php?rest_route=%2Fwp%2Fv2%2Fcategories&post=21529"},{"taxonomy":"post_tag","embeddable":true,"href":"https:\/\/stansgar.katolsk.no\/index.php?rest_route=%2Fwp%2Fv2%2Ftags&post=21529"}],"curies":[{"name":"wp","href":"https:\/\/api.w.org\/{rel}","templated":true}]}}