{"id":214,"date":"2017-05-11T18:38:00","date_gmt":"2017-05-11T16:38:00","guid":{"rendered":"http:\/\/stansgar.katolsk.no\/index.php\/2017\/05\/11\/endringer-i-prestesituasjonen-i-s\/"},"modified":"2018-10-12T09:12:22","modified_gmt":"2018-10-12T07:12:22","slug":"endringer-i-prestesituasjonen-i-s","status":"publish","type":"post","link":"https:\/\/stansgar.katolsk.no\/?p=214","title":{"rendered":"Endringer  i prestesituasjonen i St. Ansgar"},"content":{"rendered":"<div style=\"background-color: white; color: #222222;\">\nSom mange sikkert har f\u00e5tt med seg fra &nbsp;denne ukens&nbsp;<a href=\"http:\/\/www.katolsk.no\/nyheter\/2017\/05\/170509-presteflytting-og-utnevnelser-i-oslo-katolske-bispedomme\" target=\"_blank\">kunngj\u00f8ring<\/a>&nbsp;fra biskop Bernt, skal det foreg\u00e5r en st\u00f8rre forflytning av prester i bisped\u00f8mmet. Dette p\u00e5virker ogs\u00e5 v\u00e5r menighet.<\/div>\n<div style=\"background-color: white; color: #222222;\">\n<\/div>\n<div style=\"background-color: white; color: #222222;\">\nFra 1. august f\u00e5r menigheten v\u00e5r en kapellan nr to. Det blir da tre prester i menigheten fremover. Dawid Banas &nbsp;skal v\u00e6re kapellan i v\u00e5r menighet og samtidig ansvarlig for polsk sjelesorg i St. Franciskus Xaverius menighet i Arendal, i tillegg til i v\u00e5r egen menighet. Samtidig blir p. Sigurd Markussen ny sogneprest i Arendal. Fransiskanerkommuniteten flytter, men hvor de flytter er enn\u00e5 ikke offentliggjort. &nbsp;<\/div>\n<div style=\"background-color: white; color: #222222;\">\n<\/div>\n<div style=\"background-color: white; color: #222222;\">\n<\/div>\n<div style=\"background-color: white; color: #222222;\">\nP. Frode har s\u00f8kt om og f\u00e5tt permisjon fra 1. oktober og ut \u00e5ret, dvs tre m\u00e5neder. Etter 18 \u00e5rs sammenhengende prestetjeneste unner vi ham en liten pause, og h\u00e5per han f\u00e5r hvilt seg skikkelig ut og f\u00e5r sjansen til \u00e5 lese og oppdatere seg faglig. &nbsp;I hans frav\u00e6r har p.Van ansvaret for menigheten.<\/div>\n<div style=\"background-color: white; color: #222222;\">\n<\/div>\n<div style=\"background-color: white; color: #222222;\">\n<div style=\"box-sizing: border-box; color: #1f1f1f; margin-bottom: 10px;\">\n<strong style=\"box-sizing: border-box;\"><br \/><\/strong><\/div>\n<div style=\"box-sizing: border-box; color: #1f1f1f; margin-bottom: 10px;\">\n<strong style=\"box-sizing: border-box;\"><br \/><\/strong><\/div>\n<div style=\"box-sizing: border-box; color: #1f1f1f; margin-bottom: 10px;\">\n<strong style=\"box-sizing: border-box;\"><br \/><\/strong><\/div>\n<div style=\"box-sizing: border-box; color: #1f1f1f; margin-bottom: 10px;\">\n<strong style=\"box-sizing: border-box;\"><br \/><\/strong><\/div>\n<div style=\"box-sizing: border-box; color: #1f1f1f; margin-bottom: 10px;\">\n<strong style=\"box-sizing: border-box;\"><br \/><\/strong><\/div>\n<div class=\"separator\" style=\"clear: both; text-align: center;\">\n<a href=\"http:\/\/www.katolsk.no\/biografier\/innenriks\/dbanas\/foto\/foto1.jpg\/@@images\/f53fba29-273b-438c-9d39-4300809259dd.jpeg\" imageanchor=\"1\" style=\"clear: right; float: right; margin-bottom: 1em; margin-left: 1em;\"><img decoding=\"async\" border=\"0\" src=\"http:\/\/www.katolsk.no\/biografier\/innenriks\/dbanas\/foto\/foto1.jpg\/@@images\/f53fba29-273b-438c-9d39-4300809259dd.jpeg\" \/><\/a><\/div>\n<div style=\"box-sizing: border-box; color: #1f1f1f; margin-bottom: 10px;\">\n<strong style=\"box-sizing: border-box;\">BANA\u015a, Dawid<\/strong>, f\u00f8dt 18. juli 1970 i Siemanowice \u015al\u0105skie (Polen). Oppvokst i Tychy.<\/div>\n<div style=\"box-sizing: border-box; color: #1f1f1f; margin-bottom: 10px;\">\nDiakonviet 23. april 1995 i Jejkowice, presteviet 11. mai 1996 i Katowice. Inkardinert i erkebisped\u00f8mmet Katowice<\/div>\n<div style=\"box-sizing: border-box; color: #1f1f1f; margin-bottom: 10px;\">\nKom til Norge&nbsp;<a class=\"m_6702029193073988757internal-link\" data-saferedirecturl=\"https:\/\/www.google.com\/url?hl=en&amp;q=http:\/\/www.katolsk.no\/nyheter\/2013\/09\/ny-prest-til-oslo-katolske-bispedomme&amp;source=gmail&amp;ust=1494613741701000&amp;usg=AFQjCNGP2wLw2hQ19PSSyD5pCWRME5iBRA\" href=\"http:\/\/www.katolsk.no\/nyheter\/2013\/09\/ny-prest-til-oslo-katolske-bispedomme\" style=\"box-sizing: border-box; color: #4d4d4d;\" target=\"_blank\" title=\"Ny prest til Oslo katolske bisped\u00f8mme\">2. september 2013<\/a>.<\/div>\n<\/div>\n","protected":false},"excerpt":{"rendered":"<p>Som mange sikkert har f\u00e5tt med seg fra &nbsp;denne ukens&nbsp;kunngj\u00f8ring&nbsp;fra biskop Bernt, skal det foreg\u00e5r en st\u00f8rre forflytning av prester i bisped\u00f8mmet. Dette p\u00e5virker ogs\u00e5 v\u00e5r menighet. Fra 1. august f\u00e5r menigheten v\u00e5r en kapellan nr to. Det blir da&#8230;<br \/><a class=\"read-more-button\" href=\"https:\/\/stansgar.katolsk.no\/?p=214\">Read more<\/a><\/p>\n","protected":false},"author":3,"featured_media":1814,"comment_status":"open","ping_status":"open","sticky":false,"template":"","format":"standard","meta":{"footnotes":""},"categories":[1],"tags":[37],"class_list":["post-214","post","type-post","status-publish","format-standard","has-post-thumbnail","hentry","category-ukategorisert","tag-prestene"],"_links":{"self":[{"href":"https:\/\/stansgar.katolsk.no\/index.php?rest_route=\/wp\/v2\/posts\/214","targetHints":{"allow":["GET"]}}],"collection":[{"href":"https:\/\/stansgar.katolsk.no\/index.php?rest_route=\/wp\/v2\/posts"}],"about":[{"href":"https:\/\/stansgar.katolsk.no\/index.php?rest_route=\/wp\/v2\/types\/post"}],"author":[{"embeddable":true,"href":"https:\/\/stansgar.katolsk.no\/index.php?rest_route=\/wp\/v2\/users\/3"}],"replies":[{"embeddable":true,"href":"https:\/\/stansgar.katolsk.no\/index.php?rest_route=%2Fwp%2Fv2%2Fcomments&post=214"}],"version-history":[{"count":1,"href":"https:\/\/stansgar.katolsk.no\/index.php?rest_route=\/wp\/v2\/posts\/214\/revisions"}],"predecessor-version":[{"id":1813,"href":"https:\/\/stansgar.katolsk.no\/index.php?rest_route=\/wp\/v2\/posts\/214\/revisions\/1813"}],"wp:featuredmedia":[{"embeddable":true,"href":"https:\/\/stansgar.katolsk.no\/index.php?rest_route=\/wp\/v2\/media\/1814"}],"wp:attachment":[{"href":"https:\/\/stansgar.katolsk.no\/index.php?rest_route=%2Fwp%2Fv2%2Fmedia&parent=214"}],"wp:term":[{"taxonomy":"category","embeddable":true,"href":"https:\/\/stansgar.katolsk.no\/index.php?rest_route=%2Fwp%2Fv2%2Fcategories&post=214"},{"taxonomy":"post_tag","embeddable":true,"href":"https:\/\/stansgar.katolsk.no\/index.php?rest_route=%2Fwp%2Fv2%2Ftags&post=214"}],"curies":[{"name":"wp","href":"https:\/\/api.w.org\/{rel}","templated":true}]}}