{"id":207,"date":"2017-05-28T21:13:00","date_gmt":"2017-05-28T19:13:00","guid":{"rendered":"http:\/\/stansgar.katolsk.no\/index.php\/2017\/05\/28\/kunngjringer-sndag-28-mai-2017\/"},"modified":"2018-10-12T09:12:22","modified_gmt":"2018-10-12T07:12:22","slug":"kunngjringer-sndag-28-mai-2017","status":"publish","type":"post","link":"https:\/\/stansgar.katolsk.no\/?p=207","title":{"rendered":"KUNNGJ\u00d8RINGER S\u00d8NDAG 28. MAI 2017"},"content":{"rendered":"<div class=\"MsoNormal\" style=\"background-color: white; color: #222222; font-size: 12.8px;\">\n<\/div>\n<div class=\"MsoNormal\" style=\"background-color: white; color: #222222; font-size: 12.8px;\">\n<\/div>\n<div class=\"MsoNormal\" style=\"background-color: white; color: #222222; font-size: 12.8px;\">\n<\/div>\n<div class=\"MsoNormal\" style=\"background-color: white; color: #222222; font-size: 12.8px;\">\n<\/div>\n<div class=\"MsoNormal\" style=\"background-color: white; color: #222222; font-size: 12.8px;\">\n<b>Tirsdag 30. mai kl. 16.30<\/b> blir det skriftem\u00e5l for alle f\u00f8rstekommunionsbarna. Samtidig er det ogs\u00e5 informasjonsm\u00f8te for foreldre og etter messen, \u00f8velse. Det er mulighet for skriftem\u00e5l ogs\u00e5 for foreldre og en polsktalende prest vil v\u00e6re til stede ogs\u00e5.<u><\/u><u><\/u><\/div>\n<div class=\"MsoNormal\" style=\"background-color: white; color: #222222; font-size: 12.8px;\">\n<\/div>\n<div class=\"MsoNormal\" style=\"background-color: white; color: #222222; font-size: 12.8px;\">\n<\/div>\n<div class=\"MsoNormal\" style=\"background-color: white; color: #222222; font-size: 12.8px;\">\n<b>Onsdag 31. mai kl. 18.00<\/b> er det messe etterfulgt av rosenkransb\u00f8nn p\u00e5 norsk.<u><\/u><u><\/u><\/div>\n<div class=\"MsoNormal\" style=\"background-color: white; color: #222222; font-size: 12.8px;\">\n<\/div>\n<div class=\"MsoNormal\" style=\"background-color: white; color: #222222; font-size: 12.8px;\">\n<\/div>\n<div class=\"MsoNormal\" style=\"background-color: white; color: #222222; font-size: 12.8px;\">\n<b>Torsdag 1. juni<\/b> er det messe kl. 11.00 etterfulgt av felles lunch.<u><\/u><u><\/u><\/div>\n<div class=\"MsoNormal\" style=\"background-color: white; color: #222222; font-size: 12.8px;\">\n<\/div>\n<div class=\"MsoNormal\" style=\"background-color: white; color: #222222; font-size: 12.8px;\">\n<b>Torsdag 1. juni <\/b>etter kveldsmessen blir det sommeravslutning for informasjonskurset.<u><\/u><u><\/u><\/div>\n<div class=\"MsoNormal\" style=\"background-color: white; color: #222222; font-size: 12.8px;\">\n<\/div>\n<div class=\"MsoNormal\" style=\"background-color: white; color: #222222; font-size: 12.8px;\">\n<\/div>\n<div class=\"MsoNormal\" style=\"background-color: white; color: #222222; font-size: 12.8px;\">\n<b>Fredag 2. juni<\/b> er det messe kl. 18.00<u><\/u><u><\/u><\/div>\n<div class=\"MsoNormal\" style=\"background-color: white; color: #222222; font-size: 12.8px;\">\n<\/div>\n<div class=\"MsoNormal\" style=\"background-color: white; color: #222222; font-size: 12.8px;\">\n<\/div>\n<div class=\"MsoNormal\" style=\"background-color: white; color: #222222; font-size: 12.8px;\">\n<b>L\u00f8rdag 3. juni<\/b> mai feirer vi barnas f\u00f8rste hellige kommunion. Messe kl. 11.00. Ingen messe kl. 13.00 denne dagen.<u><\/u><u><\/u><\/div>\n<div class=\"MsoNormal\" style=\"background-color: white; color: #222222; font-size: 12.8px;\">\n<\/div>\n<div class=\"MsoNormal\" style=\"background-color: white; color: #222222; font-size: 12.8px;\">\n<\/div>\n<div class=\"MsoNormal\" style=\"background-color: white; color: #222222; font-size: 12.8px;\">\n<b>S\u00f8ndag 4. juni<\/b> kl.15.00 er det messe etter kaldeisk ritus<u><\/u><u><\/u><\/div>\n<div class=\"MsoNormal\" style=\"background-color: white; color: #222222; font-size: 12.8px;\">\n<\/div>\n<div class=\"MsoNormal\" style=\"background-color: white; color: #222222; font-size: 12.8px;\">\n<\/div>\n<div class=\"MsoNormal\" style=\"background-color: white; color: #222222; font-size: 12.8px;\">\n<b>Mandag 5. juni<\/b> er 2. pinsedag. Messe kl. 11.00<u><\/u><u><\/u><\/div>\n<div class=\"MsoNormal\" style=\"background-color: white; color: #222222; font-size: 12.8px;\">\n<\/div>\n<div class=\"MsoNormal\" style=\"background-color: white; color: #222222; font-size: 12.8px;\">\n<\/div>\n<div class=\"MsoNormal\" style=\"background-color: white; color: #222222; font-size: 12.8px;\">\n<\/div>\n<div class=\"MsoNormal\" style=\"background-color: white; color: #222222; font-size: 12.8px;\">\n<\/div>\n<div class=\"MsoNormal\" style=\"background-color: white; color: #222222; font-size: 12.8px;\">\n<b>S\u00e5 en invitasjon til alle barn! Bli med p\u00e5 barneleir s\u00f8r p\u00e5 Stella Maris i Mandal fra 24. juni til 1. juli. For alle fra 8 til 11 \u00e5r. P\u00e5melding og info p\u00e5 <a href=\"https:\/\/www.checkin.no\/event\/13876\/nuks-barneleir-soer-2017\" target=\"_blank\">NUKs hjemmeside<\/a><\/b><u><\/u><\/div>\n<div class=\"MsoNormal\" style=\"background-color: white; color: #222222; font-size: 12.8px;\">\n<\/div>\n","protected":false},"excerpt":{"rendered":"<p>Tirsdag 30. mai kl. 16.30 blir det skriftem\u00e5l for alle f\u00f8rstekommunionsbarna. Samtidig er det ogs\u00e5 informasjonsm\u00f8te for foreldre og etter messen, \u00f8velse. Det er mulighet for skriftem\u00e5l ogs\u00e5 for foreldre og en polsktalende prest vil v\u00e6re til stede ogs\u00e5. Onsdag&#8230;<br \/><a class=\"read-more-button\" href=\"https:\/\/stansgar.katolsk.no\/?p=207\">Read more<\/a><\/p>\n","protected":false},"author":3,"featured_media":0,"comment_status":"open","ping_status":"open","sticky":false,"template":"","format":"standard","meta":{"footnotes":""},"categories":[1],"tags":[3],"class_list":["post-207","post","type-post","status-publish","format-standard","hentry","category-ukategorisert","tag-kunngjoringer"],"_links":{"self":[{"href":"https:\/\/stansgar.katolsk.no\/index.php?rest_route=\/wp\/v2\/posts\/207","targetHints":{"allow":["GET"]}}],"collection":[{"href":"https:\/\/stansgar.katolsk.no\/index.php?rest_route=\/wp\/v2\/posts"}],"about":[{"href":"https:\/\/stansgar.katolsk.no\/index.php?rest_route=\/wp\/v2\/types\/post"}],"author":[{"embeddable":true,"href":"https:\/\/stansgar.katolsk.no\/index.php?rest_route=\/wp\/v2\/users\/3"}],"replies":[{"embeddable":true,"href":"https:\/\/stansgar.katolsk.no\/index.php?rest_route=%2Fwp%2Fv2%2Fcomments&post=207"}],"version-history":[{"count":1,"href":"https:\/\/stansgar.katolsk.no\/index.php?rest_route=\/wp\/v2\/posts\/207\/revisions"}],"predecessor-version":[{"id":1802,"href":"https:\/\/stansgar.katolsk.no\/index.php?rest_route=\/wp\/v2\/posts\/207\/revisions\/1802"}],"wp:attachment":[{"href":"https:\/\/stansgar.katolsk.no\/index.php?rest_route=%2Fwp%2Fv2%2Fmedia&parent=207"}],"wp:term":[{"taxonomy":"category","embeddable":true,"href":"https:\/\/stansgar.katolsk.no\/index.php?rest_route=%2Fwp%2Fv2%2Fcategories&post=207"},{"taxonomy":"post_tag","embeddable":true,"href":"https:\/\/stansgar.katolsk.no\/index.php?rest_route=%2Fwp%2Fv2%2Ftags&post=207"}],"curies":[{"name":"wp","href":"https:\/\/api.w.org\/{rel}","templated":true}]}}