{"id":204,"date":"2017-06-04T21:26:00","date_gmt":"2017-06-04T19:26:00","guid":{"rendered":"http:\/\/stansgar.katolsk.no\/index.php\/2017\/06\/04\/kunngjringer-sndag-4juni-2017\/"},"modified":"2018-10-12T09:12:22","modified_gmt":"2018-10-12T07:12:22","slug":"kunngjringer-sndag-4juni-2017","status":"publish","type":"post","link":"https:\/\/stansgar.katolsk.no\/?p=204","title":{"rendered":"KUNNGJ\u00d8RINGER S\u00d8NDAG 4.JUNI 2017"},"content":{"rendered":"<div class=\"MsoNormal\" style=\"background-color: white; color: #222222; font-size: 12.8px;\">\n<\/div>\n<div class=\"MsoNormal\" style=\"background-color: white; color: #222222; font-size: 12.8px;\">\n<\/div>\n<div class=\"MsoNormal\" style=\"background-color: white; color: #222222; font-size: 12.8px;\">\n<\/div>\n<div class=\"MsoNormal\" style=\"background-color: white; color: #222222; font-size: 12.8px;\">\n<b>Mandag 5. juni <\/b>blir det 2. pinsedags h\u00f8ymesse kl. 11.<u><\/u><u><\/u><\/div>\n<div class=\"MsoNormal\" style=\"background-color: white; color: #222222; font-size: 12.8px;\">\n<\/div>\n<div class=\"MsoNormal\" style=\"background-color: white; color: #222222; font-size: 12.8px;\">\n<\/div>\n<div class=\"MsoNormal\" style=\"background-color: white; color: #222222; font-size: 12.8px;\">\n<b>Tirsdag 6. juni kl.<\/b> 19.00 er det m\u00f8te i menighetsr\u00e5det<u><\/u><u><\/u><\/div>\n<div class=\"MsoNormal\" style=\"background-color: white; color: #222222; font-size: 12.8px;\">\n<\/div>\n<div class=\"MsoNormal\" style=\"background-color: white; color: #222222; font-size: 12.8px;\">\n<b>&nbsp;Onsdag 7.juni<\/b> har den nye damegruppen m\u00f8te fra kl. 16.00 til kl. 18.00<\/div>\n<div class=\"MsoNormal\" style=\"background-color: white; color: #222222; font-size: 12.8px;\">\n<\/div>\n<div class=\"MsoNormal\" style=\"background-color: white; color: #222222; font-size: 12.8px;\">\n<b>Torsdag 8. juni<\/b> er det messe kl. 11.00 etterfulgt av felles lunch.<u><\/u><u><\/u><\/div>\n<div class=\"MsoNormal\" style=\"background-color: white; color: #222222; font-size: 12.8px;\">\n<\/div>\n<div class=\"MsoNormal\" style=\"background-color: white; color: #222222; font-size: 12.8px;\">\n<\/div>\n<div class=\"MsoNormal\" style=\"background-color: white; color: #222222; font-size: 12.8px;\">\n<b>Til alle kateketer. Husk l\u00e6rerm\u00f8te torsdag kveld.<\/b><u><\/u><u><\/u><\/div>\n<div class=\"MsoNormal\" style=\"background-color: white; color: #222222; font-size: 12.8px;\">\n<\/div>\n<div class=\"MsoNormal\" style=\"background-color: white; color: #222222; font-size: 12.8px;\">\n<\/div>\n<div class=\"MsoNormal\" style=\"background-color: white; color: #222222; font-size: 12.8px;\">\n<b>L\u00f8rdag 10. juni <\/b>er det siste katekese f\u00f8r sommeren. Alle klasser fra 1. til 7. m\u00f8ter til vanlig tid.<u><\/u><u><\/u><\/div>\n<div class=\"MsoNormal\" style=\"background-color: white; color: #222222; font-size: 12.8px;\">\n<\/div>\n<div class=\"MsoNormal\" style=\"background-color: white; color: #222222; font-size: 12.8px;\">\n<\/div>\n<div class=\"MsoNormal\" style=\"background-color: white; color: #222222; font-size: 12.8px;\">\n<b>L\u00f8rdag 10. juni<\/b> kl. 14.00 er det messe p\u00e5 spansk<u><\/u><u><\/u><\/div>\n<div class=\"MsoNormal\" style=\"background-color: white; color: #222222; font-size: 12.8px;\">\n<\/div>\n<div class=\"MsoNormal\" style=\"background-color: white; color: #222222; font-size: 12.8px;\">\n<\/div>\n<div class=\"MsoNormal\" style=\"background-color: white; color: #222222; font-size: 12.8px;\">\n<b>S\u00f8ndag 11. juni <\/b>kl. 14.00 er det messe p\u00e5 Stella Maris i Mandal.<u><\/u><u><\/u><\/div>\n<div class=\"MsoNormal\" style=\"background-color: white; color: #222222; font-size: 12.8px;\">\n<\/div>\n<div class=\"MsoNormal\" style=\"background-color: white; color: #222222; font-size: 12.8px;\">\n<\/div>\n<div class=\"MsoNormal\" style=\"background-color: white; color: #222222; font-size: 12.8px;\">\n<\/div>\n<div class=\"MsoNormal\" style=\"background-color: white; color: #222222; font-size: 12.8px;\">\n<b>S\u00f8ndag 18. juni <\/b>ferier vi Kristi legemsfest og internasjonal dag i menigheten. Det blir en felles utend\u00f8rs messe p\u00e5 g\u00e5rdsplassen ved St. Ansgar kirke kl. 11.00 etterfulgt av sakramentsprosesjon og deretter underholdning og internasjonal mat. Denne s\u00f8ndagen blir det ingen andre messer.<u><\/u><u><\/u><\/div>\n<div class=\"MsoNormal\" style=\"background-color: white; color: #222222; font-size: 12.8px;\">\n<\/div>\n<div class=\"MsoNormal\" style=\"background-color: white; color: #222222; font-size: 12.8px;\">\n<\/div>\n<div class=\"MsoNormal\" style=\"background-color: white; color: #222222; font-size: 12.8px;\">\n<\/div>\n<div class=\"MsoNormal\" style=\"background-color: white; color: #222222; font-size: 12.8px;\">\n<b>S\u00e5 en invitasjon til alle barn!<\/b> Bli med p\u00e5 barneleir s\u00f8r p\u00e5 Stella Maris i Mandal fra 24. juni til 1. juli. For alle fra 8 til 11 \u00e5r. P\u00e5melding og info p\u00e5 <a href=\"https:\/\/www.checkin.no\/event\/13876\/nuks-barneleir-soer-2017\" target=\"_blank\">NUKs hjemmeside<\/a>. Eller se plakat i gangen.<u><\/u><u><\/u><\/div>\n<div class=\"MsoNormal\" style=\"background-color: white; color: #222222; font-size: 12.8px;\">\n<\/div>\n","protected":false},"excerpt":{"rendered":"<p>Mandag 5. juni blir det 2. pinsedags h\u00f8ymesse kl. 11. Tirsdag 6. juni kl. 19.00 er det m\u00f8te i menighetsr\u00e5det &nbsp;Onsdag 7.juni har den nye damegruppen m\u00f8te fra kl. 16.00 til kl. 18.00 Torsdag 8. juni er det messe kl&#8230;.<br \/><a class=\"read-more-button\" href=\"https:\/\/stansgar.katolsk.no\/?p=204\">Read more<\/a><\/p>\n","protected":false},"author":3,"featured_media":0,"comment_status":"open","ping_status":"open","sticky":false,"template":"","format":"standard","meta":{"footnotes":""},"categories":[1],"tags":[3],"class_list":["post-204","post","type-post","status-publish","format-standard","hentry","category-ukategorisert","tag-kunngjoringer"],"_links":{"self":[{"href":"https:\/\/stansgar.katolsk.no\/index.php?rest_route=\/wp\/v2\/posts\/204","targetHints":{"allow":["GET"]}}],"collection":[{"href":"https:\/\/stansgar.katolsk.no\/index.php?rest_route=\/wp\/v2\/posts"}],"about":[{"href":"https:\/\/stansgar.katolsk.no\/index.php?rest_route=\/wp\/v2\/types\/post"}],"author":[{"embeddable":true,"href":"https:\/\/stansgar.katolsk.no\/index.php?rest_route=\/wp\/v2\/users\/3"}],"replies":[{"embeddable":true,"href":"https:\/\/stansgar.katolsk.no\/index.php?rest_route=%2Fwp%2Fv2%2Fcomments&post=204"}],"version-history":[{"count":1,"href":"https:\/\/stansgar.katolsk.no\/index.php?rest_route=\/wp\/v2\/posts\/204\/revisions"}],"predecessor-version":[{"id":1790,"href":"https:\/\/stansgar.katolsk.no\/index.php?rest_route=\/wp\/v2\/posts\/204\/revisions\/1790"}],"wp:attachment":[{"href":"https:\/\/stansgar.katolsk.no\/index.php?rest_route=%2Fwp%2Fv2%2Fmedia&parent=204"}],"wp:term":[{"taxonomy":"category","embeddable":true,"href":"https:\/\/stansgar.katolsk.no\/index.php?rest_route=%2Fwp%2Fv2%2Fcategories&post=204"},{"taxonomy":"post_tag","embeddable":true,"href":"https:\/\/stansgar.katolsk.no\/index.php?rest_route=%2Fwp%2Fv2%2Ftags&post=204"}],"curies":[{"name":"wp","href":"https:\/\/api.w.org\/{rel}","templated":true}]}}