{"id":192,"date":"2017-08-18T14:14:00","date_gmt":"2017-08-18T12:14:00","guid":{"rendered":"http:\/\/stansgar.katolsk.no\/index.php\/2017\/08\/18\/nytt-om-messer-i-vestfylke\/"},"modified":"2018-10-12T09:12:21","modified_gmt":"2018-10-12T07:12:21","slug":"nytt-om-messer-i-vestfylke","status":"publish","type":"post","link":"https:\/\/stansgar.katolsk.no\/?p=192","title":{"rendered":"Nytt om messer i vestfylket."},"content":{"rendered":"<p><b>I det siste har det vist seg at det er langt flere aktive katolikker bosatt rundt og i Lyngdal enn i Farsund\/Listaomr\u00e5det. Derfor flyttes de faste m\u00e5nedlige l\u00f8rdagsmessene i h\u00f8st fra Farsund til Lyngdal. Katolikker i Farsund\/Listaomr\u00e5det som har problemer med \u00e5 komme seg til Lyngdal til messe bes om \u00e5 kontakte Elisabeth p\u00e5 telefon 97985890, s\u00e5 skal vi pr\u00f8ve og organisere transport.<\/b><br \/>\n<b><br \/><\/b><b><br \/><\/b><br \/>\n<b>Lyngdal:<\/b><br \/>\n&nbsp;Messe feires kl 14.00 i Lyngdal kirkesenter. Mulighet for skriftem\u00e5l fra klokken 13.30<\/p>\n<p>L\u00f8rdag&nbsp;26.8<\/p>\n<div style=\"background-color: white; color: #222222;\">\nL\u00f8rdag 30.9<\/div>\n<div style=\"background-color: white; color: #222222;\">\nL\u00f8rdag 14.10( p\u00e5 engelsk)<\/div>\n<div style=\"background-color: white; color: #222222;\">\nL\u00f8rdag 28.10<\/div>\n<div style=\"background-color: white; color: #222222;\">\nL\u00f8rdag 25.11<\/div>\n<div style=\"background-color: white; color: #222222;\">\nTirsdag 26.12(2. juledag)<\/div>\n<div style=\"background-color: white; color: #222222;\">\n<\/div>\n<p><b><br \/><\/b><b>Flekkefjord:<\/b><br \/>\nMesse feires i velferdsstuen i Nygaten 7(ved Politistasjonen) kl. 17.00. Mulighet for skriftem\u00e5l fra klokken 16.30:<\/p>\n<p>L\u00f8rdag&nbsp;26.8<\/p>\n<div style=\"background-color: white; color: #222222;\">\nL\u00f8rdag 30.9<\/div>\n<div style=\"background-color: white; color: #222222;\">\nL\u00f8rdag 14.10( p\u00e5 engelsk)<\/div>\n<div style=\"background-color: white; color: #222222;\">\nL\u00f8rdag 28.10<\/div>\n<div style=\"background-color: white; color: #222222;\">\nL\u00f8rdag 25.11<\/div>\n<p>Tirsdag 26.12(2. juledag)&nbsp;<\/p>\n<p><b>Mandal:<\/b><br \/>\nP\u00e5 grunn av sogneprestens permisjon blir det endring av messdag i Mandal. I h\u00f8st feires det messe l\u00f8rdag kl. 15.00, vanligvis tredje l\u00f8rdag i m\u00e5neden. F\u00f8rste messe blir l\u00f8rdag 23.9<\/p>\n<div>\n<\/div>\n","protected":false},"excerpt":{"rendered":"<p>I det siste har det vist seg at det er langt flere aktive katolikker bosatt rundt og i Lyngdal enn i Farsund\/Listaomr\u00e5det. Derfor flyttes de faste m\u00e5nedlige l\u00f8rdagsmessene i h\u00f8st fra Farsund til Lyngdal. Katolikker i Farsund\/Listaomr\u00e5det som har problemer&#8230;<br \/><a class=\"read-more-button\" href=\"https:\/\/stansgar.katolsk.no\/?p=192\">Read more<\/a><\/p>\n","protected":false},"author":3,"featured_media":0,"comment_status":"open","ping_status":"open","sticky":false,"template":"","format":"standard","meta":{"footnotes":""},"categories":[1],"tags":[55,18,19,23,41],"class_list":["post-192","post","type-post","status-publish","format-standard","hentry","category-ukategorisert","tag-farsund","tag-flekkefjord","tag-lyngdal","tag-mandal","tag-stella-maris"],"_links":{"self":[{"href":"https:\/\/stansgar.katolsk.no\/index.php?rest_route=\/wp\/v2\/posts\/192","targetHints":{"allow":["GET"]}}],"collection":[{"href":"https:\/\/stansgar.katolsk.no\/index.php?rest_route=\/wp\/v2\/posts"}],"about":[{"href":"https:\/\/stansgar.katolsk.no\/index.php?rest_route=\/wp\/v2\/types\/post"}],"author":[{"embeddable":true,"href":"https:\/\/stansgar.katolsk.no\/index.php?rest_route=\/wp\/v2\/users\/3"}],"replies":[{"embeddable":true,"href":"https:\/\/stansgar.katolsk.no\/index.php?rest_route=%2Fwp%2Fv2%2Fcomments&post=192"}],"version-history":[{"count":1,"href":"https:\/\/stansgar.katolsk.no\/index.php?rest_route=\/wp\/v2\/posts\/192\/revisions"}],"predecessor-version":[{"id":1774,"href":"https:\/\/stansgar.katolsk.no\/index.php?rest_route=\/wp\/v2\/posts\/192\/revisions\/1774"}],"wp:attachment":[{"href":"https:\/\/stansgar.katolsk.no\/index.php?rest_route=%2Fwp%2Fv2%2Fmedia&parent=192"}],"wp:term":[{"taxonomy":"category","embeddable":true,"href":"https:\/\/stansgar.katolsk.no\/index.php?rest_route=%2Fwp%2Fv2%2Fcategories&post=192"},{"taxonomy":"post_tag","embeddable":true,"href":"https:\/\/stansgar.katolsk.no\/index.php?rest_route=%2Fwp%2Fv2%2Ftags&post=192"}],"curies":[{"name":"wp","href":"https:\/\/api.w.org\/{rel}","templated":true}]}}