{"id":189,"date":"2017-08-29T17:27:00","date_gmt":"2017-08-29T15:27:00","guid":{"rendered":"http:\/\/stansgar.katolsk.no\/index.php\/2017\/08\/29\/kunngjringer-sndag-27-august-2017\/"},"modified":"2018-10-12T09:12:21","modified_gmt":"2018-10-12T07:12:21","slug":"kunngjringer-sndag-27-august-2017","status":"publish","type":"post","link":"https:\/\/stansgar.katolsk.no\/?p=189","title":{"rendered":"KUNNGJ\u00d8RINGER S\u00d8NDAG 27. AUGUST 2017"},"content":{"rendered":"<div class=\"MsoNormal\" style=\"background-color: white; color: #222222; font-size: 12.8px;\">\n<\/div>\n<div class=\"MsoNormal\" style=\"background-color: white; color: #222222; font-size: 12.8px;\">\n<\/div>\n<div class=\"MsoNormal\" style=\"background-color: white; color: #222222; font-size: 12.8px;\">\n<\/div>\n<div class=\"MsoNormal\" style=\"background-color: white; color: #222222; font-size: 12.8px;\">\nDet er messe <b>tirsdag til fredag kl. 18.00<\/b><u><\/u><u><\/u><\/div>\n<div class=\"MsoNormal\" style=\"background-color: white; color: #222222; font-size: 12.8px;\">\n<\/div>\n<div class=\"MsoNormal\" style=\"background-color: white; color: #222222; font-size: 12.8px;\">\n<\/div>\n<div class=\"MsoNormal\" style=\"background-color: white; color: #222222; font-size: 12.8px;\">\n<b>Onsdag 30. august<\/b> er det skriftem\u00e5l og \u00f8velse for konfirmantene fra kl. 16.30<u><\/u><u><\/u><\/div>\n<div class=\"MsoNormal\" style=\"background-color: white; color: #222222; font-size: 12.8px;\">\n<\/div>\n<div class=\"MsoNormal\" style=\"background-color: white; color: #222222; font-size: 12.8px;\">\n<\/div>\n<div class=\"MsoNormal\" style=\"background-color: white; color: #222222; font-size: 12.8px;\">\n<b>Torsdag 31. august<\/b> er det messe kl. 11.00 og deretter h\u00f8stens f\u00f8rste formiddagstreff. Alle er hjertelig velkommen.<u><\/u><u><\/u><\/div>\n<div class=\"MsoNormal\" style=\"background-color: white; color: #222222; font-size: 12.8px;\">\n<b><br \/><\/b><\/div>\n<div class=\"MsoNormal\" style=\"background-color: white; color: #222222; font-size: 12.8px;\">\n<b>Fredag 1. september<\/b> er det sakramentstilbedelse fra kl. 17.00 og anledning til skriftem\u00e5l, messe kl. 18.00<\/div>\n<div class=\"MsoNormal\" style=\"background-color: white; color: #222222; font-size: 12.8px;\">\n<\/div>\n<div class=\"MsoNormal\" style=\"background-color: white; color: #222222; font-size: 12.8px;\">\n<b>L\u00f8rdag 2. september<\/b> blir det konfirmasjonsmesse kl. 11.00. Ingen messe kl. 13.00<u><\/u><u><\/u><\/div>\n<div class=\"MsoNormal\" style=\"background-color: white; color: #222222; font-size: 12.8px;\">\n<\/div>\n<div class=\"MsoNormal\" style=\"background-color: white; color: #222222; font-size: 12.8px;\">\n<b>Denne uken kommer v\u00e5r nye kapellan, pater Dawid Ban\u00e0s. Det blir messe p\u00e5 polsk l\u00f8rdag 2. september kl. 18.00<\/b><u><\/u><u><\/u><\/div>\n<div class=\"MsoNormal\" style=\"background-color: white; color: #222222; font-size: 12.8px;\">\n<\/div>\n<div class=\"MsoNormal\" style=\"background-color: white; color: #222222; font-size: 12.8px;\">\n<b>S\u00f8ndag 3. september<\/b> blir det messe p\u00e5 polsk kl. 09.15 og kirkekaffe etterp\u00e5 arrangert av St. Ansgar unge voksne gruppen.&nbsp; Det er messe p\u00e5 norsk kl. 11.00 og p\u00e5 vietnamesisk kl. 13.00.<u><\/u><u><\/u><\/div>\n<div class=\"MsoNormal\" style=\"background-color: white; color: #222222; font-size: 12.8px;\">\n<\/div>\n<div class=\"MsoNormal\" style=\"background-color: white; color: #222222; font-size: 12.8px;\">\n<b>Det blir dessverre slutt p\u00e5 messer s\u00f8ndag kl. 18.00. Senere vil det vurderes om de kan starte opp igjen. \u00c5rsaken er sogneprestens permisjon og p.Van og p. Dawids arbeidssituasjon. p. Dawid&nbsp; m\u00e5 holde messe p\u00e5 polsk i Arendal hver s\u00f8ndag ettermiddag og p. Van m\u00e5 ha messe 11 og 13 nesten hver s\u00f8ndag.<\/b><u><\/u><u><\/u><\/div>\n<div class=\"MsoNormal\" style=\"background-color: white; color: #222222; font-size: 12.8px;\">\n<\/div>\n<div class=\"MsoNormal\" style=\"background-color: white; color: #222222; font-size: 12.8px;\">\n<\/div>\n<div class=\"MsoNormal\" style=\"background-color: white; color: #222222; font-size: 12.8px;\">\n<b>Kor\u00f8velser<\/b> starter opp igjen tirsdag 29. august kl. 19, med \u00f8velser annenhver uke. Vi har plass til flere sangere, s\u00e6rlig herrestemmer.&nbsp;Hvis du liker \u00e5 synge og har lyst til \u00e5 begynne i koret, kan du henvende deg til pater Frode eller til&nbsp;kantor, Randi Birkeland.<\/div>\n","protected":false},"excerpt":{"rendered":"<p>Det er messe tirsdag til fredag kl. 18.00 Onsdag 30. august er det skriftem\u00e5l og \u00f8velse for konfirmantene fra kl. 16.30 Torsdag 31. august er det messe kl. 11.00 og deretter h\u00f8stens f\u00f8rste formiddagstreff. Alle er hjertelig velkommen. Fredag 1&#8230;.<br \/><a class=\"read-more-button\" href=\"https:\/\/stansgar.katolsk.no\/?p=189\">Read more<\/a><\/p>\n","protected":false},"author":3,"featured_media":0,"comment_status":"open","ping_status":"open","sticky":false,"template":"","format":"standard","meta":{"footnotes":""},"categories":[1],"tags":[3],"class_list":["post-189","post","type-post","status-publish","format-standard","hentry","category-ukategorisert","tag-kunngjoringer"],"_links":{"self":[{"href":"https:\/\/stansgar.katolsk.no\/index.php?rest_route=\/wp\/v2\/posts\/189","targetHints":{"allow":["GET"]}}],"collection":[{"href":"https:\/\/stansgar.katolsk.no\/index.php?rest_route=\/wp\/v2\/posts"}],"about":[{"href":"https:\/\/stansgar.katolsk.no\/index.php?rest_route=\/wp\/v2\/types\/post"}],"author":[{"embeddable":true,"href":"https:\/\/stansgar.katolsk.no\/index.php?rest_route=\/wp\/v2\/users\/3"}],"replies":[{"embeddable":true,"href":"https:\/\/stansgar.katolsk.no\/index.php?rest_route=%2Fwp%2Fv2%2Fcomments&post=189"}],"version-history":[{"count":1,"href":"https:\/\/stansgar.katolsk.no\/index.php?rest_route=\/wp\/v2\/posts\/189\/revisions"}],"predecessor-version":[{"id":1769,"href":"https:\/\/stansgar.katolsk.no\/index.php?rest_route=\/wp\/v2\/posts\/189\/revisions\/1769"}],"wp:attachment":[{"href":"https:\/\/stansgar.katolsk.no\/index.php?rest_route=%2Fwp%2Fv2%2Fmedia&parent=189"}],"wp:term":[{"taxonomy":"category","embeddable":true,"href":"https:\/\/stansgar.katolsk.no\/index.php?rest_route=%2Fwp%2Fv2%2Fcategories&post=189"},{"taxonomy":"post_tag","embeddable":true,"href":"https:\/\/stansgar.katolsk.no\/index.php?rest_route=%2Fwp%2Fv2%2Ftags&post=189"}],"curies":[{"name":"wp","href":"https:\/\/api.w.org\/{rel}","templated":true}]}}