{"id":188,"date":"2017-09-04T07:42:00","date_gmt":"2017-09-04T05:42:00","guid":{"rendered":"http:\/\/stansgar.katolsk.no\/index.php\/2017\/09\/04\/kunngjringer-sndag-3-september-2017\/"},"modified":"2018-10-12T09:12:21","modified_gmt":"2018-10-12T07:12:21","slug":"kunngjringer-sndag-3-september-2017","status":"publish","type":"post","link":"https:\/\/stansgar.katolsk.no\/?p=188","title":{"rendered":"KUNNGJ\u00d8RINGER S\u00d8NDAG 3. SEPTEMBER 2017"},"content":{"rendered":"<div class=\"MsoNormal\" style=\"background-color: white; color: #222222; font-size: 12.8px;\">\n<\/div>\n<div class=\"MsoNormal\" style=\"background-color: white; color: #222222; font-size: 12.8px;\">\n<\/div>\n<div class=\"MsoNormal\" style=\"background-color: white; color: #222222; font-size: 12.8px;\">\n<\/div>\n<div class=\"MsoNormal\" style=\"background-color: white; color: #222222; font-size: 12.8px;\">\nDet er messe<b> tirsdag til fredag kl. 18.00<\/b><u><\/u><u><\/u><\/div>\n<div class=\"MsoNormal\" style=\"background-color: white; color: #222222; font-size: 12.8px;\">\n<\/div>\n<div class=\"MsoNormal\" style=\"background-color: white; color: #222222; font-size: 12.8px;\">\n<\/div>\n<div class=\"MsoNormal\" style=\"background-color: white; color: #222222; font-size: 12.8px;\">\n<b>Onsdag 6. september<\/b> er det Maria-andakt p\u00e5 engelsk etter kveldsmessen. F\u00f8rst rosenkransb\u00f8nn, deretter noveneb\u00f8nn til V\u00e5r frue den evige hjelps mor.<u><\/u><u><\/u><\/div>\n<div class=\"MsoNormal\" style=\"background-color: white; color: #222222; font-size: 12.8px;\">\n<\/div>\n<div class=\"MsoNormal\" style=\"background-color: white; color: #222222; font-size: 12.8px;\">\n<\/div>\n<div class=\"MsoNormal\" style=\"background-color: white; color: #222222; font-size: 12.8px;\">\n<b>Torsdag 7. september<\/b> er det messe kl. 11.00 og formiddagstreff. Alle er hjertelig velkommen.<u><\/u><u><\/u><\/div>\n<div class=\"MsoNormal\" style=\"background-color: white; color: #222222; font-size: 12.8px;\">\n<\/div>\n<div class=\"MsoNormal\" style=\"background-color: white; color: #222222; font-size: 12.8px;\">\n<\/div>\n<div class=\"MsoNormal\" style=\"background-color: white; color: #222222; font-size: 12.8px;\">\n<b>L\u00f8rdag 9. september starter h\u00f8stens katekese<\/b>. Barn i 1. til 4. klasse m\u00f8ter kl. 10.00 og avslutter kl.14.00. Ungdom fra 5. klasse til 9. klasse m\u00f8ter kl. 13.00 og avslutter kl. 17.00.<u><\/u><u><\/u><\/div>\n<div class=\"MsoNormal\" style=\"background-color: white; color: #222222; font-size: 12.8px;\">\n<\/div>\n<div class=\"MsoNormal\" style=\"background-color: white; color: #222222; font-size: 12.8px;\">\n<b>I katelesen har vi mange frivillige som hjelper til. Likevel har vi dessverre ikke lykkes i \u00e5 finne en kateket for 4. klasse. Hvis noen er villige til \u00e5 stille opp eller vet om noen som kan, ta kontakt med katekesekoordinator Mona Jardim eller en av prestene snarest.<\/b><u><\/u><u><\/u><\/div>\n<div class=\"MsoNormal\" style=\"background-color: white; color: #222222; font-size: 12.8px;\">\n<\/div>\n<div class=\"MsoNormal\" style=\"background-color: white; color: #222222; font-size: 12.8px;\">\n<\/div>\n<div class=\"MsoNormal\" style=\"background-color: white; color: #222222; font-size: 12.8px;\">\n<b>Vi trenger ogs\u00e5 tre personer som kan hjelpe med \u00e5 forberede, servere og rydde etter matpausen med p\u00f8lser kl. 15.00 p\u00e5 katekesel\u00f8rdagene. Ta kontakt!<\/b><u><\/u><u><\/u><\/div>\n<div class=\"MsoNormal\" style=\"background-color: white; color: #222222; font-size: 12.8px;\">\n<\/div>\n<div class=\"MsoNormal\" style=\"background-color: white; color: #222222; font-size: 12.8px;\">\n<\/div>\n<div class=\"MsoNormal\" style=\"background-color: white; color: #222222; font-size: 12.8px;\">\n<b>L\u00f8rdag 9. september<\/b> er det messe p\u00e5 polsk kl. 18.00. Det vil v\u00e6re en slik messe hver l\u00f8rdag kveld.<u><\/u><u><\/u><\/div>\n<div class=\"MsoNormal\" style=\"background-color: white; color: #222222; font-size: 12.8px;\">\n<\/div>\n<div class=\"MsoNormal\" style=\"background-color: white; color: #222222; font-size: 12.8px;\">\n<\/div>\n<div class=\"MsoNormal\" style=\"background-color: white; color: #222222; font-size: 12.8px;\">\nForel\u00f8pig er det ingen messer p\u00e5 Stella Maris i Mandal. N\u00e6rmere informasjon kommer.<u><\/u><u><\/u><\/div>\n<div class=\"MsoNormal\" style=\"background-color: white; color: #222222; font-size: 12.8px;\">\n<\/div>\n<div class=\"MsoNormal\" style=\"background-color: white; color: #222222;\">\n<\/div>\n","protected":false},"excerpt":{"rendered":"<p>Det er messe tirsdag til fredag kl. 18.00 Onsdag 6. september er det Maria-andakt p\u00e5 engelsk etter kveldsmessen. F\u00f8rst rosenkransb\u00f8nn, deretter noveneb\u00f8nn til V\u00e5r frue den evige hjelps mor. Torsdag 7. september er det messe kl. 11.00 og formiddagstreff. Alle&#8230;<br \/><a class=\"read-more-button\" href=\"https:\/\/stansgar.katolsk.no\/?p=188\">Read more<\/a><\/p>\n","protected":false},"author":3,"featured_media":0,"comment_status":"open","ping_status":"open","sticky":false,"template":"","format":"standard","meta":{"footnotes":""},"categories":[1],"tags":[3],"class_list":["post-188","post","type-post","status-publish","format-standard","hentry","category-ukategorisert","tag-kunngjoringer"],"_links":{"self":[{"href":"https:\/\/stansgar.katolsk.no\/index.php?rest_route=\/wp\/v2\/posts\/188","targetHints":{"allow":["GET"]}}],"collection":[{"href":"https:\/\/stansgar.katolsk.no\/index.php?rest_route=\/wp\/v2\/posts"}],"about":[{"href":"https:\/\/stansgar.katolsk.no\/index.php?rest_route=\/wp\/v2\/types\/post"}],"author":[{"embeddable":true,"href":"https:\/\/stansgar.katolsk.no\/index.php?rest_route=\/wp\/v2\/users\/3"}],"replies":[{"embeddable":true,"href":"https:\/\/stansgar.katolsk.no\/index.php?rest_route=%2Fwp%2Fv2%2Fcomments&post=188"}],"version-history":[{"count":1,"href":"https:\/\/stansgar.katolsk.no\/index.php?rest_route=\/wp\/v2\/posts\/188\/revisions"}],"predecessor-version":[{"id":1768,"href":"https:\/\/stansgar.katolsk.no\/index.php?rest_route=\/wp\/v2\/posts\/188\/revisions\/1768"}],"wp:attachment":[{"href":"https:\/\/stansgar.katolsk.no\/index.php?rest_route=%2Fwp%2Fv2%2Fmedia&parent=188"}],"wp:term":[{"taxonomy":"category","embeddable":true,"href":"https:\/\/stansgar.katolsk.no\/index.php?rest_route=%2Fwp%2Fv2%2Fcategories&post=188"},{"taxonomy":"post_tag","embeddable":true,"href":"https:\/\/stansgar.katolsk.no\/index.php?rest_route=%2Fwp%2Fv2%2Ftags&post=188"}],"curies":[{"name":"wp","href":"https:\/\/api.w.org\/{rel}","templated":true}]}}