{"id":187,"date":"2017-09-11T21:28:00","date_gmt":"2017-09-11T19:28:00","guid":{"rendered":"http:\/\/stansgar.katolsk.no\/index.php\/2017\/09\/11\/oppdatert-katekeseinfo\/"},"modified":"2018-10-12T09:12:21","modified_gmt":"2018-10-12T07:12:21","slug":"oppdatert-katekeseinfo","status":"publish","type":"post","link":"https:\/\/stansgar.katolsk.no\/?p=187","title":{"rendered":"Oppdatert katekeseinfo"},"content":{"rendered":"<div class=\"Standard\" style=\"background: white; line-height: 150%; margin-bottom: .0001pt; margin-bottom: 0cm;\">\n<b><br \/>\nKatekese i St. Ansgar menighet 2017\/2018<\/b><b> <\/b><\/div>\n<div class=\"Standard\" style=\"background: white; line-height: 150%; margin-bottom: .0001pt; margin-bottom: 0cm;\">\n<b><br style=\"mso-special-character: line-break;\" \/><br \/>\n<br style=\"mso-special-character: line-break;\" \/><br \/>\n<\/b><\/div>\n<div class=\"MsoNormal\" style=\"line-height: 150%; margin-bottom: .0001pt; margin-bottom: 0cm; mso-layout-grid-align: none; text-autospace: none;\">\n<b>Velkommen<br \/>\ntil katekese l\u00f8rdag 9. september i menighetshuset \u00abKIGA\u00bb i <br \/>\nKongensgate 17!<\/b><\/div>\n<div class=\"MsoNormal\" style=\"line-height: 150%; margin-bottom: .0001pt; margin-bottom: 0cm; mso-layout-grid-align: none; text-autospace: none;\">\nKatekesen<br \/>\ner et tilbud om katolsk kristendomsundervisning for alle barn og ungdommer som<br \/>\ng\u00e5r i 1. \u2013 9. klasse. Her treffer barn og ungdommer andre katolske barn\/ungdommer<br \/>\nog l\u00e6rer om katolsk tro, fortellinger fra Bibelen, messens liturgi, kristne<br \/>\nsanger samt at de f\u00e5r en bedre forst\u00e5else av h\u00f8ytidene i l\u00f8pet av kirke\u00e5ret. Vi<br \/>\n\u00f8nsker \u00e5 skape et godt sosialt milj\u00f8 slik at barna f\u00f8ler seg som en del av<br \/>\nfellesskapet i menigheten. Katekesen st\u00f8tter foreldrene i \u00e5 gi en levende tro<br \/>\nvidere til barna og bidrar til at barna kan utvikle sin religi\u00f8se identitet i<br \/>\nden katolske troen. Foreldrene har hovedansvaret, slik de lovet det ved barnas<br \/>\nd\u00e5p. Ingen katekese i kirken kan erstatte et praktiserende hjem.<\/div>\n<div class=\"MsoNormal\" style=\"line-height: 150%; margin-bottom: .0001pt; margin-bottom: 0cm; mso-layout-grid-align: none; text-autospace: none;\">\n<\/div>\n<div class=\"MsoNormal\" style=\"line-height: 150%; margin-bottom: .0001pt; margin-bottom: 0cm; mso-layout-grid-align: none; text-autospace: none;\">\n<b style=\"mso-bidi-font-weight: normal;\">For 1. klasse til 9. klasse er katekesen p\u00e5 \u00e9n og<br \/>\nsamme l\u00f8rdag en gang i m\u00e5neden:<\/b><\/div>\n<div class=\"Standard\" style=\"background: white; line-height: 150%; margin-bottom: .0001pt; margin-bottom: 0cm;\">\n<br \/>\nDet er katekese p\u00e5 f\u00f8lgende l\u00f8rdager:<\/div>\n<div class=\"Standard\" style=\"background: white; line-height: 150%; margin-bottom: .0001pt; margin-bottom: 0cm;\">\n<b style=\"mso-bidi-font-weight: normal;\">H\u00f8sten 2017:<\/b> 9. september, 14. oktober, 11. november og 9. desember.<\/div>\n<div class=\"Standard\" style=\"background: white; line-height: 150%; margin-bottom: .0001pt; margin-bottom: 0cm;\">\n<b>V\u00e5ren 2018:<\/b> 13. januar, 10. februar, 10. mars,<br \/>\n14. april, 12. mai og 9. juni.<\/div>\n<div class=\"Standard\" style=\"background: white; line-height: 150%; margin-bottom: .0001pt; margin-bottom: 0cm;\">\n<\/div>\n<div class=\"Standard\" style=\"background: white; line-height: 150%; margin-bottom: .0001pt; margin-bottom: 0cm;\">\n<b>1.- 4. klasse&nbsp;<\/b>har katekese<b>&nbsp;klokken 10.00 &#8211; 14.00<\/b>.&nbsp;Barna f\u00e5r servert mat og drikke<br \/>\ni pausen. Barna har ikke lov til \u00e5 g\u00e5 ut i byen. Den f\u00f8rste katekesedagen m\u00f8ter<br \/>\nbarna og foreldrene til et foreldrem\u00f8te i Kiga kl. 10.00. <\/div>\n<div class=\"Standard\" style=\"background: white; line-height: 150%; margin-bottom: .0001pt; margin-bottom: 0cm;\">\n<\/div>\n<div class=\"Standard\" style=\"background: white; line-height: 150%; margin-bottom: .0001pt; margin-bottom: 0cm;\">\n<b>5. &#8211; 9. klasse&nbsp;<\/b>har katekese&nbsp;<b>klokken 13.00 &#8211; 17.00.&nbsp;<\/b>Mat og<br \/>\ndrikke serveres i pausen. Den f\u00f8rste katekesedagen blir det et m\u00f8te sammen med barn, ungdommer og foreldre i<br \/>\nKiga rett etter messen, ca. klokken 14.00.<\/div>\n<div class=\"Standard\" style=\"background: white; line-height: 150%; margin-bottom: .0001pt; margin-bottom: 0cm;\">\n<\/div>\n<div class=\"Standard\" style=\"background: white; line-height: 150%; margin-bottom: .0001pt; margin-bottom: 0cm;\">\n<b>Alle klassene deltar i en felles<br \/>\nmesse klokken 13.00 hver katekesel\u00f8rdag.<\/b><\/div>\n<div class=\"Standard\" style=\"background: white; line-height: 150%; margin-bottom: .0001pt; margin-bottom: 0cm;\">\nForeldre, s\u00f8sken og andre er<br \/>\nhjertelig velkommen til \u00e5 v\u00e6re med i denne messen! Messen er en viktig del av<br \/>\nv\u00e5rt liv som katolikker og er viktig i katekesen. Derfor ber vi om at barna og<br \/>\nungdommene deltar i <b style=\"mso-bidi-font-weight: normal;\"><i style=\"mso-bidi-font-style: normal;\">hele<\/i><\/b> messen.&nbsp; <\/div>\n<div class=\"Standard\" style=\"background: white; line-height: 150%; margin-bottom: .0001pt; margin-bottom: 0cm;\">\n<\/div>\n<div class=\"Standard\" style=\"background: white; line-height: 150%; margin-bottom: .0001pt; margin-bottom: 0cm;\">\nSammen med invitasjonsbrevet til<br \/>\n\u00e5rets katekese er det et innmeldingsskjema til katekesen. Ta med dette skjemaet<br \/>\nferdig utfylt til foreldrem\u00f8tet l\u00f8rdag 9. september.<\/div>\n<div class=\"Standard\" style=\"background: white; line-height: 150%; margin-bottom: .0001pt; margin-bottom: 0cm;\">\n<\/div>\n<div class=\"Standard\" style=\"background: white; line-height: 150%; margin-bottom: .0001pt; margin-bottom: 0cm;\">\n<b>Den 1.<br \/>\nHellige Kommunion blir l\u00f8rdag 2. juni 2018.<\/b><\/div>\n<div class=\"MsoNormal\" style=\"background: white; line-height: 150%; margin-bottom: .0001pt; margin-bottom: 0cm;\">\n<b>Det blir konfirmasjon l\u00f8rdag 1. september 2018.<\/b><\/div>\n<div class=\"MsoNormal\" style=\"background: white; line-height: 150%; margin-bottom: .0001pt; margin-bottom: 0cm;\">\n&nbsp;&nbsp;&nbsp;&nbsp;&nbsp;&nbsp;&nbsp;&nbsp;&nbsp;&nbsp;&nbsp; <\/div>\n<div class=\"MsoNormal\" style=\"background: white; line-height: 150%; margin-bottom: .0001pt; margin-bottom: 0cm;\">\nKontingent for katekesen er 350 kr pr<br \/>\nbarn (maks 700,- pr familie) fra 1. &#8211; 8. klasse.<\/div>\n<div class=\"MsoNormal\" style=\"background: white; line-height: 150%; margin-bottom: .0001pt; margin-bottom: 0cm;\">\nKontingent for konfirmasjonskatekesen i 9. klasse er kr<br \/>\n600 per konfirmant. Dette inkluderer konfirmanthelg p\u00e5 Stella Maris og utgifter<br \/>\np\u00e5 konfirmasjonsdagen. Kontingenten kan betales kontant<br \/>\neller med kort, evt. med nettbank til menighetens konto 3000.16.55864. Husk \u00e5 merke<br \/>\nbetalingen med katekese og barnets\/ungdommens navn og klasse.<\/div>\n<div class=\"MsoNormal\" style=\"background: white; line-height: 150%; margin-bottom: .0001pt; margin-bottom: 0cm;\">\n<\/div>\n<div class=\"MsoNormal\" style=\"background: white; line-height: 150%; margin-bottom: .0001pt; margin-bottom: 0cm;\">\n<\/div>\n<div class=\"MsoNormal\" style=\"background: white; line-height: 150%; margin-bottom: .0001pt; margin-bottom: 0cm;\">\n<\/div>\n<div class=\"MsoNormal\" style=\"background: white; line-height: 150%; margin-bottom: .0001pt; margin-bottom: 0cm;\">\n<\/div>\n<p><\/p>\n<div class=\"MsoNormal\">\n<\/div>\n","protected":false},"excerpt":{"rendered":"<p>Katekese i St. Ansgar menighet 2017\/2018 Velkommen til katekese l\u00f8rdag 9. september i menighetshuset \u00abKIGA\u00bb i Kongensgate 17! Katekesen er et tilbud om katolsk kristendomsundervisning for alle barn og ungdommer som g\u00e5r i 1. \u2013 9. klasse. Her treffer barn&#8230;<br \/><a class=\"read-more-button\" href=\"https:\/\/stansgar.katolsk.no\/?p=187\">Read more<\/a><\/p>\n","protected":false},"author":3,"featured_media":0,"comment_status":"open","ping_status":"open","sticky":false,"template":"","format":"standard","meta":{"footnotes":""},"categories":[1],"tags":[10],"class_list":["post-187","post","type-post","status-publish","format-standard","hentry","category-ukategorisert","tag-katekese"],"_links":{"self":[{"href":"https:\/\/stansgar.katolsk.no\/index.php?rest_route=\/wp\/v2\/posts\/187","targetHints":{"allow":["GET"]}}],"collection":[{"href":"https:\/\/stansgar.katolsk.no\/index.php?rest_route=\/wp\/v2\/posts"}],"about":[{"href":"https:\/\/stansgar.katolsk.no\/index.php?rest_route=\/wp\/v2\/types\/post"}],"author":[{"embeddable":true,"href":"https:\/\/stansgar.katolsk.no\/index.php?rest_route=\/wp\/v2\/users\/3"}],"replies":[{"embeddable":true,"href":"https:\/\/stansgar.katolsk.no\/index.php?rest_route=%2Fwp%2Fv2%2Fcomments&post=187"}],"version-history":[{"count":1,"href":"https:\/\/stansgar.katolsk.no\/index.php?rest_route=\/wp\/v2\/posts\/187\/revisions"}],"predecessor-version":[{"id":1767,"href":"https:\/\/stansgar.katolsk.no\/index.php?rest_route=\/wp\/v2\/posts\/187\/revisions\/1767"}],"wp:attachment":[{"href":"https:\/\/stansgar.katolsk.no\/index.php?rest_route=%2Fwp%2Fv2%2Fmedia&parent=187"}],"wp:term":[{"taxonomy":"category","embeddable":true,"href":"https:\/\/stansgar.katolsk.no\/index.php?rest_route=%2Fwp%2Fv2%2Fcategories&post=187"},{"taxonomy":"post_tag","embeddable":true,"href":"https:\/\/stansgar.katolsk.no\/index.php?rest_route=%2Fwp%2Fv2%2Ftags&post=187"}],"curies":[{"name":"wp","href":"https:\/\/api.w.org\/{rel}","templated":true}]}}