{"id":183,"date":"2017-09-21T10:33:00","date_gmt":"2017-09-21T08:33:00","guid":{"rendered":"http:\/\/stansgar.katolsk.no\/index.php\/2017\/09\/21\/kunngjringer-sndag-179\/"},"modified":"2018-10-12T09:12:21","modified_gmt":"2018-10-12T07:12:21","slug":"kunngjringer-sndag-179","status":"publish","type":"post","link":"https:\/\/stansgar.katolsk.no\/?p=183","title":{"rendered":"Kunngj\u00f8ringer s\u00f8ndag 17.9"},"content":{"rendered":"<p><br style=\"background-color: white; color: #222222; font-family: arial, sans-serif; font-size: 12.8px;\" \/><br style=\"background-color: white; color: #222222;\" \/><b>Fredag 22. september kl. 18.30<\/b> er det klart for h\u00f8stens f\u00f8rste juniorklubb. Alle fra 3. til 7. klasse er velkommen til hobbykativiteter og felleskap i KIGA.<br \/>\n<br style=\"background-color: white; color: #222222;\" \/><b>L\u00f8rdag 23. september kl. 11.00<\/b> er det messe p\u00e5 kroatisk<br \/>\n<br style=\"background-color: white;\" \/><b>L\u00f8rdag 23. september kl. 14.00<\/b> er det messe p\u00e5 engelsk (filippinsk)<br style=\"background-color: white; color: #222222;\" \/><b><br style=\"background-color: white; color: #222222;\" \/><\/b><b>L\u00f8rdag 23. september kl. 16.00<\/b> er det messe p\u00e5 fransk<br style=\"background-color: white; color: #222222;\" \/><br style=\"background-color: white; color: #222222;\" \/><b><br style=\"background-color: white; color: #222222;\" \/><\/b><b>L\u00f8rdag 23. september kl. 15.00 er det messe p\u00e5 Stella Maris i Mandal.&nbsp; NB! Merk ny dag og nytt tidspunkt!<\/b> Ogs\u00e5 i oktober, november og desember blir det messe p\u00e5 Stella Maris p\u00e5 den tredje l\u00f8rdagen i m\u00e5neden kl. 15.00. Messen<br style=\"background-color: white; color: #222222;\" \/>feires som s\u00f8ndagsmesse.<\/p>\n","protected":false},"excerpt":{"rendered":"<p>Fredag 22. september kl. 18.30 er det klart for h\u00f8stens f\u00f8rste juniorklubb. Alle fra 3. til 7. klasse er velkommen til hobbykativiteter og felleskap i KIGA. L\u00f8rdag 23. september kl. 11.00 er det messe p\u00e5 kroatisk L\u00f8rdag 23. september kl&#8230;.<br \/><a class=\"read-more-button\" href=\"https:\/\/stansgar.katolsk.no\/?p=183\">Read more<\/a><\/p>\n","protected":false},"author":3,"featured_media":0,"comment_status":"open","ping_status":"open","sticky":false,"template":"","format":"standard","meta":{"footnotes":""},"categories":[1],"tags":[3],"class_list":["post-183","post","type-post","status-publish","format-standard","hentry","category-ukategorisert","tag-kunngjoringer"],"_links":{"self":[{"href":"https:\/\/stansgar.katolsk.no\/index.php?rest_route=\/wp\/v2\/posts\/183","targetHints":{"allow":["GET"]}}],"collection":[{"href":"https:\/\/stansgar.katolsk.no\/index.php?rest_route=\/wp\/v2\/posts"}],"about":[{"href":"https:\/\/stansgar.katolsk.no\/index.php?rest_route=\/wp\/v2\/types\/post"}],"author":[{"embeddable":true,"href":"https:\/\/stansgar.katolsk.no\/index.php?rest_route=\/wp\/v2\/users\/3"}],"replies":[{"embeddable":true,"href":"https:\/\/stansgar.katolsk.no\/index.php?rest_route=%2Fwp%2Fv2%2Fcomments&post=183"}],"version-history":[{"count":1,"href":"https:\/\/stansgar.katolsk.no\/index.php?rest_route=\/wp\/v2\/posts\/183\/revisions"}],"predecessor-version":[{"id":1759,"href":"https:\/\/stansgar.katolsk.no\/index.php?rest_route=\/wp\/v2\/posts\/183\/revisions\/1759"}],"wp:attachment":[{"href":"https:\/\/stansgar.katolsk.no\/index.php?rest_route=%2Fwp%2Fv2%2Fmedia&parent=183"}],"wp:term":[{"taxonomy":"category","embeddable":true,"href":"https:\/\/stansgar.katolsk.no\/index.php?rest_route=%2Fwp%2Fv2%2Fcategories&post=183"},{"taxonomy":"post_tag","embeddable":true,"href":"https:\/\/stansgar.katolsk.no\/index.php?rest_route=%2Fwp%2Fv2%2Ftags&post=183"}],"curies":[{"name":"wp","href":"https:\/\/api.w.org\/{rel}","templated":true}]}}