{"id":181,"date":"2017-09-23T11:10:00","date_gmt":"2017-09-23T09:10:00","guid":{"rendered":"http:\/\/stansgar.katolsk.no\/index.php\/2017\/09\/23\/ogoszenia-duszpasterstwa-polskiego\/"},"modified":"2018-10-12T09:12:21","modified_gmt":"2018-10-12T07:12:21","slug":"ogoszenia-duszpasterstwa-polskiego","status":"publish","type":"post","link":"https:\/\/stansgar.katolsk.no\/?p=181","title":{"rendered":"Og\u0142oszenia duszpasterstwa polskiego"},"content":{"rendered":"<div class=\"separator\" style=\"clear: both; text-align: center;\">\n<a href=\"https:\/\/4.bp.blogspot.com\/-nU_jZRn3sJo\/WcZALL3Za-I\/AAAAAAAAFdk\/qAcQT1zPL-IxpCiFUFJfMgi_VXT1En0JACLcBGAs\/s1600\/polskflagg.png\" imageanchor=\"1\" style=\"clear: left; float: left; margin-bottom: 1em; margin-right: 1em;\"><img loading=\"lazy\" decoding=\"async\" border=\"0\" data-original-height=\"122\" data-original-width=\"203\" height=\"120\" src=\"http:\/\/stansgar.katolsk.no\/wp-content\/uploads\/2017\/09\/polskflagg.png\" width=\"200\" \/><\/a><\/div>\n<h1>\n<p>Og\u0142oszenia<br \/>\nduszpasterstwa polskiego <\/h1>\n<div class=\"MsoNormal\">\n<\/div>\n<div class=\"MsoNormal\">\nOd<br \/>\n1. wrze\u015bnia 2017 r. nowym duszpasterzem jest ks. Dawid Bana\u015b, kapelan parafii<br \/>\n\u015bw. Ansgara w Kristiansand i odpowiedzialny za polskie duszpasterstwo polskie w<br \/>\nparafii \u015bw. Franciszka Ksawerego w Arendal.<\/div>\n<div class=\"MsoNormal\">\nKontakt: +47 47978577, e-mail: dawid.banas@katolsk.no<\/div>\n<div class=\"separator\" style=\"clear: both; text-align: center;\">\n<a href=\"https:\/\/1.bp.blogspot.com\/-4h1Z7-CFiq4\/WcZATKkAgJI\/AAAAAAAAFdo\/LHS8B3nzLGkofUUEwxkj5HmCYcYxCALbACLcBGAs\/s1600\/pdawid.png\" imageanchor=\"1\" style=\"clear: right; float: right; margin-bottom: 1em; margin-left: 1em;\"><img loading=\"lazy\" decoding=\"async\" border=\"0\" data-original-height=\"272\" data-original-width=\"204\" height=\"200\" src=\"http:\/\/stansgar.katolsk.no\/wp-content\/uploads\/2017\/09\/pdawid.png\" width=\"150\" \/><\/a><\/div>\n<div class=\"MsoNormal\">\n<\/div>\n<div class=\"MsoNormal\">\n<\/div>\n<div style=\"border-bottom: solid #4472C4 1.0pt; border-left: none; border-right: none; border-top: solid #4472C4 1.0pt; margin-left: 43.2pt; margin-right: 43.2pt; mso-border-bottom-alt: solid #4472C4 .5pt; mso-border-bottom-themecolor: accent1; mso-border-bottom-themecolor: accent1; mso-border-top-alt: solid #4472C4 .5pt; mso-border-top-themecolor: accent1; mso-border-top-themecolor: accent1; mso-element: para-border-div; padding: 10.0pt 0cm 10.0pt 0cm;\">\n<div class=\"MsoIntenseQuote\" style=\"margin-bottom: 18.0pt; margin-left: 0cm; margin-right: 0cm; margin-top: 18.0pt;\">\nTygodniowy<br \/>\nplan pracy polskiego duszpasterza w parafiach Kristiansand* i Arendal*<\/div>\n<\/div>\n<div class=\"MsoNoSpacing\">\n<u>Wtorek <\/u>&nbsp;&nbsp;&nbsp;&nbsp;&nbsp;&nbsp;&nbsp; &nbsp;&nbsp;&nbsp;&nbsp;&nbsp;&nbsp;&nbsp;&nbsp;&nbsp;&nbsp;&nbsp; <i style=\"mso-bidi-font-style: normal;\">(Arendal)<\/i> &nbsp;&nbsp;&nbsp;&nbsp;&nbsp;&nbsp;&nbsp;14.00<br \/>\n-16.00 \u2013 biuro duszpasterstwa polskiego w Arendal<\/div>\n<div class=\"MsoNoSpacing\" style=\"margin-left: 70.8pt; text-indent: 35.4pt;\">\n<i style=\"mso-bidi-font-style: normal;\">(Arendal)<\/i> &nbsp;&nbsp;&nbsp;&nbsp;&nbsp;&nbsp;18.30<br \/>\nMsza \u015bw. w j\u0119z. norweskim<\/div>\n<div class=\"MsoNoSpacing\" style=\"margin-left: 106.2pt; text-indent: 35.4pt;\">\n<\/div>\n<div class=\"MsoNoSpacing\">\n<u>\u015aroda<\/u> &nbsp;&nbsp;&nbsp;&nbsp;&nbsp;&nbsp;&nbsp;&nbsp;&nbsp;&nbsp;&nbsp;&nbsp;&nbsp;&nbsp;&nbsp;&nbsp;&nbsp;&nbsp;&nbsp;&nbsp;&nbsp;&nbsp; <i style=\"mso-bidi-font-style: normal;\">(Kristiansand)<\/i> 12.00 \u2013 16.00 \u2013 biuro przy parafii \u015bw.<br \/>\nAnsgara<\/div>\n<div class=\"MsoNoSpacing\" style=\"margin-left: 70.8pt; text-indent: 35.4pt;\">\n<i style=\"mso-bidi-font-style: normal;\">(Kristiansand)<\/i> 18.00 \u2013 Msza \u015bw. w j\u0119z. norweskim <\/div>\n<div class=\"MsoNoSpacing\" style=\"margin-left: 106.2pt; text-indent: 35.4pt;\">\n<\/div>\n<div class=\"MsoNoSpacing\">\n<u>Czwartek<\/u>&nbsp;&nbsp;&nbsp;&nbsp;&nbsp;&nbsp;&nbsp;&nbsp;&nbsp;&nbsp;&nbsp;&nbsp;&nbsp;&nbsp;&nbsp;&nbsp; <i style=\"mso-bidi-font-style: normal;\">(Kristiansand)<\/i>  11.00 Msza<br \/>\n\u015bw. w j\u0119z. norweskim**<\/div>\n<div class=\"MsoNoSpacing\" style=\"margin-left: 141.6pt; text-indent: 35.4pt;\">\n11.30 lancz dla uczestnik\u00f3w mszy \u015bw.<\/div>\n<div class=\"MsoNoSpacing\" style=\"margin-left: 141.6pt; text-indent: 35.4pt;\">\n12.00 \u2013 16.00 biuro przy parafii \u015bw. Ansgara<\/div>\n<div class=\"MsoNormal\" style=\"margin-left: 70.8pt; text-indent: 35.4pt;\">\n<i style=\"mso-bidi-font-style: normal;\">(Kristiansand)<\/i> 18.00 \u2013 Msza \u015bw. w j\u0119z. norweskim**<\/div>\n<div class=\"MsoNormal\" style=\"margin-left: 177.2pt; text-indent: -177.2pt;\">\n<u>Pi\u0105tek<\/u>&nbsp;&nbsp;&nbsp;&nbsp;&nbsp;&nbsp;&nbsp;&nbsp;&nbsp;&nbsp;&nbsp;&nbsp;&nbsp;&nbsp;&nbsp;&nbsp;&nbsp;&nbsp;&nbsp;&nbsp;&nbsp; <i style=\"mso-bidi-font-style: normal;\">(Arendal)<\/i><a href=\"https:\/\/www.blogger.com\/null\" name=\"_Hlk493324585\"> &nbsp;&nbsp;&nbsp;&nbsp;&nbsp;&nbsp;&nbsp;18.00 okazja do spowiedzi \u015bw.<br \/>\n18.30 Msza \u015bw. w j\u0119z. polskim<br \/>\n19.00 Nabo\u017ce\u0144stwo\/katecheza <\/a><\/div>\n<div class=\"MsoNoSpacing\">\n<u>Sobota<\/u>&nbsp;&nbsp;&nbsp;&nbsp;&nbsp;&nbsp;&nbsp;&nbsp;&nbsp;&nbsp;&nbsp;&nbsp;&nbsp;&nbsp;&nbsp;&nbsp;&nbsp;&nbsp;&nbsp;&nbsp;&nbsp; (Kristiansand)&nbsp;&nbsp;&nbsp;&nbsp;&nbsp;&nbsp;&nbsp;&nbsp; <i style=\"mso-bidi-font-style: normal;\">2.<br \/>\nSoboty miesi\u0105ca (w ramach katechezy parafialnej)<\/i><i style=\"mso-bidi-font-style: normal;\"><\/i><\/div>\n<div class=\"MsoNoSpacing\" style=\"margin-left: 177.0pt;\">\n<i style=\"mso-bidi-font-style: normal;\">10.00 \u2013 14.00 Katecheza dla<br \/>\ndzieci przygotowuj\u0105cych si\u0119 do przyj\u0119cia <br \/>\nI Komunii \u015bw. w Polsce lub nie m\u00f3wi\u0105cych w j\u0119z, norweskim<\/i><i style=\"mso-bidi-font-style: normal;\">. <\/i><\/div>\n<div class=\"MsoNoSpacing\" style=\"margin-left: 70.8pt; text-indent: 35.4pt;\">\n<i style=\"mso-bidi-font-style: normal;\">(Kristiansand)<\/i> &nbsp;&nbsp;&nbsp;&nbsp;&nbsp;&nbsp;&nbsp;&nbsp;&nbsp;&nbsp; 17.30<br \/>\nokazja do spowiedzi \u015bw.<\/div>\n<div class=\"MsoNoSpacing\" style=\"margin-left: 177.0pt;\">\n18.00 Msza \u015bw. w j\u0119z. polskim (z formularza<br \/>\nniedzielnego)<\/div>\n<div class=\"MsoNoSpacing\" style=\"margin-left: 141.6pt; text-indent: 35.4pt;\">\n19.00 Nabo\u017ce\u0144stwo\/katecheza<\/div>\n<div class=\"MsoNoSpacing\" style=\"margin-left: 177.0pt; text-indent: 35.4pt;\">\n<\/div>\n<div class=\"MsoNoSpacing\">\n<u>Niedziela <\/u>&nbsp;&nbsp;&nbsp;&nbsp;&nbsp;&nbsp;&nbsp;&nbsp;&nbsp;&nbsp;&nbsp;&nbsp;&nbsp;&nbsp;&nbsp;&nbsp; (Kristiansand)&nbsp;&nbsp;&nbsp;&nbsp;&nbsp;&nbsp;&nbsp;&nbsp;  8.45<br \/>\nokazja do spowiedzi \u015bw.<\/div>\n<div class=\"MsoNoSpacing\" style=\"margin-left: 141.6pt; text-indent: 35.4pt;\">\n9.15 \u2013 Msza \u015bw. w j\u0119z. polskim (w 1. niedz. miesi\u0105ca Kirkekeffe)<\/div>\n<div class=\"MsoNoSpacing\" style=\"margin-left: 106.2pt;\">\n(Arendal)&nbsp;&nbsp;&nbsp;&nbsp;&nbsp; 13.00 okazja do spowiedzi \u015bw.<\/div>\n<div class=\"MsoNoSpacing\" style=\"margin-left: 141.6pt; text-indent: 35.4pt;\">\n13.30 Msza \u015bw. w j\u0119z. polskim (w 1. i 3. niedz. miesi\u0105ca Kirkekaffe)<\/div>\n<div class=\"MsoNoSpacing\">\n<\/div>\n<div class=\"MsoNoSpacing\">\nPoza wyznaczonymi<br \/>\ngodzinami zawsze mo\u017cna um\u00f3wi\u0107 si\u0119 na indywidualn\u0105 rozmow\u0119 zar\u00f3wno w<br \/>\nKristiansand <br \/>\ni w Arendal (najlepiej w dniach, w kt\u00f3rych duszpasterz jest na terenie danej<br \/>\nparafii)<\/div>\n<div class=\"MsoNormal\">\n&#8212;&#8212;&#8212;&#8212;&#8212;&#8212;&#8212;&#8212;&#8212;&#8212;&#8212;&#8212;&#8212;&#8212;&#8212;&#8212;&#8212;&#8212;&#8212;&#8212;&#8212;&#8212;&#8212;&#8212;&#8212;&#8212;&#8212;&#8212;&#8212;&#8212;&#8212;&#8212;&#8212;&#8212;&#8212;&#8212;&#8212;&#8212;<\/div>\n<div class=\"MsoNormal\">\n*) Adresy parafii: <b>St. Ansgar kirke &#8211; <\/b><a href=\"http:\/\/www.katolsk.no\/organisasjon\/kart?PN\" title=\"Kart\">Kirkegata<br \/>\n3<\/a>, 4610 Kristiansand<br \/>\n<b style=\"mso-bidi-font-weight: normal;\">St. Franciskus Xaverius kirke<\/b> &#8211; <a href=\"http:\/\/www.katolsk.no\/organisasjon\/kart?PC\" title=\"Kart\">Kirkebakken<br \/>\n19<\/a>, 4836 Arendal<\/div>\n<div class=\"MsoNoSpacing\">\n<\/div>\n<p><\/p>\n<div class=\"MsoNoSpacing\">\n**) w czwartki polski duszpasterz odprawia<br \/>\nmsze albo o 11.00 albo o 18.00 w zale\u017cno\u015bci od ustalenia z innymi kap\u0142anami.<br \/>\nZawsze jednak jest dost\u0119pny w tych terminach<\/div>\n","protected":false},"excerpt":{"rendered":"<p>Og\u0142oszenia duszpasterstwa polskiego Od 1. wrze\u015bnia 2017 r. nowym duszpasterzem jest ks. Dawid Bana\u015b, kapelan parafii \u015bw. Ansgara w Kristiansand i odpowiedzialny za polskie duszpasterstwo polskie w parafii \u015bw. Franciszka Ksawerego w Arendal. Kontakt: +47 47978577, e-mail: dawid.banas@katolsk.no Tygodniowy plan&#8230;<br \/><a class=\"read-more-button\" href=\"https:\/\/stansgar.katolsk.no\/?p=181\">Read more<\/a><\/p>\n","protected":false},"author":3,"featured_media":1755,"comment_status":"open","ping_status":"open","sticky":false,"template":"","format":"standard","meta":{"footnotes":""},"categories":[1],"tags":[15],"class_list":["post-181","post","type-post","status-publish","format-standard","has-post-thumbnail","hentry","category-ukategorisert","tag-polsk"],"_links":{"self":[{"href":"https:\/\/stansgar.katolsk.no\/index.php?rest_route=\/wp\/v2\/posts\/181","targetHints":{"allow":["GET"]}}],"collection":[{"href":"https:\/\/stansgar.katolsk.no\/index.php?rest_route=\/wp\/v2\/posts"}],"about":[{"href":"https:\/\/stansgar.katolsk.no\/index.php?rest_route=\/wp\/v2\/types\/post"}],"author":[{"embeddable":true,"href":"https:\/\/stansgar.katolsk.no\/index.php?rest_route=\/wp\/v2\/users\/3"}],"replies":[{"embeddable":true,"href":"https:\/\/stansgar.katolsk.no\/index.php?rest_route=%2Fwp%2Fv2%2Fcomments&post=181"}],"version-history":[{"count":1,"href":"https:\/\/stansgar.katolsk.no\/index.php?rest_route=\/wp\/v2\/posts\/181\/revisions"}],"predecessor-version":[{"id":1757,"href":"https:\/\/stansgar.katolsk.no\/index.php?rest_route=\/wp\/v2\/posts\/181\/revisions\/1757"}],"wp:featuredmedia":[{"embeddable":true,"href":"https:\/\/stansgar.katolsk.no\/index.php?rest_route=\/wp\/v2\/media\/1755"}],"wp:attachment":[{"href":"https:\/\/stansgar.katolsk.no\/index.php?rest_route=%2Fwp%2Fv2%2Fmedia&parent=181"}],"wp:term":[{"taxonomy":"category","embeddable":true,"href":"https:\/\/stansgar.katolsk.no\/index.php?rest_route=%2Fwp%2Fv2%2Fcategories&post=181"},{"taxonomy":"post_tag","embeddable":true,"href":"https:\/\/stansgar.katolsk.no\/index.php?rest_route=%2Fwp%2Fv2%2Ftags&post=181"}],"curies":[{"name":"wp","href":"https:\/\/api.w.org\/{rel}","templated":true}]}}