{"id":179,"date":"2017-10-01T22:15:00","date_gmt":"2017-10-01T20:15:00","guid":{"rendered":"http:\/\/stansgar.katolsk.no\/index.php\/2017\/10\/01\/kunngjringer-sndag-110\/"},"modified":"2018-10-12T09:12:21","modified_gmt":"2018-10-12T07:12:21","slug":"kunngjringer-sndag-110","status":"publish","type":"post","link":"https:\/\/stansgar.katolsk.no\/?p=179","title":{"rendered":"Kunngj\u00f8ringer s\u00f8ndag 1.10"},"content":{"rendered":"<div class=\"separator\" style=\"clear: both; text-align: center;\">\n<a href=\"http:\/\/stansgar.katolsk.no\/wp-content\/uploads\/2017\/10\/stansgar-4.png\" imageanchor=\"1\" style=\"clear: left; float: left; margin-bottom: 1em; margin-right: 1em;\"><img decoding=\"async\" border=\"0\" data-original-height=\"150\" data-original-width=\"113\" src=\"http:\/\/stansgar.katolsk.no\/wp-content\/uploads\/2017\/10\/stansgar-4.png\" \/><\/a><\/div>\n<div align=\"left\" class=\"MsoNormal\" style=\"margin-bottom: .0001pt; margin: 0cm; tab-stops: 35.4pt; text-align: left;\">\n<b>&nbsp; St. Ansgar<br \/>\nmenighet<\/b><b><\/b><\/div>\n<div align=\"left\" class=\"MsoNormal\" style=\"margin-bottom: .0001pt; margin: 0cm; tab-stops: 35.4pt; text-align: left;\">\n<\/div>\n<div align=\"center\" class=\"MsoNormal\" style=\"margin-bottom: .0001pt; margin: 0cm; tab-stops: 35.4pt; text-align: center;\">\n<\/div>\n<div align=\"center\" class=\"MsoNormal\" style=\"margin-bottom: .0001pt; margin: 0cm; tab-stops: 35.4pt; text-align: center;\">\n<\/div>\n<div align=\"center\" class=\"MsoNormal\" style=\"margin-bottom: .0001pt; margin: 0cm; tab-stops: 35.4pt; text-align: center;\">\n<\/div>\n<div align=\"center\" class=\"MsoNormal\" style=\"margin-bottom: .0001pt; margin: 0cm; tab-stops: 35.4pt; text-align: center;\">\n<b>KUNNGJ\u00d8RINGER <\/b><\/div>\n<div align=\"center\" class=\"MsoNormal\" style=\"margin-bottom: .0001pt; margin: 0cm; tab-stops: 35.4pt; text-align: center;\">\n&nbsp;[01\/10 &#8211; 08\/10]<\/div>\n<div class=\"MsoNormalCxSpMiddle\">\n<\/div>\n<div class=\"MsoNormalCxSpMiddle\">\n* <b style=\"mso-bidi-font-weight: normal;\">S<\/b><b style=\"mso-bidi-font-weight: normal;\">\u00f8ndag 01\/10<br \/>\nkl. 15:00 <\/b>&#8211; messe etter kaldeisk<br \/>\nritus<\/div>\n<div class=\"MsoNormalCxSpMiddle\">\n<\/div>\n<div class=\"MsoNormalCxSpMiddle\">\n<i style=\"mso-bidi-font-style: normal;\">* <b style=\"mso-bidi-font-weight: normal;\">OBS!<\/b> <\/i><i style=\"mso-bidi-font-style: normal;\">Messene tirsdag (03\/10), onsdag (04\/10)<br \/>\nog torsdag (05\/10) i den kommende uken er dessverre avlyst, da prestene deltar<br \/>\np\u00e5 det \u00e5rlige prestem\u00f8te p\u00e5 Mariaholm.<\/i><\/div>\n<div class=\"MsoNormalCxSpMiddle\">\n<\/div>\n<div class=\"MsoNormalCxSpMiddle\">\n<\/div>\n<div class=\"MsoNormalCxSpMiddle\">\n<\/div>\n<div class=\"MsoNormalCxSpMiddle\">\n* <b style=\"mso-bidi-font-weight: normal;\">Fredag 06\/10<\/b>  kl. 17:00 &#8211; sakramentstilbedelse <\/div>\n<div class=\"MsoNormalCxSpMiddle\">\n&nbsp;&nbsp;&nbsp;&nbsp;&nbsp;&nbsp;&nbsp;&nbsp;&nbsp;&nbsp;&nbsp;&nbsp;&nbsp;&nbsp;&nbsp;&nbsp;&nbsp;&nbsp;&nbsp;&nbsp;&nbsp;&nbsp;&nbsp;&nbsp;&nbsp;&nbsp;&nbsp;&nbsp;&nbsp;&nbsp;&nbsp;&nbsp;&nbsp;&nbsp;&nbsp;&nbsp;&nbsp;&nbsp;&nbsp;&nbsp;&nbsp;&nbsp;&nbsp; og<br \/>\nanledning til skriftem\u00e5l. <\/div>\n<div class=\"MsoNormalCxSpMiddle\">\n&nbsp;&nbsp;&nbsp;&nbsp;&nbsp;&nbsp;&nbsp;&nbsp;&nbsp;&nbsp;&nbsp;&nbsp;&nbsp;&nbsp;&nbsp;&nbsp;&nbsp;&nbsp;&nbsp;&nbsp;&nbsp;&nbsp;&nbsp;&nbsp;&nbsp; kl.<br \/>\n18:00 &#8211; messe<\/div>\n<div class=\"MsoNormalCxSpMiddle\">\n&nbsp;&nbsp;&nbsp;&nbsp;&nbsp;&nbsp;&nbsp;&nbsp;&nbsp;&nbsp;&nbsp;&nbsp;&nbsp;&nbsp;&nbsp;&nbsp;&nbsp;&nbsp;&nbsp;&nbsp;&nbsp;&nbsp;&nbsp;&nbsp;&nbsp;&nbsp;&nbsp;&nbsp;&nbsp;&nbsp;&nbsp;&nbsp;&nbsp;&nbsp;&nbsp;&nbsp;&nbsp;&nbsp;&nbsp;&nbsp;&nbsp;&nbsp;&nbsp; etterfulgt<br \/>\nav rosenkransandakt <\/div>\n<div class=\"MsoNormalCxSpMiddle\">\n&nbsp;&nbsp;&nbsp;&nbsp;&nbsp;&nbsp;&nbsp;&nbsp;&nbsp;&nbsp;&nbsp;&nbsp;&nbsp;&nbsp;&nbsp;&nbsp;&nbsp;&nbsp;&nbsp;&nbsp;&nbsp;&nbsp;&nbsp;&nbsp;&nbsp;&nbsp;&nbsp;&nbsp;&nbsp;&nbsp;&nbsp;&nbsp;&nbsp;&nbsp;&nbsp;&nbsp;&nbsp;&nbsp;&nbsp;&nbsp;&nbsp;&nbsp;&nbsp; v\/<br \/>\nvietnamesiske gruppe <\/div>\n<div class=\"MsoNormalCxSpMiddle\">\n<\/div>\n<div class=\"MsoNormalCxSpMiddle\">\n* <b style=\"mso-bidi-font-weight: normal;\">L\u00f8rdag 07\/10<\/b> kl. 13:00 &#8211; messe <\/div>\n<div class=\"MsoNormalCxSpMiddle\">\n&nbsp;&nbsp;&nbsp;&nbsp;&nbsp;&nbsp;&nbsp;&nbsp;&nbsp;&nbsp;&nbsp;&nbsp;&nbsp;&nbsp;&nbsp;&nbsp;&nbsp;&nbsp;&nbsp;&nbsp;&nbsp;&nbsp;&nbsp;&nbsp;&nbsp; kl.<br \/>\n18:00 &#8211; messe p\u00e5 polsk<\/div>\n<div class=\"MsoNormalCxSpMiddle\">\n<\/div>\n<div class=\"MsoNormalCxSpMiddle\">\n* <b style=\"mso-bidi-font-weight: normal;\">S\u00f8ndag 08\/10<\/b> kl. 09:15 &#8211; messe p\u00e5 polsk<\/div>\n<div class=\"MsoNormalCxSpMiddle\">\n&nbsp;&nbsp;&nbsp;&nbsp;&nbsp;&nbsp;&nbsp;&nbsp;&nbsp;&nbsp;&nbsp;&nbsp;&nbsp;&nbsp;&nbsp;&nbsp;&nbsp;&nbsp;&nbsp;&nbsp;&nbsp;&nbsp;&nbsp;&nbsp;&nbsp; kl. 11:00 &#8211; h\u00f8ymesse <\/div>\n<div class=\"MsoNormalCxSpMiddle\">\n&nbsp;&nbsp;&nbsp;&nbsp;&nbsp;&nbsp;&nbsp;&nbsp;&nbsp;&nbsp;&nbsp;&nbsp;&nbsp;&nbsp;&nbsp;&nbsp;&nbsp;&nbsp;&nbsp;&nbsp;&nbsp;&nbsp;&nbsp;&nbsp;&nbsp; kl. 13:00 &#8211; messe p\u00e5<br \/>\nvietnamesisk<\/div>\n<div class=\"MsoNormalCxSpMiddle\">\n&nbsp;&nbsp;&nbsp;&nbsp;&nbsp;&nbsp;&nbsp;&nbsp;&nbsp;&nbsp;&nbsp;&nbsp;&nbsp;&nbsp;&nbsp;&nbsp;&nbsp;&nbsp;&nbsp;&nbsp;&nbsp;&nbsp;&nbsp;&nbsp;&nbsp; <\/div>\n<div class=\"MsoNormalCxSpMiddle\">\n<\/div>\n<div class=\"MsoNormalCxSpMiddle\">\n<\/div>\n<div align=\"center\" class=\"MsoNormalCxSpMiddle\" style=\"text-align: center;\">\n<b style=\"mso-bidi-font-weight: normal;\">Alle er<br \/>\nhjertelig velkommen til kirkekaffe!<\/b><\/div>\n<div align=\"center\" class=\"MsoNormalCxSpMiddle\" style=\"text-align: center;\">\n<\/div>\n<p><\/p>\n<div align=\"center\" class=\"MsoNormalCxSpMiddle\" style=\"text-align: center;\">\n<b style=\"mso-bidi-font-weight: normal;\">Ha en riktig<br \/>\ngod s\u00f8ndag!<\/b><\/div>\n","protected":false},"excerpt":{"rendered":"<p>&nbsp; St. Ansgar menighet KUNNGJ\u00d8RINGER &nbsp;[01\/10 &#8211; 08\/10] * S\u00f8ndag 01\/10 kl. 15:00 &#8211; messe etter kaldeisk ritus * OBS! Messene tirsdag (03\/10), onsdag (04\/10) og torsdag (05\/10) i den kommende uken er dessverre avlyst, da prestene deltar p\u00e5 det&#8230;<br \/><a class=\"read-more-button\" href=\"https:\/\/stansgar.katolsk.no\/?p=179\">Read more<\/a><\/p>\n","protected":false},"author":3,"featured_media":1752,"comment_status":"open","ping_status":"open","sticky":false,"template":"","format":"standard","meta":{"footnotes":""},"categories":[1],"tags":[3],"class_list":["post-179","post","type-post","status-publish","format-standard","has-post-thumbnail","hentry","category-ukategorisert","tag-kunngjoringer"],"_links":{"self":[{"href":"https:\/\/stansgar.katolsk.no\/index.php?rest_route=\/wp\/v2\/posts\/179","targetHints":{"allow":["GET"]}}],"collection":[{"href":"https:\/\/stansgar.katolsk.no\/index.php?rest_route=\/wp\/v2\/posts"}],"about":[{"href":"https:\/\/stansgar.katolsk.no\/index.php?rest_route=\/wp\/v2\/types\/post"}],"author":[{"embeddable":true,"href":"https:\/\/stansgar.katolsk.no\/index.php?rest_route=\/wp\/v2\/users\/3"}],"replies":[{"embeddable":true,"href":"https:\/\/stansgar.katolsk.no\/index.php?rest_route=%2Fwp%2Fv2%2Fcomments&post=179"}],"version-history":[{"count":1,"href":"https:\/\/stansgar.katolsk.no\/index.php?rest_route=\/wp\/v2\/posts\/179\/revisions"}],"predecessor-version":[{"id":1753,"href":"https:\/\/stansgar.katolsk.no\/index.php?rest_route=\/wp\/v2\/posts\/179\/revisions\/1753"}],"wp:featuredmedia":[{"embeddable":true,"href":"https:\/\/stansgar.katolsk.no\/index.php?rest_route=\/wp\/v2\/media\/1752"}],"wp:attachment":[{"href":"https:\/\/stansgar.katolsk.no\/index.php?rest_route=%2Fwp%2Fv2%2Fmedia&parent=179"}],"wp:term":[{"taxonomy":"category","embeddable":true,"href":"https:\/\/stansgar.katolsk.no\/index.php?rest_route=%2Fwp%2Fv2%2Fcategories&post=179"},{"taxonomy":"post_tag","embeddable":true,"href":"https:\/\/stansgar.katolsk.no\/index.php?rest_route=%2Fwp%2Fv2%2Ftags&post=179"}],"curies":[{"name":"wp","href":"https:\/\/api.w.org\/{rel}","templated":true}]}}