{"id":168,"date":"2017-10-29T16:51:00","date_gmt":"2017-10-29T15:51:00","guid":{"rendered":"http:\/\/stansgar.katolsk.no\/index.php\/2017\/10\/29\/kunngjringer-sndag-29-oktober\/"},"modified":"2018-10-12T09:12:19","modified_gmt":"2018-10-12T07:12:19","slug":"kunngjringer-sndag-29-oktober","status":"publish","type":"post","link":"https:\/\/stansgar.katolsk.no\/?p=168","title":{"rendered":"Kunngj\u00f8ringer s\u00f8ndag 29. oktober"},"content":{"rendered":"<div class=\"separator\" style=\"clear: both; text-align: center;\">\n<a href=\"http:\/\/stansgar.katolsk.no\/wp-content\/uploads\/2017\/10\/stansgar.png\" imageanchor=\"1\" style=\"margin-left: 1em; margin-right: 1em;\"><img decoding=\"async\" border=\"0\" data-original-height=\"150\" data-original-width=\"113\" src=\"http:\/\/stansgar.katolsk.no\/wp-content\/uploads\/2017\/10\/stansgar.png\" \/><\/a><\/div>\n<div align=\"center\" class=\"MsoNormal\" style=\"margin-bottom: .0001pt; margin: 0cm; tab-stops: 35.4pt; text-align: center;\">\n<b><\/b><\/div>\n<div align=\"center\" class=\"MsoNormal\" style=\"margin-bottom: .0001pt; margin: 0cm; tab-stops: 35.4pt; text-align: center;\">\n<b>St.<br \/>\nAnsgar menighet<\/b><b><\/b><\/div>\n<div align=\"center\" class=\"MsoNormal\" style=\"margin-bottom: .0001pt; margin: 0cm; tab-stops: 35.4pt; text-align: center;\">\n<\/div>\n<div align=\"center\" class=\"MsoNormal\" style=\"margin-bottom: .0001pt; margin: 0cm; tab-stops: 35.4pt; text-align: center;\">\n<b>KUNNGJ\u00d8RING <\/b><\/div>\n<div align=\"left\" class=\"MsoNormalCxSpMiddle\" style=\"text-align: left;\">\n<\/div>\n<div class=\"MsoNormalCxSpMiddle\">\n<\/div>\n<div class=\"MsoNormalCxSpMiddle\">\n<\/div>\n<div class=\"MsoNormalCxSpMiddle\">\n<b style=\"mso-bidi-font-weight: normal;\">Tirsdag 31\/10&nbsp;&nbsp;&nbsp;&nbsp;&nbsp;<br \/>\n<\/b>kl. 18:00&nbsp;&nbsp;&nbsp; Messe <\/div>\n<div class=\"MsoNormalCxSpMiddle\">\n<i style=\"mso-bidi-font-style: normal;\">&nbsp;&nbsp;&nbsp;&nbsp;&nbsp;&nbsp;&nbsp;&nbsp; <\/i>&nbsp;<i style=\"mso-bidi-font-style: normal;\">&nbsp;&nbsp;&nbsp;&nbsp;&nbsp;&nbsp;&nbsp;&nbsp;&nbsp;&nbsp;&nbsp;&nbsp;&nbsp;&nbsp;&nbsp;&nbsp;&nbsp;&nbsp;&nbsp;&nbsp;&nbsp;&nbsp;&nbsp;&nbsp;&nbsp;&nbsp;&nbsp;&nbsp;&nbsp;&nbsp;&nbsp;&nbsp;&nbsp; etterfulgt<br \/>\nav <\/i><i style=\"mso-bidi-font-style: normal;\">sakramentstilbedelse<br \/>\n<\/i><\/div>\n<div class=\"MsoNormalCxSpMiddle\">\n<\/div>\n<div class=\"MsoNormalCxSpMiddle\">\n<b style=\"mso-bidi-font-weight: normal;\">Onsdag 01\/11&nbsp;&nbsp;&nbsp;&nbsp;&nbsp; <\/b>kl.<b style=\"mso-bidi-font-weight: normal;\"> <\/b>18:00&nbsp;&nbsp;&nbsp;&nbsp; Messe: <b style=\"mso-bidi-font-weight: normal;\">Allehelgensdag<\/b><\/div>\n<div class=\"MsoNormalCxSpMiddle\">\n<i style=\"mso-bidi-font-style: normal;\">&nbsp; &nbsp; &nbsp; &nbsp; &nbsp; &nbsp; &nbsp; &nbsp; &nbsp; &nbsp; &nbsp; &nbsp; &nbsp; &nbsp; &nbsp;kl.<br \/>\n19:30&nbsp;&nbsp;&nbsp;&nbsp; Messe p\u00e5 polsk <\/i><\/div>\n<div class=\"MsoNormalCxSpMiddle\">\n<\/div>\n<div class=\"MsoNormalCxSpMiddle\">\n<b style=\"mso-bidi-font-weight: normal;\">Torsdag 02\/11<\/b> &nbsp;&nbsp;&nbsp; Formiddagsmesse er avlyst!<\/div>\n<div class=\"MsoNormalCxSpMiddle\">\n&nbsp; &nbsp; &nbsp; &nbsp; &nbsp; &nbsp; &nbsp; &nbsp; &nbsp; &nbsp; &nbsp; &nbsp; &nbsp; &nbsp; &nbsp;kl. 18:00&nbsp;&nbsp;&nbsp;&nbsp; Messe: <b style=\"mso-bidi-font-weight: normal;\">Allesjelers<br \/>\ndag<i style=\"mso-bidi-font-style: normal;\"><\/i><\/b><\/div>\n<div class=\"MsoNormalCxSpMiddle\">\n<i style=\"mso-bidi-font-style: normal;\">&nbsp; &nbsp; &nbsp; &nbsp; &nbsp; &nbsp; &nbsp; &nbsp; &nbsp; &nbsp; &nbsp; &nbsp; &nbsp; &nbsp; &nbsp;kl.<br \/>\n19:30&nbsp;&nbsp;&nbsp;&nbsp; Messe p\u00e5 polsk<\/i><\/div>\n<div class=\"MsoNormalCxSpMiddle\">\n<\/div>\n<div class=\"MsoNormalCxSpMiddle\">\n<b style=\"mso-bidi-font-weight: normal;\">Fredag<br \/>\n03\/11<\/b> &nbsp;&nbsp;&nbsp;&nbsp;&nbsp; kl. 17:00 &nbsp;&nbsp;&nbsp; Sakramentstilbedelse og anledning til<br \/>\nskriftem\u00e5l <\/div>\n<div class=\"MsoNormalCxSpMiddle\">\n&nbsp;&nbsp;&nbsp;&nbsp;&nbsp;&nbsp;&nbsp;&nbsp; &nbsp;&nbsp; &nbsp; &nbsp; &nbsp; &nbsp; &nbsp; &nbsp; &nbsp; &nbsp; &nbsp;kl.<br \/>\n18:00&nbsp;&nbsp;&nbsp;&nbsp; Messe<\/div>\n<div class=\"MsoNormalCxSpMiddle\">\n&nbsp;&nbsp;&nbsp;&nbsp;&nbsp;&nbsp;&nbsp;&nbsp;&nbsp;&nbsp;&nbsp;&nbsp;&nbsp;&nbsp;&nbsp;&nbsp;&nbsp;&nbsp;&nbsp;&nbsp;&nbsp;&nbsp;&nbsp;&nbsp;&nbsp;&nbsp;&nbsp;&nbsp;&nbsp;&nbsp;&nbsp;&nbsp;&nbsp;&nbsp;&nbsp;&nbsp;&nbsp;&nbsp;&nbsp;&nbsp;&nbsp;&nbsp;&nbsp; &nbsp;&nbsp;&nbsp;&nbsp;&nbsp;&nbsp;&nbsp;&nbsp; &nbsp;<\/div>\n<div class=\"MsoNormalCxSpMiddle\">\n<b style=\"mso-bidi-font-weight: normal;\">L\u00f8rdag 04\/11<\/b>&nbsp;&nbsp;&nbsp;&nbsp;&nbsp;&nbsp; kl.<br \/>\n13:00&nbsp;&nbsp;&nbsp;&nbsp; Messe &nbsp;<\/div>\n<div class=\"MsoNormalCxSpMiddle\">\n<i style=\"mso-bidi-font-style: normal;\">&nbsp; &nbsp; &nbsp; &nbsp; &nbsp; &nbsp; &nbsp; &nbsp; &nbsp; &nbsp; &nbsp; &nbsp; &nbsp; &nbsp; &nbsp;&nbsp;kl.<br \/>\n16:00&nbsp;&nbsp;&nbsp;&nbsp; Messe p\u00e5 vietnamesisk<\/i><\/div>\n<div class=\"MsoNormalCxSpMiddle\">\n&nbsp; &nbsp; &nbsp; &nbsp; &nbsp; &nbsp; &nbsp; &nbsp; &nbsp; &nbsp; &nbsp; &nbsp; &nbsp; &nbsp; &nbsp;&nbsp;kl.<br \/>\n18:00&nbsp;&nbsp;&nbsp;&nbsp; Messe p\u00e5 <i style=\"mso-bidi-font-style: normal;\">polsk<\/i> &nbsp;<\/div>\n<div class=\"MsoNormalCxSpMiddle\">\n&nbsp;&nbsp;&nbsp;&nbsp;&nbsp;&nbsp;&nbsp;&nbsp;&nbsp;&nbsp;&nbsp;&nbsp;&nbsp;&nbsp;&nbsp;&nbsp;&nbsp;&nbsp;&nbsp;&nbsp;&nbsp;&nbsp;&nbsp;&nbsp;&nbsp; <\/div>\n<div class=\"MsoNormalCxSpMiddle\">\n<b style=\"mso-bidi-font-weight: normal;\">S\u00f8ndag 05\/11<\/b>&nbsp;&nbsp;&nbsp;&nbsp;&nbsp; kl.<br \/>\n09:15&nbsp;&nbsp;&nbsp;&nbsp; Messe p\u00e5 <i style=\"mso-bidi-font-style: normal;\">polsk<\/i> &nbsp;<\/div>\n<div class=\"MsoNormalCxSpMiddle\">\n<i style=\"mso-bidi-font-style: normal;\">&nbsp;&nbsp;&nbsp;&nbsp;&nbsp;&nbsp;&nbsp;&nbsp;&nbsp;&nbsp;&nbsp; <\/i>&nbsp; &nbsp; &nbsp; &nbsp; &nbsp; &nbsp; &nbsp; &nbsp; &nbsp; &nbsp;kl.<br \/>\n11:00&nbsp;&nbsp;&nbsp;&nbsp; H\u00f8ymesse &nbsp;<\/div>\n<div class=\"MsoNormalCxSpMiddle\">\n&nbsp; &nbsp; &nbsp; &nbsp; &nbsp; &nbsp; &nbsp; &nbsp; &nbsp; &nbsp; &nbsp; &nbsp; &nbsp; &nbsp; &nbsp;kl. 13:00&nbsp;&nbsp;&nbsp;&nbsp; Messe p\u00e5 <i style=\"mso-bidi-font-style: normal;\">vietnamesisk<\/i> &nbsp; &nbsp;&nbsp;&nbsp;&nbsp;&nbsp;&nbsp;&nbsp;&nbsp; <\/div>\n<div class=\"MsoNormalCxSpMiddle\">\n&nbsp; &nbsp; &nbsp; &nbsp; &nbsp; &nbsp; &nbsp; &nbsp; &nbsp; &nbsp; &nbsp; &nbsp; &nbsp; &nbsp; &nbsp;kl. 15:00&nbsp;&nbsp;&nbsp;&nbsp; Messe etter <i style=\"mso-bidi-font-style: normal;\">kaldeisk<\/i> ritus<\/div>\n<div class=\"MsoNormalCxSpMiddle\">\n<\/div>\n<div class=\"MsoNormalCxSpMiddle\">\n<\/div>\n<div class=\"MsoNormalCxSpMiddle\">\n<b style=\"mso-bidi-font-weight: normal;\">+<\/b><b style=\"mso-bidi-font-weight: normal;\"> <u>Andre<br \/>\nkunngj\u00f8ringer<\/u>:<\/b><\/div>\n<div class=\"MsoNormalCxSpMiddle\">\n<\/div>\n<div class=\"MsoNormalCxSpMiddle\">\n* Bilder<br \/>\nfra <b style=\"mso-bidi-font-weight: normal;\">konfirmasjonsmesse<\/b> 02\/09 i<br \/>\nUSB-minnepinne er n\u00e5 tilgjengelig og kan hentes i sakristiet etter messene.<\/div>\n<div class=\"MsoNormalCxSpMiddle\">\n* <b style=\"mso-bidi-font-weight: normal;\">SAUL<\/b> har aktiviteter fredag kl.<br \/>\n19:00-22:00 i Kiga.<\/div>\n<div class=\"MsoNormalCxSpMiddle\">\n* &laquo;Alle<br \/>\ni aldersgruppen 18-35 \u00e5r inviteres til m\u00f8te i <b style=\"mso-bidi-font-weight: normal;\">Unge voksne gruppen<\/b> neste s\u00f8ndag 05\/11 kl. 18:00 i Kiga menighetslokalet!<br \/>\nDet blir felles m\u00e5ltid samt sosialt samv\u00e6r. Vi vil ogs\u00e5 bes\u00f8ke kirkeg\u00e5rden for<br \/>\n\u00e5 tenne lys p\u00e5 menighetens prestegraver. Vel m\u00f8tt!&raquo;<b style=\"mso-bidi-font-weight: normal;\"><\/b><\/div>\n<div class=\"MsoNormalCxSpMiddle\">\n<\/div>\n<div class=\"MsoNormalCxSpMiddle\">\n<\/div>\n<div align=\"center\" class=\"MsoNormalCxSpMiddle\" style=\"text-align: center;\">\n<b style=\"mso-bidi-font-weight: normal;\"><i style=\"mso-bidi-font-style: normal;\">Alle er hjertelig velkommen til kirkekaffe!<\/i><\/b><\/div>\n<p><\/p>\n<div align=\"center\" class=\"MsoNormalCxSpMiddle\" style=\"text-align: center;\">\n<b style=\"mso-bidi-font-weight: normal;\">\u00d8nsker<br \/>\ndere en riktig god s\u00f8ndag!<\/b><\/div>\n","protected":false},"excerpt":{"rendered":"<p>St. Ansgar menighet KUNNGJ\u00d8RING Tirsdag 31\/10&nbsp;&nbsp;&nbsp;&nbsp;&nbsp; kl. 18:00&nbsp;&nbsp;&nbsp; Messe &nbsp;&nbsp;&nbsp;&nbsp;&nbsp;&nbsp;&nbsp;&nbsp; &nbsp;&nbsp;&nbsp;&nbsp;&nbsp;&nbsp;&nbsp;&nbsp;&nbsp;&nbsp;&nbsp;&nbsp;&nbsp;&nbsp;&nbsp;&nbsp;&nbsp;&nbsp;&nbsp;&nbsp;&nbsp;&nbsp;&nbsp;&nbsp;&nbsp;&nbsp;&nbsp;&nbsp;&nbsp;&nbsp;&nbsp;&nbsp;&nbsp;&nbsp; etterfulgt av sakramentstilbedelse Onsdag 01\/11&nbsp;&nbsp;&nbsp;&nbsp;&nbsp; kl. 18:00&nbsp;&nbsp;&nbsp;&nbsp; Messe: Allehelgensdag &nbsp; &nbsp; &nbsp; &nbsp; &nbsp; &nbsp; &nbsp; &nbsp; &nbsp; &nbsp; &nbsp; &nbsp; &nbsp; &nbsp; &nbsp;kl. 19:30&nbsp;&nbsp;&nbsp;&nbsp; Messe p\u00e5 polsk Torsdag&#8230;<br \/><a class=\"read-more-button\" href=\"https:\/\/stansgar.katolsk.no\/?p=168\">Read more<\/a><\/p>\n","protected":false},"author":3,"featured_media":1722,"comment_status":"open","ping_status":"open","sticky":false,"template":"","format":"standard","meta":{"footnotes":""},"categories":[1],"tags":[3],"class_list":["post-168","post","type-post","status-publish","format-standard","has-post-thumbnail","hentry","category-ukategorisert","tag-kunngjoringer"],"_links":{"self":[{"href":"https:\/\/stansgar.katolsk.no\/index.php?rest_route=\/wp\/v2\/posts\/168","targetHints":{"allow":["GET"]}}],"collection":[{"href":"https:\/\/stansgar.katolsk.no\/index.php?rest_route=\/wp\/v2\/posts"}],"about":[{"href":"https:\/\/stansgar.katolsk.no\/index.php?rest_route=\/wp\/v2\/types\/post"}],"author":[{"embeddable":true,"href":"https:\/\/stansgar.katolsk.no\/index.php?rest_route=\/wp\/v2\/users\/3"}],"replies":[{"embeddable":true,"href":"https:\/\/stansgar.katolsk.no\/index.php?rest_route=%2Fwp%2Fv2%2Fcomments&post=168"}],"version-history":[{"count":1,"href":"https:\/\/stansgar.katolsk.no\/index.php?rest_route=\/wp\/v2\/posts\/168\/revisions"}],"predecessor-version":[{"id":1723,"href":"https:\/\/stansgar.katolsk.no\/index.php?rest_route=\/wp\/v2\/posts\/168\/revisions\/1723"}],"wp:featuredmedia":[{"embeddable":true,"href":"https:\/\/stansgar.katolsk.no\/index.php?rest_route=\/wp\/v2\/media\/1722"}],"wp:attachment":[{"href":"https:\/\/stansgar.katolsk.no\/index.php?rest_route=%2Fwp%2Fv2%2Fmedia&parent=168"}],"wp:term":[{"taxonomy":"category","embeddable":true,"href":"https:\/\/stansgar.katolsk.no\/index.php?rest_route=%2Fwp%2Fv2%2Fcategories&post=168"},{"taxonomy":"post_tag","embeddable":true,"href":"https:\/\/stansgar.katolsk.no\/index.php?rest_route=%2Fwp%2Fv2%2Ftags&post=168"}],"curies":[{"name":"wp","href":"https:\/\/api.w.org\/{rel}","templated":true}]}}