{"id":165,"date":"2017-11-05T18:10:00","date_gmt":"2017-11-05T17:10:00","guid":{"rendered":"http:\/\/stansgar.katolsk.no\/index.php\/2017\/11\/05\/kunngjringer-sndag-5-november\/"},"modified":"2018-10-12T09:12:19","modified_gmt":"2018-10-12T07:12:19","slug":"kunngjringer-sndag-5-november","status":"publish","type":"post","link":"https:\/\/stansgar.katolsk.no\/?p=165","title":{"rendered":"Kunngj\u00f8ringer s\u00f8ndag 5. november"},"content":{"rendered":"<div class=\"separator\" style=\"clear: both; text-align: center;\">\n<a href=\"http:\/\/stansgar.katolsk.no\/wp-content\/uploads\/2017\/11\/stansgar-3.png\" imageanchor=\"1\" style=\"margin-left: 1em; margin-right: 1em;\"><img decoding=\"async\" border=\"0\" data-original-height=\"150\" data-original-width=\"113\" src=\"http:\/\/stansgar.katolsk.no\/wp-content\/uploads\/2017\/11\/stansgar-3.png\" \/><\/a><\/div>\n<div align=\"center\" class=\"MsoNormal\" style=\"margin-bottom: .0001pt; margin: 0cm; tab-stops: 35.4pt; text-align: center;\">\n<b><\/b><\/div>\n<div align=\"center\" class=\"MsoNormal\" style=\"margin-bottom: .0001pt; margin: 0cm; tab-stops: 35.4pt; text-align: center;\">\n<b>St.<br \/>\nAnsgar menighet<\/b><b><\/b><\/div>\n<div align=\"center\" class=\"MsoNormal\" style=\"margin-bottom: .0001pt; margin: 0cm; tab-stops: 35.4pt; text-align: center;\">\n<\/div>\n<div align=\"left\" class=\"MsoNormalCxSpMiddle\" style=\"text-align: left;\">\n<\/div>\n<div class=\"MsoNormalCxSpMiddle\">\n<\/div>\n<div class=\"MsoNormalCxSpMiddle\">\n<\/div>\n<div class=\"MsoNormalCxSpMiddle\">\n<b style=\"mso-bidi-font-weight: normal;\">Tirsdag 07\/11&nbsp;&nbsp;&nbsp;&nbsp;&nbsp;<br \/>\n<\/b>kl. 18:00&nbsp;&nbsp;&nbsp; Messe <\/div>\n<div class=\"MsoNormalCxSpMiddle\">\n<i style=\"mso-bidi-font-style: normal;\">&nbsp;&nbsp;&nbsp;&nbsp;&nbsp;&nbsp;&nbsp;&nbsp; <\/i>&nbsp;<i style=\"mso-bidi-font-style: normal;\">&nbsp; &nbsp; &nbsp; &nbsp; &nbsp; &nbsp; &nbsp; &nbsp; &nbsp; &nbsp; &nbsp; &nbsp; &nbsp; &nbsp; &nbsp; &nbsp; &nbsp; &nbsp; &nbsp;&nbsp;etterfulgt<br \/>\nav <\/i><i style=\"mso-bidi-font-style: normal;\">sakramentstilbedelse<br \/>\n<\/i><\/div>\n<div class=\"MsoNormalCxSpMiddle\">\n<\/div>\n<div class=\"MsoNormalCxSpMiddle\">\n<b style=\"mso-bidi-font-weight: normal;\">Onsdag 08\/11&nbsp;&nbsp;&nbsp;&nbsp;&nbsp; <\/b>kl.<b style=\"mso-bidi-font-weight: normal;\"> <\/b>18:00&nbsp;&nbsp;&nbsp;&nbsp; Messe<\/div>\n<div class=\"MsoNormalCxSpMiddle\">\n<\/div>\n<div class=\"MsoNormalCxSpMiddle\">\n<b style=\"mso-bidi-font-weight: normal;\">Torsdag 09\/11<\/b> &nbsp;&nbsp;&nbsp; kl.<br \/>\n11:00&nbsp;&nbsp;&nbsp;&nbsp; Formiddagsmesse<\/div>\n<div class=\"MsoNormalCxSpMiddle\">\n<i style=\"mso-bidi-font-style: normal;\">&nbsp; &nbsp; &nbsp; &nbsp; &nbsp; &nbsp; &nbsp; &nbsp; &nbsp; &nbsp; &nbsp; &nbsp; &nbsp; &nbsp; &nbsp; &nbsp; &nbsp; &nbsp; &nbsp; &nbsp; &nbsp; &nbsp; &nbsp; &nbsp;felles<br \/>\nlunsj etter messen<\/i><\/div>\n<div class=\"MsoNormalCxSpMiddle\">\n&nbsp; &nbsp; &nbsp; &nbsp; &nbsp; &nbsp; &nbsp; &nbsp; &nbsp; &nbsp; &nbsp; &nbsp; &nbsp; &nbsp;&nbsp;kl. 18:00&nbsp; &nbsp; &nbsp;Messe<b style=\"mso-bidi-font-weight: normal;\"><i style=\"mso-bidi-font-style: normal;\"><\/i><\/b><\/div>\n<div class=\"MsoNormalCxSpMiddle\">\n<\/div>\n<div class=\"MsoNormalCxSpMiddle\">\n<b style=\"mso-bidi-font-weight: normal;\">Fredag<br \/>\n10\/11<\/b> &nbsp;&nbsp;&nbsp;&nbsp;&nbsp; kl. 17:00 &nbsp;&nbsp;&nbsp; Anledning til skriftem\u00e5l <\/div>\n<div class=\"MsoNormalCxSpMiddle\">\n&nbsp;&nbsp;&nbsp;&nbsp;&nbsp;&nbsp;&nbsp;&nbsp; &nbsp;&nbsp; &nbsp; &nbsp; &nbsp; &nbsp; &nbsp; &nbsp; &nbsp; &nbsp; &nbsp;kl.<br \/>\n18:00&nbsp;&nbsp;&nbsp;&nbsp; Messe<\/div>\n<div class=\"MsoNormalCxSpMiddle\">\n&nbsp;&nbsp;&nbsp;&nbsp;&nbsp;&nbsp;&nbsp;&nbsp;&nbsp;&nbsp;&nbsp;&nbsp;&nbsp;&nbsp;&nbsp;&nbsp;&nbsp;&nbsp;&nbsp;&nbsp;&nbsp;&nbsp;&nbsp;&nbsp;&nbsp;&nbsp;&nbsp;&nbsp;&nbsp;&nbsp;&nbsp;&nbsp;&nbsp;&nbsp;&nbsp;&nbsp;&nbsp;&nbsp;&nbsp;&nbsp;&nbsp;&nbsp;&nbsp; &nbsp;&nbsp;&nbsp;&nbsp;&nbsp;&nbsp;&nbsp;&nbsp; &nbsp;<\/div>\n<div class=\"MsoNormalCxSpMiddle\">\n<b style=\"mso-bidi-font-weight: normal;\">L\u00f8rdag 11\/11<\/b>&nbsp;&nbsp;&nbsp;&nbsp;&nbsp;&nbsp; kl.<br \/>\n13:00&nbsp;&nbsp;&nbsp;&nbsp; Katekesemesse &nbsp;<\/div>\n<div class=\"MsoNormalCxSpMiddle\">\n&nbsp; &nbsp; &nbsp; &nbsp; &nbsp; &nbsp; &nbsp; &nbsp; &nbsp; &nbsp; &nbsp; &nbsp; &nbsp; &nbsp; &nbsp;kl.<br \/>\n18:00&nbsp;&nbsp;&nbsp;&nbsp; Messe p\u00e5 <i style=\"mso-bidi-font-style: normal;\">polsk<\/i> &nbsp;<\/div>\n<div class=\"MsoNormalCxSpMiddle\">\n&nbsp;&nbsp;&nbsp;&nbsp;&nbsp;&nbsp;&nbsp;&nbsp;&nbsp;&nbsp;&nbsp;&nbsp;&nbsp;&nbsp;&nbsp;&nbsp;&nbsp;&nbsp;&nbsp;&nbsp;&nbsp;&nbsp;&nbsp;&nbsp;&nbsp; <\/div>\n<div class=\"MsoNormalCxSpMiddle\">\n<b style=\"mso-bidi-font-weight: normal;\">S\u00f8ndag 12\/11<\/b>&nbsp;&nbsp;&nbsp;&nbsp;&nbsp; kl.<br \/>\n09:15&nbsp;&nbsp;&nbsp;&nbsp; Messe p\u00e5 <i style=\"mso-bidi-font-style: normal;\">polsk<\/i> &nbsp;<\/div>\n<div class=\"MsoNormalCxSpMiddle\">\n<i style=\"mso-bidi-font-style: normal;\">&nbsp;&nbsp;&nbsp;&nbsp;&nbsp;&nbsp;&nbsp;&nbsp;&nbsp;&nbsp;&nbsp; <\/i>&nbsp; &nbsp; &nbsp; &nbsp; &nbsp; &nbsp; &nbsp; &nbsp; &nbsp; &nbsp;kl.<br \/>\n11:00&nbsp;&nbsp;&nbsp;&nbsp; H\u00f8ymesse &nbsp;<\/div>\n<div class=\"MsoNormalCxSpMiddle\">\n&nbsp; &nbsp; &nbsp; &nbsp; &nbsp; &nbsp; &nbsp; &nbsp; &nbsp; &nbsp; &nbsp; &nbsp; &nbsp; &nbsp;&nbsp;kl. 13:00&nbsp;&nbsp;&nbsp;&nbsp; Messe p\u00e5 <i style=\"mso-bidi-font-style: normal;\">vietnamesisk<\/i> &nbsp; &nbsp;&nbsp;&nbsp;&nbsp;&nbsp;&nbsp;&nbsp;&nbsp; <\/div>\n<div class=\"MsoNormalCxSpMiddle\">\n<\/div>\n<div class=\"MsoNormalCxSpMiddle\">\n<b style=\"mso-bidi-font-weight: normal;\"><i style=\"mso-bidi-font-style: normal;\">&nbsp;&nbsp;&nbsp;&nbsp;&nbsp;&nbsp;&nbsp;&nbsp;&nbsp;&nbsp;&nbsp;&nbsp;&nbsp;&nbsp;&nbsp;&nbsp;&nbsp; <\/i><\/b><b style=\"mso-bidi-font-weight: normal;\"><i style=\"mso-bidi-font-style: normal;\">\u00ae<\/i><\/b><b style=\"mso-bidi-font-weight: normal;\"><i style=\"mso-bidi-font-style: normal;\"> &nbsp;&nbsp;&nbsp; kl. 09:00 Messe p\u00e5 polsk i<br \/>\nStella Maris kapell (Mandal)<\/i><\/b><\/div>\n<div class=\"MsoNormalCxSpMiddle\">\n<\/div>\n<div class=\"MsoNormalCxSpMiddle\">\n<b style=\"mso-bidi-font-weight: normal;\">+<\/b><b style=\"mso-bidi-font-weight: normal;\"> <u>Andre<br \/>\nkunngj\u00f8ringer<\/u>:<\/b><\/div>\n<div class=\"MsoNormalCxSpMiddle\">\n<\/div>\n<div class=\"MsoNormalCxSpMiddle\">\n* Bilder<br \/>\nfra <b style=\"mso-bidi-font-weight: normal;\">konfirmasjonsmesse<\/b> 02\/09 i<br \/>\nUSB-minnepinne er n\u00e5 tilgjengelig og kan hentes i sakristiet etter messene.<\/div>\n<div class=\"MsoNormalCxSpMiddle\">\n* &laquo;Alle<br \/>\ni aldersgruppen 18-35 \u00e5r inviteres til m\u00f8te i <b style=\"mso-bidi-font-weight: normal;\">Unge voksne gruppen<\/b> i kveld s\u00f8ndag 05\/11 kl. 18:00 i Kiga. Det blir<br \/>\nfelles m\u00e5ltid samt sosialt samv\u00e6r. Vi vil ogs\u00e5 bes\u00f8ke kirkeg\u00e5rden for \u00e5 tenne<br \/>\nlys p\u00e5 menighetens prestegraver. Vel m\u00f8tt!&raquo;<b style=\"mso-bidi-font-weight: normal;\"><\/b><\/div>\n<div class=\"MsoNormalCxSpMiddle\">\n* L\u00f8rdag<br \/>\n11\/11 er det igjen <b style=\"mso-bidi-font-weight: normal;\">katekese<\/b> for barn<br \/>\nog unge i menigheten. Klassetrinnene 1.-4. har undervisning kl.10:00-14:00.<br \/>\nKlassetrinnene 5.-9. har katekese kl. 13:00-17:00. <i style=\"mso-bidi-font-style: normal;\">Husk katekesemesse kl. 13:00!<\/i> <b style=\"mso-bidi-font-weight: normal;\"><\/b><\/div>\n<div class=\"MsoNormalCxSpMiddle\">\n<\/div>\n<div align=\"center\" class=\"MsoNormalCxSpMiddle\" style=\"text-align: center;\">\n<b style=\"mso-bidi-font-weight: normal;\"><i style=\"mso-bidi-font-style: normal;\">Alle er hjertelig velkommen til kirkekaffe!<\/i><\/b><\/div>\n<p><\/p>\n<div align=\"center\" class=\"MsoNormalCxSpMiddle\" style=\"text-align: center;\">\n<b style=\"mso-bidi-font-weight: normal;\">\u00d8nsker<br \/>\ndere en riktig god s\u00f8ndag!<\/b><\/div>\n","protected":false},"excerpt":{"rendered":"<p>St. Ansgar menighet Tirsdag 07\/11&nbsp;&nbsp;&nbsp;&nbsp;&nbsp; kl. 18:00&nbsp;&nbsp;&nbsp; Messe &nbsp;&nbsp;&nbsp;&nbsp;&nbsp;&nbsp;&nbsp;&nbsp; &nbsp;&nbsp; &nbsp; &nbsp; &nbsp; &nbsp; &nbsp; &nbsp; &nbsp; &nbsp; &nbsp; &nbsp; &nbsp; &nbsp; &nbsp; &nbsp; &nbsp; &nbsp; &nbsp; &nbsp;&nbsp;etterfulgt av sakramentstilbedelse Onsdag 08\/11&nbsp;&nbsp;&nbsp;&nbsp;&nbsp; kl. 18:00&nbsp;&nbsp;&nbsp;&nbsp; Messe Torsdag 09\/11 &nbsp;&nbsp;&nbsp; kl. 11:00&nbsp;&nbsp;&nbsp;&nbsp;&#8230;<br \/><a class=\"read-more-button\" href=\"https:\/\/stansgar.katolsk.no\/?p=165\">Read more<\/a><\/p>\n","protected":false},"author":3,"featured_media":1715,"comment_status":"open","ping_status":"open","sticky":false,"template":"","format":"standard","meta":{"footnotes":""},"categories":[1],"tags":[3],"class_list":["post-165","post","type-post","status-publish","format-standard","has-post-thumbnail","hentry","category-ukategorisert","tag-kunngjoringer"],"_links":{"self":[{"href":"https:\/\/stansgar.katolsk.no\/index.php?rest_route=\/wp\/v2\/posts\/165","targetHints":{"allow":["GET"]}}],"collection":[{"href":"https:\/\/stansgar.katolsk.no\/index.php?rest_route=\/wp\/v2\/posts"}],"about":[{"href":"https:\/\/stansgar.katolsk.no\/index.php?rest_route=\/wp\/v2\/types\/post"}],"author":[{"embeddable":true,"href":"https:\/\/stansgar.katolsk.no\/index.php?rest_route=\/wp\/v2\/users\/3"}],"replies":[{"embeddable":true,"href":"https:\/\/stansgar.katolsk.no\/index.php?rest_route=%2Fwp%2Fv2%2Fcomments&post=165"}],"version-history":[{"count":1,"href":"https:\/\/stansgar.katolsk.no\/index.php?rest_route=\/wp\/v2\/posts\/165\/revisions"}],"predecessor-version":[{"id":1716,"href":"https:\/\/stansgar.katolsk.no\/index.php?rest_route=\/wp\/v2\/posts\/165\/revisions\/1716"}],"wp:featuredmedia":[{"embeddable":true,"href":"https:\/\/stansgar.katolsk.no\/index.php?rest_route=\/wp\/v2\/media\/1715"}],"wp:attachment":[{"href":"https:\/\/stansgar.katolsk.no\/index.php?rest_route=%2Fwp%2Fv2%2Fmedia&parent=165"}],"wp:term":[{"taxonomy":"category","embeddable":true,"href":"https:\/\/stansgar.katolsk.no\/index.php?rest_route=%2Fwp%2Fv2%2Fcategories&post=165"},{"taxonomy":"post_tag","embeddable":true,"href":"https:\/\/stansgar.katolsk.no\/index.php?rest_route=%2Fwp%2Fv2%2Ftags&post=165"}],"curies":[{"name":"wp","href":"https:\/\/api.w.org\/{rel}","templated":true}]}}